{"id":5474,"date":"2025-04-30T15:29:48","date_gmt":"2025-04-30T13:29:48","guid":{"rendered":"https:\/\/www.salvemsabadia.com\/?p=5474"},"modified":"2025-04-30T15:33:30","modified_gmt":"2025-04-30T13:33:30","slug":"un-atasco-en-la-red-de-alcantarillado-de-sant-antoni-provoca-un-vertido-de-aguas-fecales-en-calo-des-moro-y-la-playa-permanece-abierta","status":"publish","type":"post","link":"https:\/\/www.salvemsabadia.com\/es\/un-atasco-en-la-red-de-alcantarillado-de-sant-antoni-provoca-un-vertido-de-aguas-fecales-en-calo-des-moro-y-la-playa-permanece-abierta\/","title":{"rendered":"Un atasco en la red de alcantarillado de Sant Antoni provoca un vertido de aguas fecales en Cal\u00f3 des Moro y la playa permanece abierta"},"content":{"rendered":"<div id=\"attachment_5475\" style=\"width: 1410px\" class=\"wp-caption alignnone\"><img loading=\"lazy\" decoding=\"async\" aria-describedby=\"caption-attachment-5475\" class=\"size-full wp-image-5475\" src=\"https:\/\/www.salvemsabadia.com\/wp-content\/uploads\/2025\/04\/vertido-calo\u0301-des-moro-1jpg.jpg\" alt=\"\" width=\"1400\" height=\"933\" srcset=\"https:\/\/www.salvemsabadia.com\/wp-content\/uploads\/2025\/04\/vertido-calo\u0301-des-moro-1jpg.jpg 1400w, https:\/\/www.salvemsabadia.com\/wp-content\/uploads\/2025\/04\/vertido-calo\u0301-des-moro-1jpg-300x200.jpg 300w, https:\/\/www.salvemsabadia.com\/wp-content\/uploads\/2025\/04\/vertido-calo\u0301-des-moro-1jpg-1024x682.jpg 1024w, https:\/\/www.salvemsabadia.com\/wp-content\/uploads\/2025\/04\/vertido-calo\u0301-des-moro-1jpg-768x512.jpg 768w, https:\/\/www.salvemsabadia.com\/wp-content\/uploads\/2025\/04\/vertido-calo\u0301-des-moro-1jpg-900x600.jpg 900w\" sizes=\"auto, (max-width: 1400px) 100vw, 1400px\" \/><p id=\"caption-attachment-5475\" class=\"wp-caption-text\">La zona afectada por el vertido aparece se\u00f1alada en verde. A la derecha, toallitas en la zona donde se produjo, junto a la orilla de Cal\u00f3 des Moro<\/p><\/div>\n<p>Los episodios de vertidos de aguas fecales no cesan en la bah\u00eda de Portmany y, lo que es a\u00fan m\u00e1s grave, no provocan ni tan siquiera el cierre de las zonas de ba\u00f1o, a pesar de que la isla ya se encuentra inmersa en plena temporada tur\u00edstica. Tras el vertido hace veinte d\u00edas en Punta Xinx\u00f3, ahora ha ocurrido lo mismo en Cal\u00f3 des Moro, donde ayer tuvo lugar otro incidente que provoc\u00f3 la huida de algunos ba\u00f1istas, sin que los socorristas o los servicios municipales intervinieran cerrando la playa. El suceso deber\u00eda forzar una revisi\u00f3n de los protocolos que se aplican en estos casos.<\/p>\n<p>Salvem sa Badia recibi\u00f3 un v\u00eddeo de un vecino, a las 15 horas de ayer, en el que puede verse c\u00f3mo una riada de heces se precipita al mar, a pocos metros de la orilla de Cal\u00f3 des Moro, a trav\u00e9s de tres tuber\u00edas de la red de pluviales que bajan por la calle de la Soledat y pasan por debajo del paseo mar\u00edtimo que existe en esta zona de ses Variades, para acabar desembocando sobre las rocas y de ah\u00ed al agua. En la grabaci\u00f3n incluso puede verse c\u00f3mo los sorprendidos turistas que tomaban el sol en este tramo recogen r\u00e1pidamente toallas y enseres, nada m\u00e1s percatarse de que el agua que corre a su lado procede de las alcantarillas.<\/p>\n<p><iframe loading=\"lazy\" title=\"Aig\u00fces del clavegueram a Cal\u00f3 des Moro \/ Aguas del alcantarillado en Cal\u00f3 de Moro\" width=\"1080\" height=\"608\" src=\"https:\/\/www.youtube.com\/embed\/s4E2GO8IAAE?feature=oembed\" frameborder=\"0\" allow=\"accelerometer; autoplay; clipboard-write; encrypted-media; gyroscope; picture-in-picture; web-share\" referrerpolicy=\"strict-origin-when-cross-origin\" allowfullscreen><\/iframe><\/p>\n<p>Tras tener constancia de esta denuncia, Salvem sa Badia se person\u00f3 en la zona a las 16,30 horas, encontrando un cami\u00f3n de limpieza que aplicaba agua e hipoclorito de sodio (lej\u00eda) sobre un amplio tramo sucio en la confluencia entre las calles de la Soledat y de Isidor Macabich. La causa del vertido, al parecer, fue un atasco en la red de alcantarillado, que provoc\u00f3 que las aguas fecales brotaran y salieran al exterior. Al producirse el colapso, \u00e9stas bajaron por la calle de la Soledat hacia la costa, col\u00e1ndose en la red de pluviales a trav\u00e9s de una rejilla que existe al final de esta v\u00eda y desembocando en el mar. A continuaci\u00f3n, se comprob\u00f3 que la orilla a\u00fan se encontraba muy sucia y que la zona de rocas estaba repleta de toallitas, compresas y restos de heces.<\/p>\n<div id=\"attachment_5477\" style=\"width: 1410px\" class=\"wp-caption alignnone\"><img loading=\"lazy\" decoding=\"async\" aria-describedby=\"caption-attachment-5477\" class=\"wp-image-5477 size-full\" src=\"https:\/\/www.salvemsabadia.com\/wp-content\/uploads\/2025\/04\/vertido-calo\u0301-des-moro-2jpg.jpg\" alt=\"\" width=\"1400\" height=\"933\" srcset=\"https:\/\/www.salvemsabadia.com\/wp-content\/uploads\/2025\/04\/vertido-calo\u0301-des-moro-2jpg.jpg 1400w, https:\/\/www.salvemsabadia.com\/wp-content\/uploads\/2025\/04\/vertido-calo\u0301-des-moro-2jpg-300x200.jpg 300w, https:\/\/www.salvemsabadia.com\/wp-content\/uploads\/2025\/04\/vertido-calo\u0301-des-moro-2jpg-1024x682.jpg 1024w, https:\/\/www.salvemsabadia.com\/wp-content\/uploads\/2025\/04\/vertido-calo\u0301-des-moro-2jpg-768x512.jpg 768w, https:\/\/www.salvemsabadia.com\/wp-content\/uploads\/2025\/04\/vertido-calo\u0301-des-moro-2jpg-900x600.jpg 900w\" sizes=\"auto, (max-width: 1400px) 100vw, 1400px\" \/><p id=\"caption-attachment-5477\" class=\"wp-caption-text\">Las tres tuber\u00edas de pluviales por donde sali\u00f3 el agua sucia. En la zona quedaron compresas, heces&#8230;<\/p><\/div>\n<p>A las 17 horas, asimismo, Salvem sa Badia pudo comprobar c\u00f3mo los socorristas, que fueron alertados de la situaci\u00f3n unos minutos antes, terminaban su jornada laboral sin que ni ellos ni nadie del Ayuntamiento alertara a los ba\u00f1istas que a\u00fan quedaban en la zona o precintaran la zona de ba\u00f1o, evitando as\u00ed riesgos sanitarios. Cuando se produce un episodio de contaminaci\u00f3n en el mar, el Ayuntamiento, por protocolo, realiza an\u00e1lisis. Esperamos que los resultados se den a conocer p\u00fablicamente en los pr\u00f3ximos d\u00edas. Salvem sa Badia, en todo caso, s\u00ed tom\u00f3 muestras de agua de mar en la zona afectada, que someter\u00e1 a an\u00e1lisis para determinar los niveles de contaminaci\u00f3n.<\/p>\n<div id=\"attachment_5479\" style=\"width: 1410px\" class=\"wp-caption alignnone\"><img loading=\"lazy\" decoding=\"async\" aria-describedby=\"caption-attachment-5479\" class=\"wp-image-5479 size-full\" src=\"https:\/\/www.salvemsabadia.com\/wp-content\/uploads\/2025\/04\/vertido-calo\u0301-des-moro-3jpg.jpg\" alt=\"\" width=\"1400\" height=\"933\" srcset=\"https:\/\/www.salvemsabadia.com\/wp-content\/uploads\/2025\/04\/vertido-calo\u0301-des-moro-3jpg.jpg 1400w, https:\/\/www.salvemsabadia.com\/wp-content\/uploads\/2025\/04\/vertido-calo\u0301-des-moro-3jpg-300x200.jpg 300w, https:\/\/www.salvemsabadia.com\/wp-content\/uploads\/2025\/04\/vertido-calo\u0301-des-moro-3jpg-1024x682.jpg 1024w, https:\/\/www.salvemsabadia.com\/wp-content\/uploads\/2025\/04\/vertido-calo\u0301-des-moro-3jpg-768x512.jpg 768w, https:\/\/www.salvemsabadia.com\/wp-content\/uploads\/2025\/04\/vertido-calo\u0301-des-moro-3jpg-900x600.jpg 900w\" sizes=\"auto, (max-width: 1400px) 100vw, 1400px\" \/><p id=\"caption-attachment-5479\" class=\"wp-caption-text\">La red de alcantarillado se atasco en la confluencia de las calles de la Soledat y de Isidor Macabich<\/p><\/div>\n<p>El suceso constituye el en\u00e9simo episodio de vertidos de aguas fecales en la bah\u00eda y cabe insistir en la necesidad de revisar los protocolos de actuaci\u00f3n no s\u00f3lo para evitar al m\u00e1ximo la filtraci\u00f3n de agua contaminada al mar por todos los medios posibles, sino tambi\u00e9n para proteger a los ba\u00f1istas y evitar que enfermen a causa de las bacterias presentes en estos focos. En este caso, adem\u00e1s, resulta evidente que se produjo un fallo de protocolo y de intercambio de informaci\u00f3n entre quienes gestionan las incidencias en las calles y aquellos que lo hacen en la zona costera. Dicha cuesti\u00f3n, por tanto, deber\u00eda revisarse y mejorarse.<\/p>\n","protected":false},"excerpt":{"rendered":"<p>Los episodios de vertidos de aguas fecales no cesan en la bah\u00eda de Portmany y, lo que es a\u00fan m\u00e1s grave, no provocan ni tan siquiera el cierre de las&#8230;<\/p>\n","protected":false},"author":2,"featured_media":5475,"comment_status":"closed","ping_status":"closed","sticky":false,"template":"","format":"standard","meta":{"give_campaign_id":0,"footnotes":""},"categories":[203,106,212,10],"tags":[],"class_list":{"0":"post-5474","1":"post","2":"type-post","3":"status-publish","4":"format-standard","5":"has-post-thumbnail","7":"category-calidad-del-agua","8":"category-destacado","9":"category-playas","10":"category-salvem-sa-badia"},"yoast_head":"<!-- This site is optimized with the Yoast SEO plugin v26.8 - https:\/\/yoast.com\/product\/yoast-seo-wordpress\/ -->\n<title>Un atasco en la red de alcantarillado de Sant Antoni provoca un vertido de aguas fecales en Cal\u00f3 des Moro y la playa permanece abierta - Salvem Sa Badia de Portmany<\/title>\n<meta name=\"robots\" content=\"index, follow, max-snippet:-1, max-image-preview:large, max-video-preview:-1\" \/>\n<link rel=\"canonical\" href=\"https:\/\/www.salvemsabadia.com\/un-embus-a-la-xarxa-de-clavegueram-de-sant-antoni-provoca-un-abocament-daigues-fecals-a-calo-des-moro-i-la-platja-roman-oberta\/\" \/>\n<meta property=\"og:locale\" content=\"es_ES\" \/>\n<meta property=\"og:type\" content=\"article\" \/>\n<meta property=\"og:title\" content=\"Un atasco en la red de alcantarillado de Sant Antoni provoca un vertido de aguas fecales en Cal\u00f3 des Moro y la playa permanece abierta - Salvem Sa Badia de Portmany\" \/>\n<meta property=\"og:description\" content=\"Los episodios de vertidos de aguas fecales no cesan en la bah\u00eda de Portmany y, lo que es a\u00fan m\u00e1s grave, no provocan ni tan siquiera el cierre de las...\" \/>\n<meta property=\"og:url\" content=\"https:\/\/www.salvemsabadia.com\/un-embus-a-la-xarxa-de-clavegueram-de-sant-antoni-provoca-un-abocament-daigues-fecals-a-calo-des-moro-i-la-platja-roman-oberta\/\" \/>\n<meta property=\"og:site_name\" content=\"Salvem Sa Badia de Portmany\" \/>\n<meta property=\"article:published_time\" content=\"2025-04-30T13:29:48+00:00\" \/>\n<meta property=\"article:modified_time\" content=\"2025-04-30T13:33:30+00:00\" \/>\n<meta property=\"og:image\" content=\"https:\/\/www.salvemsabadia.com\/wp-content\/uploads\/2025\/04\/vertido-calo\u0301-des-moro-1jpg.jpg\" \/>\n\t<meta property=\"og:image:width\" content=\"1400\" \/>\n\t<meta property=\"og:image:height\" content=\"933\" \/>\n\t<meta property=\"og:image:type\" content=\"image\/jpeg\" \/>\n<meta name=\"author\" content=\"Salvem sa Badia\" \/>\n<meta name=\"twitter:card\" content=\"summary_large_image\" \/>\n<meta name=\"twitter:label1\" content=\"Escrito por\" \/>\n\t<meta name=\"twitter:data1\" content=\"Salvem sa Badia\" \/>\n\t<meta name=\"twitter:label2\" content=\"Tiempo de lectura\" \/>\n\t<meta name=\"twitter:data2\" content=\"4 minutos\" \/>\n<script type=\"application\/ld+json\" class=\"yoast-schema-graph\">{\"@context\":\"https:\/\/schema.org\",\"@graph\":[{\"@type\":\"Article\",\"@id\":\"https:\/\/www.salvemsabadia.com\/un-embus-a-la-xarxa-de-clavegueram-de-sant-antoni-provoca-un-abocament-daigues-fecals-a-calo-des-moro-i-la-platja-roman-oberta\/#article\",\"isPartOf\":{\"@id\":\"https:\/\/www.salvemsabadia.com\/un-embus-a-la-xarxa-de-clavegueram-de-sant-antoni-provoca-un-abocament-daigues-fecals-a-calo-des-moro-i-la-platja-roman-oberta\/\"},\"author\":{\"name\":\"Salvem sa Badia\",\"@id\":\"https:\/\/www.salvemsabadia.com\/#\/schema\/person\/5d08c5118adcb4140d13bde4826ba122\"},\"headline\":\"Un atasco en la red de alcantarillado de Sant Antoni provoca un vertido de aguas fecales en Cal\u00f3 des Moro y la playa permanece abierta\",\"datePublished\":\"2025-04-30T13:29:48+00:00\",\"dateModified\":\"2025-04-30T13:33:30+00:00\",\"mainEntityOfPage\":{\"@id\":\"https:\/\/www.salvemsabadia.com\/un-embus-a-la-xarxa-de-clavegueram-de-sant-antoni-provoca-un-abocament-daigues-fecals-a-calo-des-moro-i-la-platja-roman-oberta\/\"},\"wordCount\":750,\"publisher\":{\"@id\":\"https:\/\/www.salvemsabadia.com\/#organization\"},\"image\":{\"@id\":\"https:\/\/www.salvemsabadia.com\/un-embus-a-la-xarxa-de-clavegueram-de-sant-antoni-provoca-un-abocament-daigues-fecals-a-calo-des-moro-i-la-platja-roman-oberta\/#primaryimage\"},\"thumbnailUrl\":\"https:\/\/www.salvemsabadia.com\/wp-content\/uploads\/2025\/04\/vertido-calo\u0301-des-moro-1jpg.jpg\",\"articleSection\":[\"Calidad del agua\",\"Destacado\",\"Playas\",\"Salvem Sa Badia\"],\"inLanguage\":\"es\"},{\"@type\":\"WebPage\",\"@id\":\"https:\/\/www.salvemsabadia.com\/un-embus-a-la-xarxa-de-clavegueram-de-sant-antoni-provoca-un-abocament-daigues-fecals-a-calo-des-moro-i-la-platja-roman-oberta\/\",\"url\":\"https:\/\/www.salvemsabadia.com\/un-embus-a-la-xarxa-de-clavegueram-de-sant-antoni-provoca-un-abocament-daigues-fecals-a-calo-des-moro-i-la-platja-roman-oberta\/\",\"name\":\"Un atasco en la red de alcantarillado de Sant Antoni provoca un vertido de aguas fecales en Cal\u00f3 des Moro y la playa permanece abierta - Salvem Sa Badia de Portmany\",\"isPartOf\":{\"@id\":\"https:\/\/www.salvemsabadia.com\/#website\"},\"primaryImageOfPage\":{\"@id\":\"https:\/\/www.salvemsabadia.com\/un-embus-a-la-xarxa-de-clavegueram-de-sant-antoni-provoca-un-abocament-daigues-fecals-a-calo-des-moro-i-la-platja-roman-oberta\/#primaryimage\"},\"image\":{\"@id\":\"https:\/\/www.salvemsabadia.com\/un-embus-a-la-xarxa-de-clavegueram-de-sant-antoni-provoca-un-abocament-daigues-fecals-a-calo-des-moro-i-la-platja-roman-oberta\/#primaryimage\"},\"thumbnailUrl\":\"https:\/\/www.salvemsabadia.com\/wp-content\/uploads\/2025\/04\/vertido-calo\u0301-des-moro-1jpg.jpg\",\"datePublished\":\"2025-04-30T13:29:48+00:00\",\"dateModified\":\"2025-04-30T13:33:30+00:00\",\"breadcrumb\":{\"@id\":\"https:\/\/www.salvemsabadia.com\/un-embus-a-la-xarxa-de-clavegueram-de-sant-antoni-provoca-un-abocament-daigues-fecals-a-calo-des-moro-i-la-platja-roman-oberta\/#breadcrumb\"},\"inLanguage\":\"es\",\"potentialAction\":[{\"@type\":\"ReadAction\",\"target\":[\"https:\/\/www.salvemsabadia.com\/un-embus-a-la-xarxa-de-clavegueram-de-sant-antoni-provoca-un-abocament-daigues-fecals-a-calo-des-moro-i-la-platja-roman-oberta\/\"]}]},{\"@type\":\"ImageObject\",\"inLanguage\":\"es\",\"@id\":\"https:\/\/www.salvemsabadia.com\/un-embus-a-la-xarxa-de-clavegueram-de-sant-antoni-provoca-un-abocament-daigues-fecals-a-calo-des-moro-i-la-platja-roman-oberta\/#primaryimage\",\"url\":\"https:\/\/www.salvemsabadia.com\/wp-content\/uploads\/2025\/04\/vertido-calo\u0301-des-moro-1jpg.jpg\",\"contentUrl\":\"https:\/\/www.salvemsabadia.com\/wp-content\/uploads\/2025\/04\/vertido-calo\u0301-des-moro-1jpg.jpg\",\"width\":1400,\"height\":933,\"caption\":\"La zona afectada por el vertido aparece se\u00f1alada en verde. A la derecha, toallitas en la zona donde se produjo, junto a la orilla de Cal\u00f3 des Moro\"},{\"@type\":\"BreadcrumbList\",\"@id\":\"https:\/\/www.salvemsabadia.com\/un-embus-a-la-xarxa-de-clavegueram-de-sant-antoni-provoca-un-abocament-daigues-fecals-a-calo-des-moro-i-la-platja-roman-oberta\/#breadcrumb\",\"itemListElement\":[{\"@type\":\"ListItem\",\"position\":1,\"name\":\"Portada\",\"item\":\"https:\/\/www.salvemsabadia.com\/es\/\"},{\"@type\":\"ListItem\",\"position\":2,\"name\":\"Un atasco en la red de alcantarillado de Sant Antoni provoca un vertido de aguas fecales en Cal\u00f3 des Moro y la playa permanece abierta\"}]},{\"@type\":\"WebSite\",\"@id\":\"https:\/\/www.salvemsabadia.com\/#website\",\"url\":\"https:\/\/www.salvemsabadia.com\/\",\"name\":\"Salvem Sa Badia de Portmany\",\"description\":\"\",\"publisher\":{\"@id\":\"https:\/\/www.salvemsabadia.com\/#organization\"},\"potentialAction\":[{\"@type\":\"SearchAction\",\"target\":{\"@type\":\"EntryPoint\",\"urlTemplate\":\"https:\/\/www.salvemsabadia.com\/?s={search_term_string}\"},\"query-input\":{\"@type\":\"PropertyValueSpecification\",\"valueRequired\":true,\"valueName\":\"search_term_string\"}}],\"inLanguage\":\"es\"},{\"@type\":\"Organization\",\"@id\":\"https:\/\/www.salvemsabadia.com\/#organization\",\"name\":\"Salvem Sa Badia de Portmany\",\"url\":\"https:\/\/www.salvemsabadia.com\/\",\"logo\":{\"@type\":\"ImageObject\",\"inLanguage\":\"es\",\"@id\":\"https:\/\/www.salvemsabadia.com\/#\/schema\/logo\/image\/\",\"url\":\"https:\/\/www.salvemsabadia.com\/wp-content\/uploads\/2020\/03\/logo.png\",\"contentUrl\":\"https:\/\/www.salvemsabadia.com\/wp-content\/uploads\/2020\/03\/logo.png\",\"width\":188,\"height\":151,\"caption\":\"Salvem Sa Badia de Portmany\"},\"image\":{\"@id\":\"https:\/\/www.salvemsabadia.com\/#\/schema\/logo\/image\/\"}},{\"@type\":\"Person\",\"@id\":\"https:\/\/www.salvemsabadia.com\/#\/schema\/person\/5d08c5118adcb4140d13bde4826ba122\",\"name\":\"Salvem sa Badia\",\"image\":{\"@type\":\"ImageObject\",\"inLanguage\":\"es\",\"@id\":\"https:\/\/www.salvemsabadia.com\/#\/schema\/person\/image\/\",\"url\":\"https:\/\/secure.gravatar.com\/avatar\/d569ee5739a9c7022470ea472c9b4b9cf476e15f1be71e5242c911d673d14ad9?s=96&d=mm&r=g\",\"contentUrl\":\"https:\/\/secure.gravatar.com\/avatar\/d569ee5739a9c7022470ea472c9b4b9cf476e15f1be71e5242c911d673d14ad9?s=96&d=mm&r=g\",\"caption\":\"Salvem sa Badia\"}}]}<\/script>\n<!-- \/ Yoast SEO plugin. -->","yoast_head_json":{"title":"Un atasco en la red de alcantarillado de Sant Antoni provoca un vertido de aguas fecales en Cal\u00f3 des Moro y la playa permanece abierta - Salvem Sa Badia de Portmany","robots":{"index":"index","follow":"follow","max-snippet":"max-snippet:-1","max-image-preview":"max-image-preview:large","max-video-preview":"max-video-preview:-1"},"canonical":"https:\/\/www.salvemsabadia.com\/un-embus-a-la-xarxa-de-clavegueram-de-sant-antoni-provoca-un-abocament-daigues-fecals-a-calo-des-moro-i-la-platja-roman-oberta\/","og_locale":"es_ES","og_type":"article","og_title":"Un atasco en la red de alcantarillado de Sant Antoni provoca un vertido de aguas fecales en Cal\u00f3 des Moro y la playa permanece abierta - Salvem Sa Badia de Portmany","og_description":"Los episodios de vertidos de aguas fecales no cesan en la bah\u00eda de Portmany y, lo que es a\u00fan m\u00e1s grave, no provocan ni tan siquiera el cierre de las...","og_url":"https:\/\/www.salvemsabadia.com\/un-embus-a-la-xarxa-de-clavegueram-de-sant-antoni-provoca-un-abocament-daigues-fecals-a-calo-des-moro-i-la-platja-roman-oberta\/","og_site_name":"Salvem Sa Badia de Portmany","article_published_time":"2025-04-30T13:29:48+00:00","article_modified_time":"2025-04-30T13:33:30+00:00","og_image":[{"width":1400,"height":933,"url":"https:\/\/www.salvemsabadia.com\/wp-content\/uploads\/2025\/04\/vertido-calo\u0301-des-moro-1jpg.jpg","type":"image\/jpeg"}],"author":"Salvem sa Badia","twitter_card":"summary_large_image","twitter_misc":{"Escrito por":"Salvem sa Badia","Tiempo de lectura":"4 minutos"},"schema":{"@context":"https:\/\/schema.org","@graph":[{"@type":"Article","@id":"https:\/\/www.salvemsabadia.com\/un-embus-a-la-xarxa-de-clavegueram-de-sant-antoni-provoca-un-abocament-daigues-fecals-a-calo-des-moro-i-la-platja-roman-oberta\/#article","isPartOf":{"@id":"https:\/\/www.salvemsabadia.com\/un-embus-a-la-xarxa-de-clavegueram-de-sant-antoni-provoca-un-abocament-daigues-fecals-a-calo-des-moro-i-la-platja-roman-oberta\/"},"author":{"name":"Salvem sa Badia","@id":"https:\/\/www.salvemsabadia.com\/#\/schema\/person\/5d08c5118adcb4140d13bde4826ba122"},"headline":"Un atasco en la red de alcantarillado de Sant Antoni provoca un vertido de aguas fecales en Cal\u00f3 des Moro y la playa permanece abierta","datePublished":"2025-04-30T13:29:48+00:00","dateModified":"2025-04-30T13:33:30+00:00","mainEntityOfPage":{"@id":"https:\/\/www.salvemsabadia.com\/un-embus-a-la-xarxa-de-clavegueram-de-sant-antoni-provoca-un-abocament-daigues-fecals-a-calo-des-moro-i-la-platja-roman-oberta\/"},"wordCount":750,"publisher":{"@id":"https:\/\/www.salvemsabadia.com\/#organization"},"image":{"@id":"https:\/\/www.salvemsabadia.com\/un-embus-a-la-xarxa-de-clavegueram-de-sant-antoni-provoca-un-abocament-daigues-fecals-a-calo-des-moro-i-la-platja-roman-oberta\/#primaryimage"},"thumbnailUrl":"https:\/\/www.salvemsabadia.com\/wp-content\/uploads\/2025\/04\/vertido-calo\u0301-des-moro-1jpg.jpg","articleSection":["Calidad del agua","Destacado","Playas","Salvem Sa Badia"],"inLanguage":"es"},{"@type":"WebPage","@id":"https:\/\/www.salvemsabadia.com\/un-embus-a-la-xarxa-de-clavegueram-de-sant-antoni-provoca-un-abocament-daigues-fecals-a-calo-des-moro-i-la-platja-roman-oberta\/","url":"https:\/\/www.salvemsabadia.com\/un-embus-a-la-xarxa-de-clavegueram-de-sant-antoni-provoca-un-abocament-daigues-fecals-a-calo-des-moro-i-la-platja-roman-oberta\/","name":"Un atasco en la red de alcantarillado de Sant Antoni provoca un vertido de aguas fecales en Cal\u00f3 des Moro y la playa permanece abierta - Salvem Sa Badia de Portmany","isPartOf":{"@id":"https:\/\/www.salvemsabadia.com\/#website"},"primaryImageOfPage":{"@id":"https:\/\/www.salvemsabadia.com\/un-embus-a-la-xarxa-de-clavegueram-de-sant-antoni-provoca-un-abocament-daigues-fecals-a-calo-des-moro-i-la-platja-roman-oberta\/#primaryimage"},"image":{"@id":"https:\/\/www.salvemsabadia.com\/un-embus-a-la-xarxa-de-clavegueram-de-sant-antoni-provoca-un-abocament-daigues-fecals-a-calo-des-moro-i-la-platja-roman-oberta\/#primaryimage"},"thumbnailUrl":"https:\/\/www.salvemsabadia.com\/wp-content\/uploads\/2025\/04\/vertido-calo\u0301-des-moro-1jpg.jpg","datePublished":"2025-04-30T13:29:48+00:00","dateModified":"2025-04-30T13:33:30+00:00","breadcrumb":{"@id":"https:\/\/www.salvemsabadia.com\/un-embus-a-la-xarxa-de-clavegueram-de-sant-antoni-provoca-un-abocament-daigues-fecals-a-calo-des-moro-i-la-platja-roman-oberta\/#breadcrumb"},"inLanguage":"es","potentialAction":[{"@type":"ReadAction","target":["https:\/\/www.salvemsabadia.com\/un-embus-a-la-xarxa-de-clavegueram-de-sant-antoni-provoca-un-abocament-daigues-fecals-a-calo-des-moro-i-la-platja-roman-oberta\/"]}]},{"@type":"ImageObject","inLanguage":"es","@id":"https:\/\/www.salvemsabadia.com\/un-embus-a-la-xarxa-de-clavegueram-de-sant-antoni-provoca-un-abocament-daigues-fecals-a-calo-des-moro-i-la-platja-roman-oberta\/#primaryimage","url":"https:\/\/www.salvemsabadia.com\/wp-content\/uploads\/2025\/04\/vertido-calo\u0301-des-moro-1jpg.jpg","contentUrl":"https:\/\/www.salvemsabadia.com\/wp-content\/uploads\/2025\/04\/vertido-calo\u0301-des-moro-1jpg.jpg","width":1400,"height":933,"caption":"La zona afectada por el vertido aparece se\u00f1alada en verde. A la derecha, toallitas en la zona donde se produjo, junto a la orilla de Cal\u00f3 des Moro"},{"@type":"BreadcrumbList","@id":"https:\/\/www.salvemsabadia.com\/un-embus-a-la-xarxa-de-clavegueram-de-sant-antoni-provoca-un-abocament-daigues-fecals-a-calo-des-moro-i-la-platja-roman-oberta\/#breadcrumb","itemListElement":[{"@type":"ListItem","position":1,"name":"Portada","item":"https:\/\/www.salvemsabadia.com\/es\/"},{"@type":"ListItem","position":2,"name":"Un atasco en la red de alcantarillado de Sant Antoni provoca un vertido de aguas fecales en Cal\u00f3 des Moro y la playa permanece abierta"}]},{"@type":"WebSite","@id":"https:\/\/www.salvemsabadia.com\/#website","url":"https:\/\/www.salvemsabadia.com\/","name":"Salvem Sa Badia de Portmany","description":"","publisher":{"@id":"https:\/\/www.salvemsabadia.com\/#organization"},"potentialAction":[{"@type":"SearchAction","target":{"@type":"EntryPoint","urlTemplate":"https:\/\/www.salvemsabadia.com\/?s={search_term_string}"},"query-input":{"@type":"PropertyValueSpecification","valueRequired":true,"valueName":"search_term_string"}}],"inLanguage":"es"},{"@type":"Organization","@id":"https:\/\/www.salvemsabadia.com\/#organization","name":"Salvem Sa Badia de Portmany","url":"https:\/\/www.salvemsabadia.com\/","logo":{"@type":"ImageObject","inLanguage":"es","@id":"https:\/\/www.salvemsabadia.com\/#\/schema\/logo\/image\/","url":"https:\/\/www.salvemsabadia.com\/wp-content\/uploads\/2020\/03\/logo.png","contentUrl":"https:\/\/www.salvemsabadia.com\/wp-content\/uploads\/2020\/03\/logo.png","width":188,"height":151,"caption":"Salvem Sa Badia de Portmany"},"image":{"@id":"https:\/\/www.salvemsabadia.com\/#\/schema\/logo\/image\/"}},{"@type":"Person","@id":"https:\/\/www.salvemsabadia.com\/#\/schema\/person\/5d08c5118adcb4140d13bde4826ba122","name":"Salvem sa Badia","image":{"@type":"ImageObject","inLanguage":"es","@id":"https:\/\/www.salvemsabadia.com\/#\/schema\/person\/image\/","url":"https:\/\/secure.gravatar.com\/avatar\/d569ee5739a9c7022470ea472c9b4b9cf476e15f1be71e5242c911d673d14ad9?s=96&d=mm&r=g","contentUrl":"https:\/\/secure.gravatar.com\/avatar\/d569ee5739a9c7022470ea472c9b4b9cf476e15f1be71e5242c911d673d14ad9?s=96&d=mm&r=g","caption":"Salvem sa Badia"}}]}},"_links":{"self":[{"href":"https:\/\/www.salvemsabadia.com\/es\/wp-json\/wp\/v2\/posts\/5474","targetHints":{"allow":["GET"]}}],"collection":[{"href":"https:\/\/www.salvemsabadia.com\/es\/wp-json\/wp\/v2\/posts"}],"about":[{"href":"https:\/\/www.salvemsabadia.com\/es\/wp-json\/wp\/v2\/types\/post"}],"author":[{"embeddable":true,"href":"https:\/\/www.salvemsabadia.com\/es\/wp-json\/wp\/v2\/users\/2"}],"replies":[{"embeddable":true,"href":"https:\/\/www.salvemsabadia.com\/es\/wp-json\/wp\/v2\/comments?post=5474"}],"version-history":[{"count":0,"href":"https:\/\/www.salvemsabadia.com\/es\/wp-json\/wp\/v2\/posts\/5474\/revisions"}],"wp:featuredmedia":[{"embeddable":true,"href":"https:\/\/www.salvemsabadia.com\/es\/wp-json\/wp\/v2\/media\/5475"}],"wp:attachment":[{"href":"https:\/\/www.salvemsabadia.com\/es\/wp-json\/wp\/v2\/media?parent=5474"}],"wp:term":[{"taxonomy":"category","embeddable":true,"href":"https:\/\/www.salvemsabadia.com\/es\/wp-json\/wp\/v2\/categories?post=5474"},{"taxonomy":"post_tag","embeddable":true,"href":"https:\/\/www.salvemsabadia.com\/es\/wp-json\/wp\/v2\/tags?post=5474"}],"curies":[{"name":"wp","href":"https:\/\/api.w.org\/{rel}","templated":true}]}}