{"id":5489,"date":"2025-04-15T13:20:31","date_gmt":"2025-04-15T11:20:31","guid":{"rendered":"https:\/\/www.salvemsabadia.com\/?p=5489"},"modified":"2025-05-02T13:22:11","modified_gmt":"2025-05-02T11:22:11","slug":"salvem-sa-badia-en-la-fiesta-cultural-del-ceip-sant-antoni-dedicada-al-agua-limpia-y-el-saneamiento","status":"publish","type":"post","link":"https:\/\/www.salvemsabadia.com\/es\/salvem-sa-badia-en-la-fiesta-cultural-del-ceip-sant-antoni-dedicada-al-agua-limpia-y-el-saneamiento\/","title":{"rendered":"Salvem Sa Badia, en la fiesta cultural del CEIP Sant Antoni dedicada al agua limpia y el saneamiento"},"content":{"rendered":"<p><img loading=\"lazy\" decoding=\"async\" class=\"alignnone size-full wp-image-5490\" src=\"https:\/\/www.salvemsabadia.com\/wp-content\/uploads\/2025\/05\/WhatsApp-Image-2-2025-04-11-at-21.25.33.jpeg\" alt=\"\" width=\"2000\" height=\"1500\" srcset=\"https:\/\/www.salvemsabadia.com\/wp-content\/uploads\/2025\/05\/WhatsApp-Image-2-2025-04-11-at-21.25.33.jpeg 2000w, https:\/\/www.salvemsabadia.com\/wp-content\/uploads\/2025\/05\/WhatsApp-Image-2-2025-04-11-at-21.25.33-300x225.jpeg 300w, https:\/\/www.salvemsabadia.com\/wp-content\/uploads\/2025\/05\/WhatsApp-Image-2-2025-04-11-at-21.25.33-1024x768.jpeg 1024w, https:\/\/www.salvemsabadia.com\/wp-content\/uploads\/2025\/05\/WhatsApp-Image-2-2025-04-11-at-21.25.33-768x576.jpeg 768w, https:\/\/www.salvemsabadia.com\/wp-content\/uploads\/2025\/05\/WhatsApp-Image-2-2025-04-11-at-21.25.33-1536x1152.jpeg 1536w\" sizes=\"auto, (max-width: 2000px) 100vw, 2000px\" \/>El pasado viernes por la tarde se celebr\u00f3 la Fiesta Cultural del CEIP Sant Antoni, con talleres, gastronom\u00eda, juegos, danza y mucho m\u00e1s. La tem\u00e1tica era \u201cagua limpia y saneamiento\u201d y el centro de ense\u00f1anza qued\u00f3 ambientado como era antiguamente la isla, de forma que los escolares pudiesen descubrir, por ejemplo, c\u00f3mo gestionaban el agua potable sus abuelos y, ya de paso, conocer la situaci\u00f3n actual de las reservas h\u00eddricas.<\/p>\n<p>El evento, impulsado por el propio colegio y el Ayuntamiento de Sant Antoni de Portmany, cont\u00f3 tambi\u00e9n con la participaci\u00f3n de Salvem sa Badia, con un puesto al que asistieron el presidente del colectivo, Francisco Tienda, el vocal Pep\u00edn Vald\u00e9s y la coordinadora L\u00e9a Leuzinger. Durante el evento se distribuyeron pegatinas, se vendieron camisetas y se captaron socios nuevos, adem\u00e1s de informar de la labor que se desarrolla desde la Asociaci\u00f3n.<\/p>\n","protected":false},"excerpt":{"rendered":"<p>El pasado viernes por la tarde se celebr\u00f3 la Fiesta Cultural del CEIP Sant Antoni, con talleres, gastronom\u00eda, juegos, danza y mucho m\u00e1s. La tem\u00e1tica era \u201cagua limpia y saneamiento\u201d&#8230;<\/p>\n","protected":false},"author":2,"featured_media":5490,"comment_status":"closed","ping_status":"closed","sticky":false,"template":"","format":"standard","meta":{"give_campaign_id":0,"footnotes":""},"categories":[203,106,206,10],"tags":[],"class_list":{"0":"post-5489","1":"post","2":"type-post","3":"status-publish","4":"format-standard","5":"has-post-thumbnail","7":"category-calidad-del-agua","8":"category-destacado","9":"category-educacion","10":"category-salvem-sa-badia"},"yoast_head":"<!-- This site is optimized with the Yoast SEO plugin v26.8 - https:\/\/yoast.com\/product\/yoast-seo-wordpress\/ -->\n<title>Salvem Sa Badia, en la fiesta cultural del CEIP Sant Antoni dedicada al agua limpia y el saneamiento - Salvem Sa Badia de Portmany<\/title>\n<meta name=\"robots\" content=\"index, follow, max-snippet:-1, max-image-preview:large, max-video-preview:-1\" \/>\n<link rel=\"canonical\" href=\"https:\/\/www.salvemsabadia.com\/salvem-sa-badia-a-la-festa-cultural-del-ceip-sant-antoni-dedicada-a-laigua-neta-i-el-sanejament\/\" \/>\n<meta property=\"og:locale\" content=\"es_ES\" \/>\n<meta property=\"og:type\" content=\"article\" \/>\n<meta property=\"og:title\" content=\"Salvem Sa Badia, en la fiesta cultural del CEIP Sant Antoni dedicada al agua limpia y el saneamiento - Salvem Sa Badia de Portmany\" \/>\n<meta property=\"og:description\" content=\"El pasado viernes por la tarde se celebr\u00f3 la Fiesta Cultural del CEIP Sant Antoni, con talleres, gastronom\u00eda, juegos, danza y mucho m\u00e1s. La tem\u00e1tica era \u201cagua limpia y saneamiento\u201d...\" \/>\n<meta property=\"og:url\" content=\"https:\/\/www.salvemsabadia.com\/salvem-sa-badia-a-la-festa-cultural-del-ceip-sant-antoni-dedicada-a-laigua-neta-i-el-sanejament\/\" \/>\n<meta property=\"og:site_name\" content=\"Salvem Sa Badia de Portmany\" \/>\n<meta property=\"article:published_time\" content=\"2025-04-15T11:20:31+00:00\" \/>\n<meta property=\"article:modified_time\" content=\"2025-05-02T11:22:11+00:00\" \/>\n<meta property=\"og:image\" content=\"https:\/\/www.salvemsabadia.com\/wp-content\/uploads\/2025\/05\/WhatsApp-Image-2-2025-04-11-at-21.25.33.jpeg\" \/>\n\t<meta property=\"og:image:width\" content=\"2000\" \/>\n\t<meta property=\"og:image:height\" content=\"1500\" \/>\n\t<meta property=\"og:image:type\" content=\"image\/jpeg\" \/>\n<meta name=\"author\" content=\"Salvem sa Badia\" \/>\n<meta name=\"twitter:card\" content=\"summary_large_image\" \/>\n<meta name=\"twitter:label1\" content=\"Escrito por\" \/>\n\t<meta name=\"twitter:data1\" content=\"Salvem sa Badia\" \/>\n\t<meta name=\"twitter:label2\" content=\"Tiempo de lectura\" \/>\n\t<meta name=\"twitter:data2\" content=\"1 minuto\" \/>\n<script type=\"application\/ld+json\" class=\"yoast-schema-graph\">{\"@context\":\"https:\/\/schema.org\",\"@graph\":[{\"@type\":\"Article\",\"@id\":\"https:\/\/www.salvemsabadia.com\/salvem-sa-badia-a-la-festa-cultural-del-ceip-sant-antoni-dedicada-a-laigua-neta-i-el-sanejament\/#article\",\"isPartOf\":{\"@id\":\"https:\/\/www.salvemsabadia.com\/salvem-sa-badia-a-la-festa-cultural-del-ceip-sant-antoni-dedicada-a-laigua-neta-i-el-sanejament\/\"},\"author\":{\"name\":\"Salvem sa Badia\",\"@id\":\"https:\/\/www.salvemsabadia.com\/#\/schema\/person\/5d08c5118adcb4140d13bde4826ba122\"},\"headline\":\"Salvem Sa Badia, en la fiesta cultural del CEIP Sant Antoni dedicada al agua limpia y el saneamiento\",\"datePublished\":\"2025-04-15T11:20:31+00:00\",\"dateModified\":\"2025-05-02T11:22:11+00:00\",\"mainEntityOfPage\":{\"@id\":\"https:\/\/www.salvemsabadia.com\/salvem-sa-badia-a-la-festa-cultural-del-ceip-sant-antoni-dedicada-a-laigua-neta-i-el-sanejament\/\"},\"wordCount\":173,\"publisher\":{\"@id\":\"https:\/\/www.salvemsabadia.com\/#organization\"},\"image\":{\"@id\":\"https:\/\/www.salvemsabadia.com\/salvem-sa-badia-a-la-festa-cultural-del-ceip-sant-antoni-dedicada-a-laigua-neta-i-el-sanejament\/#primaryimage\"},\"thumbnailUrl\":\"https:\/\/www.salvemsabadia.com\/wp-content\/uploads\/2025\/05\/WhatsApp-Image-2-2025-04-11-at-21.25.33.jpeg\",\"articleSection\":[\"Calidad del agua\",\"Destacado\",\"Educaci\u00f3n\",\"Salvem Sa Badia\"],\"inLanguage\":\"es\"},{\"@type\":\"WebPage\",\"@id\":\"https:\/\/www.salvemsabadia.com\/salvem-sa-badia-a-la-festa-cultural-del-ceip-sant-antoni-dedicada-a-laigua-neta-i-el-sanejament\/\",\"url\":\"https:\/\/www.salvemsabadia.com\/salvem-sa-badia-a-la-festa-cultural-del-ceip-sant-antoni-dedicada-a-laigua-neta-i-el-sanejament\/\",\"name\":\"Salvem Sa Badia, en la fiesta cultural del CEIP Sant Antoni dedicada al agua limpia y el saneamiento - Salvem Sa Badia de Portmany\",\"isPartOf\":{\"@id\":\"https:\/\/www.salvemsabadia.com\/#website\"},\"primaryImageOfPage\":{\"@id\":\"https:\/\/www.salvemsabadia.com\/salvem-sa-badia-a-la-festa-cultural-del-ceip-sant-antoni-dedicada-a-laigua-neta-i-el-sanejament\/#primaryimage\"},\"image\":{\"@id\":\"https:\/\/www.salvemsabadia.com\/salvem-sa-badia-a-la-festa-cultural-del-ceip-sant-antoni-dedicada-a-laigua-neta-i-el-sanejament\/#primaryimage\"},\"thumbnailUrl\":\"https:\/\/www.salvemsabadia.com\/wp-content\/uploads\/2025\/05\/WhatsApp-Image-2-2025-04-11-at-21.25.33.jpeg\",\"datePublished\":\"2025-04-15T11:20:31+00:00\",\"dateModified\":\"2025-05-02T11:22:11+00:00\",\"breadcrumb\":{\"@id\":\"https:\/\/www.salvemsabadia.com\/salvem-sa-badia-a-la-festa-cultural-del-ceip-sant-antoni-dedicada-a-laigua-neta-i-el-sanejament\/#breadcrumb\"},\"inLanguage\":\"es\",\"potentialAction\":[{\"@type\":\"ReadAction\",\"target\":[\"https:\/\/www.salvemsabadia.com\/salvem-sa-badia-a-la-festa-cultural-del-ceip-sant-antoni-dedicada-a-laigua-neta-i-el-sanejament\/\"]}]},{\"@type\":\"ImageObject\",\"inLanguage\":\"es\",\"@id\":\"https:\/\/www.salvemsabadia.com\/salvem-sa-badia-a-la-festa-cultural-del-ceip-sant-antoni-dedicada-a-laigua-neta-i-el-sanejament\/#primaryimage\",\"url\":\"https:\/\/www.salvemsabadia.com\/wp-content\/uploads\/2025\/05\/WhatsApp-Image-2-2025-04-11-at-21.25.33.jpeg\",\"contentUrl\":\"https:\/\/www.salvemsabadia.com\/wp-content\/uploads\/2025\/05\/WhatsApp-Image-2-2025-04-11-at-21.25.33.jpeg\",\"width\":2000,\"height\":1500},{\"@type\":\"BreadcrumbList\",\"@id\":\"https:\/\/www.salvemsabadia.com\/salvem-sa-badia-a-la-festa-cultural-del-ceip-sant-antoni-dedicada-a-laigua-neta-i-el-sanejament\/#breadcrumb\",\"itemListElement\":[{\"@type\":\"ListItem\",\"position\":1,\"name\":\"Portada\",\"item\":\"https:\/\/www.salvemsabadia.com\/es\/\"},{\"@type\":\"ListItem\",\"position\":2,\"name\":\"Salvem Sa Badia, en la fiesta cultural del CEIP Sant Antoni dedicada al agua limpia y el saneamiento\"}]},{\"@type\":\"WebSite\",\"@id\":\"https:\/\/www.salvemsabadia.com\/#website\",\"url\":\"https:\/\/www.salvemsabadia.com\/\",\"name\":\"Salvem Sa Badia de Portmany\",\"description\":\"\",\"publisher\":{\"@id\":\"https:\/\/www.salvemsabadia.com\/#organization\"},\"potentialAction\":[{\"@type\":\"SearchAction\",\"target\":{\"@type\":\"EntryPoint\",\"urlTemplate\":\"https:\/\/www.salvemsabadia.com\/?s={search_term_string}\"},\"query-input\":{\"@type\":\"PropertyValueSpecification\",\"valueRequired\":true,\"valueName\":\"search_term_string\"}}],\"inLanguage\":\"es\"},{\"@type\":\"Organization\",\"@id\":\"https:\/\/www.salvemsabadia.com\/#organization\",\"name\":\"Salvem Sa Badia de Portmany\",\"url\":\"https:\/\/www.salvemsabadia.com\/\",\"logo\":{\"@type\":\"ImageObject\",\"inLanguage\":\"es\",\"@id\":\"https:\/\/www.salvemsabadia.com\/#\/schema\/logo\/image\/\",\"url\":\"https:\/\/www.salvemsabadia.com\/wp-content\/uploads\/2020\/03\/logo.png\",\"contentUrl\":\"https:\/\/www.salvemsabadia.com\/wp-content\/uploads\/2020\/03\/logo.png\",\"width\":188,\"height\":151,\"caption\":\"Salvem Sa Badia de Portmany\"},\"image\":{\"@id\":\"https:\/\/www.salvemsabadia.com\/#\/schema\/logo\/image\/\"}},{\"@type\":\"Person\",\"@id\":\"https:\/\/www.salvemsabadia.com\/#\/schema\/person\/5d08c5118adcb4140d13bde4826ba122\",\"name\":\"Salvem sa Badia\",\"image\":{\"@type\":\"ImageObject\",\"inLanguage\":\"es\",\"@id\":\"https:\/\/www.salvemsabadia.com\/#\/schema\/person\/image\/\",\"url\":\"https:\/\/secure.gravatar.com\/avatar\/d569ee5739a9c7022470ea472c9b4b9cf476e15f1be71e5242c911d673d14ad9?s=96&d=mm&r=g\",\"contentUrl\":\"https:\/\/secure.gravatar.com\/avatar\/d569ee5739a9c7022470ea472c9b4b9cf476e15f1be71e5242c911d673d14ad9?s=96&d=mm&r=g\",\"caption\":\"Salvem sa Badia\"}}]}<\/script>\n<!-- \/ Yoast SEO plugin. -->","yoast_head_json":{"title":"Salvem Sa Badia, en la fiesta cultural del CEIP Sant Antoni dedicada al agua limpia y el saneamiento - Salvem Sa Badia de Portmany","robots":{"index":"index","follow":"follow","max-snippet":"max-snippet:-1","max-image-preview":"max-image-preview:large","max-video-preview":"max-video-preview:-1"},"canonical":"https:\/\/www.salvemsabadia.com\/salvem-sa-badia-a-la-festa-cultural-del-ceip-sant-antoni-dedicada-a-laigua-neta-i-el-sanejament\/","og_locale":"es_ES","og_type":"article","og_title":"Salvem Sa Badia, en la fiesta cultural del CEIP Sant Antoni dedicada al agua limpia y el saneamiento - Salvem Sa Badia de Portmany","og_description":"El pasado viernes por la tarde se celebr\u00f3 la Fiesta Cultural del CEIP Sant Antoni, con talleres, gastronom\u00eda, juegos, danza y mucho m\u00e1s. La tem\u00e1tica era \u201cagua limpia y saneamiento\u201d...","og_url":"https:\/\/www.salvemsabadia.com\/salvem-sa-badia-a-la-festa-cultural-del-ceip-sant-antoni-dedicada-a-laigua-neta-i-el-sanejament\/","og_site_name":"Salvem Sa Badia de Portmany","article_published_time":"2025-04-15T11:20:31+00:00","article_modified_time":"2025-05-02T11:22:11+00:00","og_image":[{"width":2000,"height":1500,"url":"https:\/\/www.salvemsabadia.com\/wp-content\/uploads\/2025\/05\/WhatsApp-Image-2-2025-04-11-at-21.25.33.jpeg","type":"image\/jpeg"}],"author":"Salvem sa Badia","twitter_card":"summary_large_image","twitter_misc":{"Escrito por":"Salvem sa Badia","Tiempo de lectura":"1 minuto"},"schema":{"@context":"https:\/\/schema.org","@graph":[{"@type":"Article","@id":"https:\/\/www.salvemsabadia.com\/salvem-sa-badia-a-la-festa-cultural-del-ceip-sant-antoni-dedicada-a-laigua-neta-i-el-sanejament\/#article","isPartOf":{"@id":"https:\/\/www.salvemsabadia.com\/salvem-sa-badia-a-la-festa-cultural-del-ceip-sant-antoni-dedicada-a-laigua-neta-i-el-sanejament\/"},"author":{"name":"Salvem sa Badia","@id":"https:\/\/www.salvemsabadia.com\/#\/schema\/person\/5d08c5118adcb4140d13bde4826ba122"},"headline":"Salvem Sa Badia, en la fiesta cultural del CEIP Sant Antoni dedicada al agua limpia y el saneamiento","datePublished":"2025-04-15T11:20:31+00:00","dateModified":"2025-05-02T11:22:11+00:00","mainEntityOfPage":{"@id":"https:\/\/www.salvemsabadia.com\/salvem-sa-badia-a-la-festa-cultural-del-ceip-sant-antoni-dedicada-a-laigua-neta-i-el-sanejament\/"},"wordCount":173,"publisher":{"@id":"https:\/\/www.salvemsabadia.com\/#organization"},"image":{"@id":"https:\/\/www.salvemsabadia.com\/salvem-sa-badia-a-la-festa-cultural-del-ceip-sant-antoni-dedicada-a-laigua-neta-i-el-sanejament\/#primaryimage"},"thumbnailUrl":"https:\/\/www.salvemsabadia.com\/wp-content\/uploads\/2025\/05\/WhatsApp-Image-2-2025-04-11-at-21.25.33.jpeg","articleSection":["Calidad del agua","Destacado","Educaci\u00f3n","Salvem Sa Badia"],"inLanguage":"es"},{"@type":"WebPage","@id":"https:\/\/www.salvemsabadia.com\/salvem-sa-badia-a-la-festa-cultural-del-ceip-sant-antoni-dedicada-a-laigua-neta-i-el-sanejament\/","url":"https:\/\/www.salvemsabadia.com\/salvem-sa-badia-a-la-festa-cultural-del-ceip-sant-antoni-dedicada-a-laigua-neta-i-el-sanejament\/","name":"Salvem Sa Badia, en la fiesta cultural del CEIP Sant Antoni dedicada al agua limpia y el saneamiento - Salvem Sa Badia de Portmany","isPartOf":{"@id":"https:\/\/www.salvemsabadia.com\/#website"},"primaryImageOfPage":{"@id":"https:\/\/www.salvemsabadia.com\/salvem-sa-badia-a-la-festa-cultural-del-ceip-sant-antoni-dedicada-a-laigua-neta-i-el-sanejament\/#primaryimage"},"image":{"@id":"https:\/\/www.salvemsabadia.com\/salvem-sa-badia-a-la-festa-cultural-del-ceip-sant-antoni-dedicada-a-laigua-neta-i-el-sanejament\/#primaryimage"},"thumbnailUrl":"https:\/\/www.salvemsabadia.com\/wp-content\/uploads\/2025\/05\/WhatsApp-Image-2-2025-04-11-at-21.25.33.jpeg","datePublished":"2025-04-15T11:20:31+00:00","dateModified":"2025-05-02T11:22:11+00:00","breadcrumb":{"@id":"https:\/\/www.salvemsabadia.com\/salvem-sa-badia-a-la-festa-cultural-del-ceip-sant-antoni-dedicada-a-laigua-neta-i-el-sanejament\/#breadcrumb"},"inLanguage":"es","potentialAction":[{"@type":"ReadAction","target":["https:\/\/www.salvemsabadia.com\/salvem-sa-badia-a-la-festa-cultural-del-ceip-sant-antoni-dedicada-a-laigua-neta-i-el-sanejament\/"]}]},{"@type":"ImageObject","inLanguage":"es","@id":"https:\/\/www.salvemsabadia.com\/salvem-sa-badia-a-la-festa-cultural-del-ceip-sant-antoni-dedicada-a-laigua-neta-i-el-sanejament\/#primaryimage","url":"https:\/\/www.salvemsabadia.com\/wp-content\/uploads\/2025\/05\/WhatsApp-Image-2-2025-04-11-at-21.25.33.jpeg","contentUrl":"https:\/\/www.salvemsabadia.com\/wp-content\/uploads\/2025\/05\/WhatsApp-Image-2-2025-04-11-at-21.25.33.jpeg","width":2000,"height":1500},{"@type":"BreadcrumbList","@id":"https:\/\/www.salvemsabadia.com\/salvem-sa-badia-a-la-festa-cultural-del-ceip-sant-antoni-dedicada-a-laigua-neta-i-el-sanejament\/#breadcrumb","itemListElement":[{"@type":"ListItem","position":1,"name":"Portada","item":"https:\/\/www.salvemsabadia.com\/es\/"},{"@type":"ListItem","position":2,"name":"Salvem Sa Badia, en la fiesta cultural del CEIP Sant Antoni dedicada al agua limpia y el saneamiento"}]},{"@type":"WebSite","@id":"https:\/\/www.salvemsabadia.com\/#website","url":"https:\/\/www.salvemsabadia.com\/","name":"Salvem Sa Badia de Portmany","description":"","publisher":{"@id":"https:\/\/www.salvemsabadia.com\/#organization"},"potentialAction":[{"@type":"SearchAction","target":{"@type":"EntryPoint","urlTemplate":"https:\/\/www.salvemsabadia.com\/?s={search_term_string}"},"query-input":{"@type":"PropertyValueSpecification","valueRequired":true,"valueName":"search_term_string"}}],"inLanguage":"es"},{"@type":"Organization","@id":"https:\/\/www.salvemsabadia.com\/#organization","name":"Salvem Sa Badia de Portmany","url":"https:\/\/www.salvemsabadia.com\/","logo":{"@type":"ImageObject","inLanguage":"es","@id":"https:\/\/www.salvemsabadia.com\/#\/schema\/logo\/image\/","url":"https:\/\/www.salvemsabadia.com\/wp-content\/uploads\/2020\/03\/logo.png","contentUrl":"https:\/\/www.salvemsabadia.com\/wp-content\/uploads\/2020\/03\/logo.png","width":188,"height":151,"caption":"Salvem Sa Badia de Portmany"},"image":{"@id":"https:\/\/www.salvemsabadia.com\/#\/schema\/logo\/image\/"}},{"@type":"Person","@id":"https:\/\/www.salvemsabadia.com\/#\/schema\/person\/5d08c5118adcb4140d13bde4826ba122","name":"Salvem sa Badia","image":{"@type":"ImageObject","inLanguage":"es","@id":"https:\/\/www.salvemsabadia.com\/#\/schema\/person\/image\/","url":"https:\/\/secure.gravatar.com\/avatar\/d569ee5739a9c7022470ea472c9b4b9cf476e15f1be71e5242c911d673d14ad9?s=96&d=mm&r=g","contentUrl":"https:\/\/secure.gravatar.com\/avatar\/d569ee5739a9c7022470ea472c9b4b9cf476e15f1be71e5242c911d673d14ad9?s=96&d=mm&r=g","caption":"Salvem sa Badia"}}]}},"_links":{"self":[{"href":"https:\/\/www.salvemsabadia.com\/es\/wp-json\/wp\/v2\/posts\/5489","targetHints":{"allow":["GET"]}}],"collection":[{"href":"https:\/\/www.salvemsabadia.com\/es\/wp-json\/wp\/v2\/posts"}],"about":[{"href":"https:\/\/www.salvemsabadia.com\/es\/wp-json\/wp\/v2\/types\/post"}],"author":[{"embeddable":true,"href":"https:\/\/www.salvemsabadia.com\/es\/wp-json\/wp\/v2\/users\/2"}],"replies":[{"embeddable":true,"href":"https:\/\/www.salvemsabadia.com\/es\/wp-json\/wp\/v2\/comments?post=5489"}],"version-history":[{"count":0,"href":"https:\/\/www.salvemsabadia.com\/es\/wp-json\/wp\/v2\/posts\/5489\/revisions"}],"wp:featuredmedia":[{"embeddable":true,"href":"https:\/\/www.salvemsabadia.com\/es\/wp-json\/wp\/v2\/media\/5490"}],"wp:attachment":[{"href":"https:\/\/www.salvemsabadia.com\/es\/wp-json\/wp\/v2\/media?parent=5489"}],"wp:term":[{"taxonomy":"category","embeddable":true,"href":"https:\/\/www.salvemsabadia.com\/es\/wp-json\/wp\/v2\/categories?post=5489"},{"taxonomy":"post_tag","embeddable":true,"href":"https:\/\/www.salvemsabadia.com\/es\/wp-json\/wp\/v2\/tags?post=5489"}],"curies":[{"name":"wp","href":"https:\/\/api.w.org\/{rel}","templated":true}]}}