{"id":5497,"date":"2025-05-08T15:13:44","date_gmt":"2025-05-08T13:13:44","guid":{"rendered":"https:\/\/www.salvemsabadia.com\/?p=5497"},"modified":"2025-05-08T15:13:44","modified_gmt":"2025-05-08T13:13:44","slug":"el-analisis-realizado-por-salvem-sa-badia-en-calo-des-moro-determina-que-el-agua-no-era-apta-para-el-bano-tras-el-episodio-de-contaminacion","status":"publish","type":"post","link":"https:\/\/www.salvemsabadia.com\/es\/el-analisis-realizado-por-salvem-sa-badia-en-calo-des-moro-determina-que-el-agua-no-era-apta-para-el-bano-tras-el-episodio-de-contaminacion\/","title":{"rendered":"El an\u00e1lisis realizado por Salvem sa Badia en Cal\u00f3 des Moro determina que el agua no era apta para el ba\u00f1o, tras el episodio de contaminaci\u00f3n"},"content":{"rendered":"<p><img loading=\"lazy\" decoding=\"async\" class=\"alignnone size-full wp-image-5498\" src=\"https:\/\/www.salvemsabadia.com\/wp-content\/uploads\/2025\/05\/lea-muestras.jpg\" alt=\"\" width=\"1159\" height=\"773\" srcset=\"https:\/\/www.salvemsabadia.com\/wp-content\/uploads\/2025\/05\/lea-muestras.jpg 1159w, https:\/\/www.salvemsabadia.com\/wp-content\/uploads\/2025\/05\/lea-muestras-300x200.jpg 300w, https:\/\/www.salvemsabadia.com\/wp-content\/uploads\/2025\/05\/lea-muestras-1024x683.jpg 1024w, https:\/\/www.salvemsabadia.com\/wp-content\/uploads\/2025\/05\/lea-muestras-768x512.jpg 768w, https:\/\/www.salvemsabadia.com\/wp-content\/uploads\/2025\/05\/lea-muestras-900x600.jpg 900w\" sizes=\"auto, (max-width: 1159px) 100vw, 1159px\" \/>El an\u00e1lisis de la muestra tomada por Salvem sa Badia el pasado 29 de abril en Cal\u00f3 des Moro, tras el <a href=\"https:\/\/www.salvemsabadia.com\/es\/un-atasco-en-la-red-de-alcantarillado-de-sant-antoni-provoca-un-vertido-de-aguas-fecales-en-calo-des-moro-y-la-playa-permanece-abierta\/\" target=\"_blank\" rel=\"noopener\">episodio de contaminaci\u00f3n<\/a> que se produjo en la orilla de esta playa por un vertido de aguas fecales, determina que el agua no era apta para el ba\u00f1o. Los resultados revelan que el agua de mar presentaba una concentraci\u00f3n de 738 unidades formadoras de colonias (u.f.c.) de enterococos intestinales en 100 mililitros, lo que supone cuatro veces el m\u00e1ximo permitido por la legislaci\u00f3n espa\u00f1ola (185 u.f.c. en 100 ml), para que las aguas costeras sean consideradas aptas para el ba\u00f1o.<\/p>\n<p>Los an\u00e1lisis encargados por Salvem sa Badia se realizaron sobre una muestra tomada m\u00e1s de dos horas despu\u00e9s de la riada de heces, que tuvo lugar sobre las 15 horas y que, tal y como demuestra un v\u00eddeo remitido por un vecino, acab\u00f3 cayendo al mar y provocando la marcha de varios turistas que tomaban el sol en la zona. Cuando Salvem sa Badia cogi\u00f3 la muestra, la red de pluviales ya no arrastraba el vertido, pero segu\u00eda habiendo charcos de heces en las rocas junto al mar, as\u00ed como toallitas y compresas, cuya concentraci\u00f3n, seg\u00fan admiti\u00f3 el propio Ayuntamiento de Sant Antoni, fue la causa del atasco que provoc\u00f3 el episodio de contaminaci\u00f3n, que adem\u00e1s gener\u00f3 una intensa pestilencia en los alrededores.<\/p>\n<p>Salvem sa Badia recibi\u00f3 los resultados de la anal\u00edtica ayer por la tarde, unas horas despu\u00e9s de que el Ayuntamiento de Sant Antoni emitiera una nota de prensa informando que los an\u00e1lisis encargados por ellos determinaban que no exist\u00eda contaminaci\u00f3n en la orilla de Cal\u00f3 des Moro. El consistorio, sin embargo, emiti\u00f3 una breve explicaci\u00f3n, sin hacer p\u00fablico dicho documento, por lo que se desconoce la fecha y la hora en que fue tomada la muestra y presentada en el laboratorio, as\u00ed como los resultados espec\u00edficos arrojados por la prueba. El documento de la anal\u00edtica encargada por Salvem sa Badia se reproduce al final de esta noticia, que tambi\u00e9n aparece ilustrada con una fotograf\u00eda del momento en que una persona del equipo de Salvem sa Badia recogi\u00f3 la muestra en la orilla de Cal\u00f3 des Moro.<\/p>\n<p>Es importante se\u00f1alar que los niveles m\u00e1ximos de concentraci\u00f3n de bacterias de origen fecal que puede tener el agua de ba\u00f1o est\u00e1n regulados por el \u201cReal Decreto 1341\/2007 de 11 de octubre sobre la gestio\u0301n de la calidad de las aguas de ban\u0303o\u201d, que en su d\u00eda impuls\u00f3 el Ministerio de la Presidencia. Esta norma jur\u00eddica no s\u00f3lo determina dichos niveles, sino que, en su p\u00e1gina 13, en el Anexo II, establece que \u201ccuando las aguas de ba\u00f1o est\u00e1n expuestas a contaminaci\u00f3n de corta duraci\u00f3n\u201d, como ser\u00eda el caso, tienen que adoptarse \u201cmedidas adecuadas de gesti\u00f3n, incluidas la vigilancia, sistemas de alerta r\u00e1pida y controles, para evitar la exposici\u00f3n de los ba\u00f1istas mediante una advertencia o, cuando sea necesario, una prohibici\u00f3n de ba\u00f1o\u201d.<\/p>\n<p>El protocolo, en consecuencia, impon\u00eda la necesidad de alertar a los ba\u00f1istas de lo sucedido para evitar que su salud pudiera resultar perjudicada. Sin embargo, seg\u00fan pudo comprobar in situ una persona de Salvem sa Badia, nadie avis\u00f3 a los socorristas del episodio de contaminaci\u00f3n, que supieron de lo ocurrido por nuestra asociaci\u00f3n, dos horas despu\u00e9s del suceso. \u00c9stos, a su vez, se marcharon al terminar su horario laboral, sin informar a los ba\u00f1istas que segu\u00edan en la orilla de Cal\u00f3 des Moro. Con independencia de cu\u00e1l hubiese sido el resultado de las anal\u00edticas, por pura prevenci\u00f3n sanitaria, desde el punto de vista de Salvem sa Badia se tendr\u00eda que haber evitado el ba\u00f1o en la playa, al menos durante unas horas.<\/p>\n<p>Los an\u00e1lisis efectuados por Salvem sa Badia, en todo caso, desmienten a la concejala de Medio Ambiente y Playas de Sant Antoni, que declar\u00f3 que el vertido s\u00f3lo hab\u00eda ca\u00eddo a las rocas y no hab\u00eda llegado al mar, llegando incluso a manifestar que \u201cni nos planteamos cerrar la playa\u201d, a pesar del riesgo sanitario que un episodio de estas caracter\u00edsticas supone para los ba\u00f1istas. La concejala tambi\u00e9n acus\u00f3 a Salvem sa Badia de generar \u201calarmismo\u201d y \u201cdifundir mensajes negativos que no nos hacen ning\u00fan bien\u201d.<\/p>\n<p>Muy al contrario, la pretensi\u00f3n de Salvem sa Badia es garantizar el ba\u00f1o seguro, velar por la salud de turistas y residentes, y trabajar con entidades e instituciones para lograr una mejor conservaci\u00f3n de las playas y los ecosistemas marinos, que constituyen no s\u00f3lo uno de los valores naturales m\u00e1s importantes que tenemos en nuestro entorno, sino tambi\u00e9n tur\u00edsticos y, en consecuencia, econ\u00f3micos. Por esta raz\u00f3n, consideramos que el consistorio debe revisar sus protocolos y actuar de manera diligente y equilibrada cuando se produzcan nuevos episodios de contaminaci\u00f3n en el futuro.<\/p>\n<p>Cabe recordar tambi\u00e9n que esta problem\u00e1tica no es exclusiva del Ayuntamiento de Sant Antoni, ya que la obsolescencia de la red sanitaria en la bah\u00eda de Portmany afecta muy especialmente a la zona de Cala de Bou, que pertenece al Ayuntamiento de Sant Josep, donde se producen constantes casos de vertidos.<\/p>\n<p><img loading=\"lazy\" decoding=\"async\" class=\"alignnone size-full wp-image-5500\" src=\"https:\/\/www.salvemsabadia.com\/wp-content\/uploads\/2025\/05\/Peticio\u0301n-72194-29-04-2025-47-AGUA-DE-BAN\u0303O-CALO-DES-MORO_page-0001.jpg\" alt=\"\" width=\"1240\" height=\"1754\" srcset=\"https:\/\/www.salvemsabadia.com\/wp-content\/uploads\/2025\/05\/Peticio\u0301n-72194-29-04-2025-47-AGUA-DE-BAN\u0303O-CALO-DES-MORO_page-0001.jpg 1240w, https:\/\/www.salvemsabadia.com\/wp-content\/uploads\/2025\/05\/Peticio\u0301n-72194-29-04-2025-47-AGUA-DE-BAN\u0303O-CALO-DES-MORO_page-0001-212x300.jpg 212w, https:\/\/www.salvemsabadia.com\/wp-content\/uploads\/2025\/05\/Peticio\u0301n-72194-29-04-2025-47-AGUA-DE-BAN\u0303O-CALO-DES-MORO_page-0001-724x1024.jpg 724w, https:\/\/www.salvemsabadia.com\/wp-content\/uploads\/2025\/05\/Peticio\u0301n-72194-29-04-2025-47-AGUA-DE-BAN\u0303O-CALO-DES-MORO_page-0001-768x1086.jpg 768w, https:\/\/www.salvemsabadia.com\/wp-content\/uploads\/2025\/05\/Peticio\u0301n-72194-29-04-2025-47-AGUA-DE-BAN\u0303O-CALO-DES-MORO_page-0001-1086x1536.jpg 1086w\" sizes=\"auto, (max-width: 1240px) 100vw, 1240px\" \/><\/p>\n","protected":false},"excerpt":{"rendered":"<p>El an\u00e1lisis de la muestra tomada por Salvem sa Badia el pasado 29 de abril en Cal\u00f3 des Moro, tras el episodio de contaminaci\u00f3n que se produjo en la orilla&#8230;<\/p>\n","protected":false},"author":2,"featured_media":5498,"comment_status":"closed","ping_status":"closed","sticky":false,"template":"","format":"standard","meta":{"give_campaign_id":0,"footnotes":""},"categories":[203,106,212,10],"tags":[],"class_list":{"0":"post-5497","1":"post","2":"type-post","3":"status-publish","4":"format-standard","5":"has-post-thumbnail","7":"category-calidad-del-agua","8":"category-destacado","9":"category-playas","10":"category-salvem-sa-badia"},"yoast_head":"<!-- This site is optimized with the Yoast SEO plugin v26.8 - https:\/\/yoast.com\/product\/yoast-seo-wordpress\/ -->\n<title>El an\u00e1lisis realizado por Salvem sa Badia en Cal\u00f3 des Moro determina que el agua no era apta para el ba\u00f1o, tras el episodio de contaminaci\u00f3n - Salvem Sa Badia de Portmany<\/title>\n<meta name=\"robots\" content=\"index, follow, max-snippet:-1, max-image-preview:large, max-video-preview:-1\" \/>\n<link rel=\"canonical\" href=\"https:\/\/www.salvemsabadia.com\/el-analisis-realizado-por-salvem-sa-badia-en-calo-des-moro-determina-que-el-agua-no-era-apta-para-el-bano-tras-el-episodio-de-contaminacion\/\" \/>\n<meta property=\"og:locale\" content=\"es_ES\" \/>\n<meta property=\"og:type\" content=\"article\" \/>\n<meta property=\"og:title\" content=\"El an\u00e1lisis realizado por Salvem sa Badia en Cal\u00f3 des Moro determina que el agua no era apta para el ba\u00f1o, tras el episodio de contaminaci\u00f3n - Salvem Sa Badia de Portmany\" \/>\n<meta property=\"og:description\" content=\"El an\u00e1lisis de la muestra tomada por Salvem sa Badia el pasado 29 de abril en Cal\u00f3 des Moro, tras el episodio de contaminaci\u00f3n que se produjo en la orilla...\" \/>\n<meta property=\"og:url\" content=\"https:\/\/www.salvemsabadia.com\/el-analisis-realizado-por-salvem-sa-badia-en-calo-des-moro-determina-que-el-agua-no-era-apta-para-el-bano-tras-el-episodio-de-contaminacion\/\" \/>\n<meta property=\"og:site_name\" content=\"Salvem Sa Badia de Portmany\" \/>\n<meta property=\"article:published_time\" content=\"2025-05-08T13:13:44+00:00\" \/>\n<meta property=\"og:image\" content=\"https:\/\/www.salvemsabadia.com\/wp-content\/uploads\/2025\/05\/lea-muestras.jpg\" \/>\n\t<meta property=\"og:image:width\" content=\"1159\" \/>\n\t<meta property=\"og:image:height\" content=\"773\" \/>\n\t<meta property=\"og:image:type\" content=\"image\/jpeg\" \/>\n<meta name=\"author\" content=\"Salvem sa Badia\" \/>\n<meta name=\"twitter:card\" content=\"summary_large_image\" \/>\n<meta name=\"twitter:label1\" content=\"Escrito por\" \/>\n\t<meta name=\"twitter:data1\" content=\"Salvem sa Badia\" \/>\n\t<meta name=\"twitter:label2\" content=\"Tiempo de lectura\" \/>\n\t<meta name=\"twitter:data2\" content=\"5 minutos\" \/>\n<script type=\"application\/ld+json\" class=\"yoast-schema-graph\">{\"@context\":\"https:\/\/schema.org\",\"@graph\":[{\"@type\":\"Article\",\"@id\":\"https:\/\/www.salvemsabadia.com\/el-analisis-realizado-por-salvem-sa-badia-en-calo-des-moro-determina-que-el-agua-no-era-apta-para-el-bano-tras-el-episodio-de-contaminacion\/#article\",\"isPartOf\":{\"@id\":\"https:\/\/www.salvemsabadia.com\/el-analisis-realizado-por-salvem-sa-badia-en-calo-des-moro-determina-que-el-agua-no-era-apta-para-el-bano-tras-el-episodio-de-contaminacion\/\"},\"author\":{\"name\":\"Salvem sa Badia\",\"@id\":\"https:\/\/www.salvemsabadia.com\/#\/schema\/person\/5d08c5118adcb4140d13bde4826ba122\"},\"headline\":\"El an\u00e1lisis realizado por Salvem sa Badia en Cal\u00f3 des Moro determina que el agua no era apta para el ba\u00f1o, tras el episodio de contaminaci\u00f3n\",\"datePublished\":\"2025-05-08T13:13:44+00:00\",\"mainEntityOfPage\":{\"@id\":\"https:\/\/www.salvemsabadia.com\/el-analisis-realizado-por-salvem-sa-badia-en-calo-des-moro-determina-que-el-agua-no-era-apta-para-el-bano-tras-el-episodio-de-contaminacion\/\"},\"wordCount\":942,\"publisher\":{\"@id\":\"https:\/\/www.salvemsabadia.com\/#organization\"},\"image\":{\"@id\":\"https:\/\/www.salvemsabadia.com\/el-analisis-realizado-por-salvem-sa-badia-en-calo-des-moro-determina-que-el-agua-no-era-apta-para-el-bano-tras-el-episodio-de-contaminacion\/#primaryimage\"},\"thumbnailUrl\":\"https:\/\/www.salvemsabadia.com\/wp-content\/uploads\/2025\/05\/lea-muestras.jpg\",\"articleSection\":[\"Calidad del agua\",\"Destacado\",\"Playas\",\"Salvem Sa Badia\"],\"inLanguage\":\"es\"},{\"@type\":\"WebPage\",\"@id\":\"https:\/\/www.salvemsabadia.com\/el-analisis-realizado-por-salvem-sa-badia-en-calo-des-moro-determina-que-el-agua-no-era-apta-para-el-bano-tras-el-episodio-de-contaminacion\/\",\"url\":\"https:\/\/www.salvemsabadia.com\/el-analisis-realizado-por-salvem-sa-badia-en-calo-des-moro-determina-que-el-agua-no-era-apta-para-el-bano-tras-el-episodio-de-contaminacion\/\",\"name\":\"El an\u00e1lisis realizado por Salvem sa Badia en Cal\u00f3 des Moro determina que el agua no era apta para el ba\u00f1o, tras el episodio de contaminaci\u00f3n - Salvem Sa Badia de Portmany\",\"isPartOf\":{\"@id\":\"https:\/\/www.salvemsabadia.com\/#website\"},\"primaryImageOfPage\":{\"@id\":\"https:\/\/www.salvemsabadia.com\/el-analisis-realizado-por-salvem-sa-badia-en-calo-des-moro-determina-que-el-agua-no-era-apta-para-el-bano-tras-el-episodio-de-contaminacion\/#primaryimage\"},\"image\":{\"@id\":\"https:\/\/www.salvemsabadia.com\/el-analisis-realizado-por-salvem-sa-badia-en-calo-des-moro-determina-que-el-agua-no-era-apta-para-el-bano-tras-el-episodio-de-contaminacion\/#primaryimage\"},\"thumbnailUrl\":\"https:\/\/www.salvemsabadia.com\/wp-content\/uploads\/2025\/05\/lea-muestras.jpg\",\"datePublished\":\"2025-05-08T13:13:44+00:00\",\"breadcrumb\":{\"@id\":\"https:\/\/www.salvemsabadia.com\/el-analisis-realizado-por-salvem-sa-badia-en-calo-des-moro-determina-que-el-agua-no-era-apta-para-el-bano-tras-el-episodio-de-contaminacion\/#breadcrumb\"},\"inLanguage\":\"es\",\"potentialAction\":[{\"@type\":\"ReadAction\",\"target\":[\"https:\/\/www.salvemsabadia.com\/el-analisis-realizado-por-salvem-sa-badia-en-calo-des-moro-determina-que-el-agua-no-era-apta-para-el-bano-tras-el-episodio-de-contaminacion\/\"]}]},{\"@type\":\"ImageObject\",\"inLanguage\":\"es\",\"@id\":\"https:\/\/www.salvemsabadia.com\/el-analisis-realizado-por-salvem-sa-badia-en-calo-des-moro-determina-que-el-agua-no-era-apta-para-el-bano-tras-el-episodio-de-contaminacion\/#primaryimage\",\"url\":\"https:\/\/www.salvemsabadia.com\/wp-content\/uploads\/2025\/05\/lea-muestras.jpg\",\"contentUrl\":\"https:\/\/www.salvemsabadia.com\/wp-content\/uploads\/2025\/05\/lea-muestras.jpg\",\"width\":1159,\"height\":773},{\"@type\":\"BreadcrumbList\",\"@id\":\"https:\/\/www.salvemsabadia.com\/el-analisis-realizado-por-salvem-sa-badia-en-calo-des-moro-determina-que-el-agua-no-era-apta-para-el-bano-tras-el-episodio-de-contaminacion\/#breadcrumb\",\"itemListElement\":[{\"@type\":\"ListItem\",\"position\":1,\"name\":\"Portada\",\"item\":\"https:\/\/www.salvemsabadia.com\/es\/\"},{\"@type\":\"ListItem\",\"position\":2,\"name\":\"El an\u00e1lisis realizado por Salvem sa Badia en Cal\u00f3 des Moro determina que el agua no era apta para el ba\u00f1o, tras el episodio de contaminaci\u00f3n\"}]},{\"@type\":\"WebSite\",\"@id\":\"https:\/\/www.salvemsabadia.com\/#website\",\"url\":\"https:\/\/www.salvemsabadia.com\/\",\"name\":\"Salvem Sa Badia de Portmany\",\"description\":\"\",\"publisher\":{\"@id\":\"https:\/\/www.salvemsabadia.com\/#organization\"},\"potentialAction\":[{\"@type\":\"SearchAction\",\"target\":{\"@type\":\"EntryPoint\",\"urlTemplate\":\"https:\/\/www.salvemsabadia.com\/?s={search_term_string}\"},\"query-input\":{\"@type\":\"PropertyValueSpecification\",\"valueRequired\":true,\"valueName\":\"search_term_string\"}}],\"inLanguage\":\"es\"},{\"@type\":\"Organization\",\"@id\":\"https:\/\/www.salvemsabadia.com\/#organization\",\"name\":\"Salvem Sa Badia de Portmany\",\"url\":\"https:\/\/www.salvemsabadia.com\/\",\"logo\":{\"@type\":\"ImageObject\",\"inLanguage\":\"es\",\"@id\":\"https:\/\/www.salvemsabadia.com\/#\/schema\/logo\/image\/\",\"url\":\"https:\/\/www.salvemsabadia.com\/wp-content\/uploads\/2020\/03\/logo.png\",\"contentUrl\":\"https:\/\/www.salvemsabadia.com\/wp-content\/uploads\/2020\/03\/logo.png\",\"width\":188,\"height\":151,\"caption\":\"Salvem Sa Badia de Portmany\"},\"image\":{\"@id\":\"https:\/\/www.salvemsabadia.com\/#\/schema\/logo\/image\/\"}},{\"@type\":\"Person\",\"@id\":\"https:\/\/www.salvemsabadia.com\/#\/schema\/person\/5d08c5118adcb4140d13bde4826ba122\",\"name\":\"Salvem sa Badia\",\"image\":{\"@type\":\"ImageObject\",\"inLanguage\":\"es\",\"@id\":\"https:\/\/www.salvemsabadia.com\/#\/schema\/person\/image\/\",\"url\":\"https:\/\/secure.gravatar.com\/avatar\/d569ee5739a9c7022470ea472c9b4b9cf476e15f1be71e5242c911d673d14ad9?s=96&d=mm&r=g\",\"contentUrl\":\"https:\/\/secure.gravatar.com\/avatar\/d569ee5739a9c7022470ea472c9b4b9cf476e15f1be71e5242c911d673d14ad9?s=96&d=mm&r=g\",\"caption\":\"Salvem sa Badia\"}}]}<\/script>\n<!-- \/ Yoast SEO plugin. -->","yoast_head_json":{"title":"El an\u00e1lisis realizado por Salvem sa Badia en Cal\u00f3 des Moro determina que el agua no era apta para el ba\u00f1o, tras el episodio de contaminaci\u00f3n - Salvem Sa Badia de Portmany","robots":{"index":"index","follow":"follow","max-snippet":"max-snippet:-1","max-image-preview":"max-image-preview:large","max-video-preview":"max-video-preview:-1"},"canonical":"https:\/\/www.salvemsabadia.com\/el-analisis-realizado-por-salvem-sa-badia-en-calo-des-moro-determina-que-el-agua-no-era-apta-para-el-bano-tras-el-episodio-de-contaminacion\/","og_locale":"es_ES","og_type":"article","og_title":"El an\u00e1lisis realizado por Salvem sa Badia en Cal\u00f3 des Moro determina que el agua no era apta para el ba\u00f1o, tras el episodio de contaminaci\u00f3n - Salvem Sa Badia de Portmany","og_description":"El an\u00e1lisis de la muestra tomada por Salvem sa Badia el pasado 29 de abril en Cal\u00f3 des Moro, tras el episodio de contaminaci\u00f3n que se produjo en la orilla...","og_url":"https:\/\/www.salvemsabadia.com\/el-analisis-realizado-por-salvem-sa-badia-en-calo-des-moro-determina-que-el-agua-no-era-apta-para-el-bano-tras-el-episodio-de-contaminacion\/","og_site_name":"Salvem Sa Badia de Portmany","article_published_time":"2025-05-08T13:13:44+00:00","og_image":[{"width":1159,"height":773,"url":"https:\/\/www.salvemsabadia.com\/wp-content\/uploads\/2025\/05\/lea-muestras.jpg","type":"image\/jpeg"}],"author":"Salvem sa Badia","twitter_card":"summary_large_image","twitter_misc":{"Escrito por":"Salvem sa Badia","Tiempo de lectura":"5 minutos"},"schema":{"@context":"https:\/\/schema.org","@graph":[{"@type":"Article","@id":"https:\/\/www.salvemsabadia.com\/el-analisis-realizado-por-salvem-sa-badia-en-calo-des-moro-determina-que-el-agua-no-era-apta-para-el-bano-tras-el-episodio-de-contaminacion\/#article","isPartOf":{"@id":"https:\/\/www.salvemsabadia.com\/el-analisis-realizado-por-salvem-sa-badia-en-calo-des-moro-determina-que-el-agua-no-era-apta-para-el-bano-tras-el-episodio-de-contaminacion\/"},"author":{"name":"Salvem sa Badia","@id":"https:\/\/www.salvemsabadia.com\/#\/schema\/person\/5d08c5118adcb4140d13bde4826ba122"},"headline":"El an\u00e1lisis realizado por Salvem sa Badia en Cal\u00f3 des Moro determina que el agua no era apta para el ba\u00f1o, tras el episodio de contaminaci\u00f3n","datePublished":"2025-05-08T13:13:44+00:00","mainEntityOfPage":{"@id":"https:\/\/www.salvemsabadia.com\/el-analisis-realizado-por-salvem-sa-badia-en-calo-des-moro-determina-que-el-agua-no-era-apta-para-el-bano-tras-el-episodio-de-contaminacion\/"},"wordCount":942,"publisher":{"@id":"https:\/\/www.salvemsabadia.com\/#organization"},"image":{"@id":"https:\/\/www.salvemsabadia.com\/el-analisis-realizado-por-salvem-sa-badia-en-calo-des-moro-determina-que-el-agua-no-era-apta-para-el-bano-tras-el-episodio-de-contaminacion\/#primaryimage"},"thumbnailUrl":"https:\/\/www.salvemsabadia.com\/wp-content\/uploads\/2025\/05\/lea-muestras.jpg","articleSection":["Calidad del agua","Destacado","Playas","Salvem Sa Badia"],"inLanguage":"es"},{"@type":"WebPage","@id":"https:\/\/www.salvemsabadia.com\/el-analisis-realizado-por-salvem-sa-badia-en-calo-des-moro-determina-que-el-agua-no-era-apta-para-el-bano-tras-el-episodio-de-contaminacion\/","url":"https:\/\/www.salvemsabadia.com\/el-analisis-realizado-por-salvem-sa-badia-en-calo-des-moro-determina-que-el-agua-no-era-apta-para-el-bano-tras-el-episodio-de-contaminacion\/","name":"El an\u00e1lisis realizado por Salvem sa Badia en Cal\u00f3 des Moro determina que el agua no era apta para el ba\u00f1o, tras el episodio de contaminaci\u00f3n - Salvem Sa Badia de Portmany","isPartOf":{"@id":"https:\/\/www.salvemsabadia.com\/#website"},"primaryImageOfPage":{"@id":"https:\/\/www.salvemsabadia.com\/el-analisis-realizado-por-salvem-sa-badia-en-calo-des-moro-determina-que-el-agua-no-era-apta-para-el-bano-tras-el-episodio-de-contaminacion\/#primaryimage"},"image":{"@id":"https:\/\/www.salvemsabadia.com\/el-analisis-realizado-por-salvem-sa-badia-en-calo-des-moro-determina-que-el-agua-no-era-apta-para-el-bano-tras-el-episodio-de-contaminacion\/#primaryimage"},"thumbnailUrl":"https:\/\/www.salvemsabadia.com\/wp-content\/uploads\/2025\/05\/lea-muestras.jpg","datePublished":"2025-05-08T13:13:44+00:00","breadcrumb":{"@id":"https:\/\/www.salvemsabadia.com\/el-analisis-realizado-por-salvem-sa-badia-en-calo-des-moro-determina-que-el-agua-no-era-apta-para-el-bano-tras-el-episodio-de-contaminacion\/#breadcrumb"},"inLanguage":"es","potentialAction":[{"@type":"ReadAction","target":["https:\/\/www.salvemsabadia.com\/el-analisis-realizado-por-salvem-sa-badia-en-calo-des-moro-determina-que-el-agua-no-era-apta-para-el-bano-tras-el-episodio-de-contaminacion\/"]}]},{"@type":"ImageObject","inLanguage":"es","@id":"https:\/\/www.salvemsabadia.com\/el-analisis-realizado-por-salvem-sa-badia-en-calo-des-moro-determina-que-el-agua-no-era-apta-para-el-bano-tras-el-episodio-de-contaminacion\/#primaryimage","url":"https:\/\/www.salvemsabadia.com\/wp-content\/uploads\/2025\/05\/lea-muestras.jpg","contentUrl":"https:\/\/www.salvemsabadia.com\/wp-content\/uploads\/2025\/05\/lea-muestras.jpg","width":1159,"height":773},{"@type":"BreadcrumbList","@id":"https:\/\/www.salvemsabadia.com\/el-analisis-realizado-por-salvem-sa-badia-en-calo-des-moro-determina-que-el-agua-no-era-apta-para-el-bano-tras-el-episodio-de-contaminacion\/#breadcrumb","itemListElement":[{"@type":"ListItem","position":1,"name":"Portada","item":"https:\/\/www.salvemsabadia.com\/es\/"},{"@type":"ListItem","position":2,"name":"El an\u00e1lisis realizado por Salvem sa Badia en Cal\u00f3 des Moro determina que el agua no era apta para el ba\u00f1o, tras el episodio de contaminaci\u00f3n"}]},{"@type":"WebSite","@id":"https:\/\/www.salvemsabadia.com\/#website","url":"https:\/\/www.salvemsabadia.com\/","name":"Salvem Sa Badia de Portmany","description":"","publisher":{"@id":"https:\/\/www.salvemsabadia.com\/#organization"},"potentialAction":[{"@type":"SearchAction","target":{"@type":"EntryPoint","urlTemplate":"https:\/\/www.salvemsabadia.com\/?s={search_term_string}"},"query-input":{"@type":"PropertyValueSpecification","valueRequired":true,"valueName":"search_term_string"}}],"inLanguage":"es"},{"@type":"Organization","@id":"https:\/\/www.salvemsabadia.com\/#organization","name":"Salvem Sa Badia de Portmany","url":"https:\/\/www.salvemsabadia.com\/","logo":{"@type":"ImageObject","inLanguage":"es","@id":"https:\/\/www.salvemsabadia.com\/#\/schema\/logo\/image\/","url":"https:\/\/www.salvemsabadia.com\/wp-content\/uploads\/2020\/03\/logo.png","contentUrl":"https:\/\/www.salvemsabadia.com\/wp-content\/uploads\/2020\/03\/logo.png","width":188,"height":151,"caption":"Salvem Sa Badia de Portmany"},"image":{"@id":"https:\/\/www.salvemsabadia.com\/#\/schema\/logo\/image\/"}},{"@type":"Person","@id":"https:\/\/www.salvemsabadia.com\/#\/schema\/person\/5d08c5118adcb4140d13bde4826ba122","name":"Salvem sa Badia","image":{"@type":"ImageObject","inLanguage":"es","@id":"https:\/\/www.salvemsabadia.com\/#\/schema\/person\/image\/","url":"https:\/\/secure.gravatar.com\/avatar\/d569ee5739a9c7022470ea472c9b4b9cf476e15f1be71e5242c911d673d14ad9?s=96&d=mm&r=g","contentUrl":"https:\/\/secure.gravatar.com\/avatar\/d569ee5739a9c7022470ea472c9b4b9cf476e15f1be71e5242c911d673d14ad9?s=96&d=mm&r=g","caption":"Salvem sa Badia"}}]}},"_links":{"self":[{"href":"https:\/\/www.salvemsabadia.com\/es\/wp-json\/wp\/v2\/posts\/5497","targetHints":{"allow":["GET"]}}],"collection":[{"href":"https:\/\/www.salvemsabadia.com\/es\/wp-json\/wp\/v2\/posts"}],"about":[{"href":"https:\/\/www.salvemsabadia.com\/es\/wp-json\/wp\/v2\/types\/post"}],"author":[{"embeddable":true,"href":"https:\/\/www.salvemsabadia.com\/es\/wp-json\/wp\/v2\/users\/2"}],"replies":[{"embeddable":true,"href":"https:\/\/www.salvemsabadia.com\/es\/wp-json\/wp\/v2\/comments?post=5497"}],"version-history":[{"count":0,"href":"https:\/\/www.salvemsabadia.com\/es\/wp-json\/wp\/v2\/posts\/5497\/revisions"}],"wp:featuredmedia":[{"embeddable":true,"href":"https:\/\/www.salvemsabadia.com\/es\/wp-json\/wp\/v2\/media\/5498"}],"wp:attachment":[{"href":"https:\/\/www.salvemsabadia.com\/es\/wp-json\/wp\/v2\/media?parent=5497"}],"wp:term":[{"taxonomy":"category","embeddable":true,"href":"https:\/\/www.salvemsabadia.com\/es\/wp-json\/wp\/v2\/categories?post=5497"},{"taxonomy":"post_tag","embeddable":true,"href":"https:\/\/www.salvemsabadia.com\/es\/wp-json\/wp\/v2\/tags?post=5497"}],"curies":[{"name":"wp","href":"https:\/\/api.w.org\/{rel}","templated":true}]}}