{"id":5522,"date":"2025-05-12T14:56:41","date_gmt":"2025-05-12T12:56:41","guid":{"rendered":"https:\/\/www.salvemsabadia.com\/?p=5522"},"modified":"2025-05-12T14:57:47","modified_gmt":"2025-05-12T12:57:47","slug":"la-bahia-de-portmany-sufre-otros-dos-vertidos-de-fecales-en-menos-de-48-horas-en-sarenal-y-sestanyol","status":"publish","type":"post","link":"https:\/\/www.salvemsabadia.com\/es\/la-bahia-de-portmany-sufre-otros-dos-vertidos-de-fecales-en-menos-de-48-horas-en-sarenal-y-sestanyol\/","title":{"rendered":"La bah\u00eda de Portmany sufre otros dos vertidos de fecales en menos de 48 horas, en s\u2019Arenal y s\u2019Estanyol"},"content":{"rendered":"<div id=\"attachment_5525\" style=\"width: 1410px\" class=\"wp-caption alignnone\"><img loading=\"lazy\" decoding=\"async\" aria-describedby=\"caption-attachment-5525\" class=\"size-full wp-image-5525\" src=\"https:\/\/www.salvemsabadia.com\/wp-content\/uploads\/2025\/05\/IMG_Arenal-rec.jpg\" alt=\"\" width=\"1400\" height=\"933\" srcset=\"https:\/\/www.salvemsabadia.com\/wp-content\/uploads\/2025\/05\/IMG_Arenal-rec.jpg 1400w, https:\/\/www.salvemsabadia.com\/wp-content\/uploads\/2025\/05\/IMG_Arenal-rec-300x200.jpg 300w, https:\/\/www.salvemsabadia.com\/wp-content\/uploads\/2025\/05\/IMG_Arenal-rec-1024x682.jpg 1024w, https:\/\/www.salvemsabadia.com\/wp-content\/uploads\/2025\/05\/IMG_Arenal-rec-768x512.jpg 768w, https:\/\/www.salvemsabadia.com\/wp-content\/uploads\/2025\/05\/IMG_Arenal-rec-900x600.jpg 900w\" sizes=\"auto, (max-width: 1400px) 100vw, 1400px\" \/><p id=\"caption-attachment-5525\" class=\"wp-caption-text\">Platja de s&#8217;Arenal<\/p><\/div>\n<p>Tras el episodio de hace unos d\u00edas en <a href=\"https:\/\/www.salvemsabadia.com\/es\/el-analisis-realizado-por-salvem-sa-badia-en-calo-des-moro-determina-que-el-agua-no-era-apta-para-el-bano-tras-el-episodio-de-contaminacion\/\" target=\"_blank\" rel=\"noopener\">Cal\u00f3 des Moro<\/a>, los vertidos de aguas fecales en la bah\u00eda de Portmany no cesan y han vuelto a producirse otros dos en 48 horas: uno en s\u2019Estanyol, en el lado sur de la bah\u00eda, el pasado s\u00e1bado, y otro en s\u2019Arenal, esta misma ma\u00f1ana, que incluso ha provocado el cierre de un tramo de la playa.<\/p>\n<p>El vertido de s\u2019Arenal ha tenido lugar a las 10,20 horas, debido a una fuga al inicio del paseo mar\u00edtimo que discurre en paralelo a la orilla, seg\u00fan ha informado el Ayuntamiento de Sant Antoni. El suceso se ha producido por el mal funcionamiento de una v\u00e1lvula de retenci\u00f3n de la Estaci\u00f3n de Bombeo de Aguas Residuales (EBAR) de Sant Antoni, que ha provocado el desbordamiento de la estaci\u00f3n de bombeo afectando sobre todo a la zona portuaria. La fuga ha durado unos minutos y se ha reparado, limpi\u00e1ndose posteriormente la zona.<\/p>\n<p>\u201cTras la comprobaci\u00f3n de los hechos por parte de personal t\u00e9cnico municipal, aunque la afectaci\u00f3n a zona de playa no ha sido relevante, por precauci\u00f3n se ha procedido a cerrar el primer tramo de la playa de s&#8217;Arenal. Tal como marca el procedimiento, tambi\u00e9n se han tomado muestras para su anal\u00edtica posterior\u201d, ha apuntado el Ayuntamiento. Esta parte de la playa permanecer\u00e1 cerrada durante toda la jornada de hoy.<\/p>\n<p>La manera de actuar del Ayuntamiento de Sant Antoni resulta distinta a c\u00f3mo se afront\u00f3 el vertido de Cal\u00f3 des Moro del pasado 29 de abril, cuando, a pesar de la contaminaci\u00f3n en la orilla de la playa, con notable presencia de ba\u00f1istas, el Ayuntamiento opt\u00f3 por no clausurar. Desde Salvem sa Badia nos congratulamos por este cambio de actitud, ya que la salud de los ba\u00f1istas debe primar por encima de todo.<\/p>\n<div id=\"attachment_5523\" style=\"width: 1410px\" class=\"wp-caption alignnone\"><img loading=\"lazy\" decoding=\"async\" aria-describedby=\"caption-attachment-5523\" class=\"wp-image-5523 size-full\" src=\"https:\/\/www.salvemsabadia.com\/wp-content\/uploads\/2025\/05\/WhatsApp-Image-3-2025-05-11-at-18.58.01.jpg\" alt=\"\" width=\"1400\" height=\"933\" srcset=\"https:\/\/www.salvemsabadia.com\/wp-content\/uploads\/2025\/05\/WhatsApp-Image-3-2025-05-11-at-18.58.01.jpg 1400w, https:\/\/www.salvemsabadia.com\/wp-content\/uploads\/2025\/05\/WhatsApp-Image-3-2025-05-11-at-18.58.01-300x200.jpg 300w, https:\/\/www.salvemsabadia.com\/wp-content\/uploads\/2025\/05\/WhatsApp-Image-3-2025-05-11-at-18.58.01-1024x682.jpg 1024w, https:\/\/www.salvemsabadia.com\/wp-content\/uploads\/2025\/05\/WhatsApp-Image-3-2025-05-11-at-18.58.01-768x512.jpg 768w, https:\/\/www.salvemsabadia.com\/wp-content\/uploads\/2025\/05\/WhatsApp-Image-3-2025-05-11-at-18.58.01-900x600.jpg 900w\" sizes=\"auto, (max-width: 1400px) 100vw, 1400px\" \/><p id=\"caption-attachment-5523\" class=\"wp-caption-text\">S&#8217;Estanyol<\/p><\/div>\n<p>Por otro lado, el s\u00e1bado, sobre las 18,45 horas, se produjo otro nuevo vertido de aguas fecales en la zona de s\u2019Estanyol, en el lado sur de la bah\u00eda. Un transe\u00fante alert\u00f3 a Salvem sa Badia y remiti\u00f3 un v\u00eddeo en el que puede observarse c\u00f3mo un riachuelo de heces forma distintos charcos desde una boca de alcantarilla cercana hasta los escalones que cierran la orilla por el lado de poniente. Justo donde el agua sucia cay\u00f3 al mar se encuentra el canal municipal de nado que hay en esta playa y una concesi\u00f3n de esqu\u00ed n\u00e1utico.<\/p>\n<div id=\"attachment_5527\" style=\"width: 1410px\" class=\"wp-caption alignnone\"><img loading=\"lazy\" decoding=\"async\" aria-describedby=\"caption-attachment-5527\" class=\"wp-image-5527 size-full\" src=\"https:\/\/www.salvemsabadia.com\/wp-content\/uploads\/2025\/05\/WhatsApp-Image-2-2025-05-11-at-18.57.59.jpg\" alt=\"\" width=\"1400\" height=\"933\" srcset=\"https:\/\/www.salvemsabadia.com\/wp-content\/uploads\/2025\/05\/WhatsApp-Image-2-2025-05-11-at-18.57.59.jpg 1400w, https:\/\/www.salvemsabadia.com\/wp-content\/uploads\/2025\/05\/WhatsApp-Image-2-2025-05-11-at-18.57.59-300x200.jpg 300w, https:\/\/www.salvemsabadia.com\/wp-content\/uploads\/2025\/05\/WhatsApp-Image-2-2025-05-11-at-18.57.59-1024x682.jpg 1024w, https:\/\/www.salvemsabadia.com\/wp-content\/uploads\/2025\/05\/WhatsApp-Image-2-2025-05-11-at-18.57.59-768x512.jpg 768w, https:\/\/www.salvemsabadia.com\/wp-content\/uploads\/2025\/05\/WhatsApp-Image-2-2025-05-11-at-18.57.59-900x600.jpg 900w\" sizes=\"auto, (max-width: 1400px) 100vw, 1400px\" \/><p id=\"caption-attachment-5527\" class=\"wp-caption-text\">S&#8217;Estanyol<\/p><\/div>\n<p>El mismo vecino alert\u00f3 al 112 de lo sucedido, dando parte a Medio Ambiente. Salvem sa Badia pudo constatar en ese momento, a trav\u00e9s de una llamada a la Polic\u00eda Local, que el consistorio tambi\u00e9n estaba alertado. Alrededor de las 20 horas, una persona de Salvem sa Badia se person\u00f3 en el lugar y, adem\u00e1s de tomar fotograf\u00edas del operativo de limpieza y del atasco, comprob\u00f3 que la playa segu\u00eda abierta, a pesar de lo sucedido. Cuando los operarios, que acudieron con un cami\u00f3n de limpieza, desatascaron dicho tramo de la red de saneamiento y se marcharon, la orilla se qued\u00f3 sin precintar y no nos consta que se hubiesen tomado muestras para analizar el grado de contaminaci\u00f3n del agua del mar.<\/p>\n<div id=\"attachment_5533\" style=\"width: 1410px\" class=\"wp-caption alignnone\"><img loading=\"lazy\" decoding=\"async\" aria-describedby=\"caption-attachment-5533\" class=\"wp-image-5533 size-full\" src=\"https:\/\/www.salvemsabadia.com\/wp-content\/uploads\/2025\/05\/WhatsApp-Image-2025-05-11-at-18.57.59.jpg\" alt=\"\" width=\"1400\" height=\"933\" srcset=\"https:\/\/www.salvemsabadia.com\/wp-content\/uploads\/2025\/05\/WhatsApp-Image-2025-05-11-at-18.57.59.jpg 1400w, https:\/\/www.salvemsabadia.com\/wp-content\/uploads\/2025\/05\/WhatsApp-Image-2025-05-11-at-18.57.59-300x200.jpg 300w, https:\/\/www.salvemsabadia.com\/wp-content\/uploads\/2025\/05\/WhatsApp-Image-2025-05-11-at-18.57.59-1024x682.jpg 1024w, https:\/\/www.salvemsabadia.com\/wp-content\/uploads\/2025\/05\/WhatsApp-Image-2025-05-11-at-18.57.59-768x512.jpg 768w, https:\/\/www.salvemsabadia.com\/wp-content\/uploads\/2025\/05\/WhatsApp-Image-2025-05-11-at-18.57.59-900x600.jpg 900w\" sizes=\"auto, (max-width: 1400px) 100vw, 1400px\" \/><p id=\"caption-attachment-5533\" class=\"wp-caption-text\">S&#8217;Estanyol<\/p><\/div>\n<p>La aver\u00eda se produjo a causa de un tap\u00f3n de aceite, probablemente arrojado a las ca\u00f1er\u00edas por alg\u00fan hotel de la zona, que deber\u00eda de haberlo trasladado a un punto de reciclaje, y tambi\u00e9n por la acumulaci\u00f3n de toallitas. Sin embargo, no lleg\u00f3 a producirse ninguna rotura de tuber\u00edas, que habr\u00eda agravado el vertido. La obsolescencia de la red de alcantarillado de Cala de Bou es la causa principal de que se produzcan estos graves episodios de contaminaci\u00f3n. Ayer, domingo, la playa segu\u00eda abierta.<\/p>\n<div id=\"attachment_5531\" style=\"width: 1410px\" class=\"wp-caption alignnone\"><img loading=\"lazy\" decoding=\"async\" aria-describedby=\"caption-attachment-5531\" class=\"wp-image-5531 size-full\" src=\"https:\/\/www.salvemsabadia.com\/wp-content\/uploads\/2025\/05\/WhatsApp-Image-2025-05-11-at-18.57.58.jpg\" alt=\"\" width=\"1400\" height=\"933\" srcset=\"https:\/\/www.salvemsabadia.com\/wp-content\/uploads\/2025\/05\/WhatsApp-Image-2025-05-11-at-18.57.58.jpg 1400w, https:\/\/www.salvemsabadia.com\/wp-content\/uploads\/2025\/05\/WhatsApp-Image-2025-05-11-at-18.57.58-300x200.jpg 300w, https:\/\/www.salvemsabadia.com\/wp-content\/uploads\/2025\/05\/WhatsApp-Image-2025-05-11-at-18.57.58-1024x682.jpg 1024w, https:\/\/www.salvemsabadia.com\/wp-content\/uploads\/2025\/05\/WhatsApp-Image-2025-05-11-at-18.57.58-768x512.jpg 768w, https:\/\/www.salvemsabadia.com\/wp-content\/uploads\/2025\/05\/WhatsApp-Image-2025-05-11-at-18.57.58-900x600.jpg 900w\" sizes=\"auto, (max-width: 1400px) 100vw, 1400px\" \/><p id=\"caption-attachment-5531\" class=\"wp-caption-text\">S&#8217;Estanyol<\/p><\/div>\n<div id=\"attachment_5529\" style=\"width: 1410px\" class=\"wp-caption alignnone\"><img loading=\"lazy\" decoding=\"async\" aria-describedby=\"caption-attachment-5529\" class=\"wp-image-5529 size-full\" src=\"https:\/\/www.salvemsabadia.com\/wp-content\/uploads\/2025\/05\/WhatsApp-Image-4-2025-05-11-at-18.58.01.jpg\" alt=\"\" width=\"1400\" height=\"1625\" srcset=\"https:\/\/www.salvemsabadia.com\/wp-content\/uploads\/2025\/05\/WhatsApp-Image-4-2025-05-11-at-18.58.01.jpg 1400w, https:\/\/www.salvemsabadia.com\/wp-content\/uploads\/2025\/05\/WhatsApp-Image-4-2025-05-11-at-18.58.01-258x300.jpg 258w, https:\/\/www.salvemsabadia.com\/wp-content\/uploads\/2025\/05\/WhatsApp-Image-4-2025-05-11-at-18.58.01-882x1024.jpg 882w, https:\/\/www.salvemsabadia.com\/wp-content\/uploads\/2025\/05\/WhatsApp-Image-4-2025-05-11-at-18.58.01-768x891.jpg 768w, https:\/\/www.salvemsabadia.com\/wp-content\/uploads\/2025\/05\/WhatsApp-Image-4-2025-05-11-at-18.58.01-1323x1536.jpg 1323w\" sizes=\"auto, (max-width: 1400px) 100vw, 1400px\" \/><p id=\"caption-attachment-5529\" class=\"wp-caption-text\">S&#8217;Estanyol<\/p><\/div>\n","protected":false},"excerpt":{"rendered":"<p>Tras el episodio de hace unos d\u00edas en Cal\u00f3 des Moro, los vertidos de aguas fecales en la bah\u00eda de Portmany no cesan y han vuelto a producirse otros dos&#8230;<\/p>\n","protected":false},"author":2,"featured_media":5525,"comment_status":"closed","ping_status":"closed","sticky":false,"template":"","format":"standard","meta":{"give_campaign_id":0,"footnotes":""},"categories":[203,106,212,10],"tags":[],"class_list":{"0":"post-5522","1":"post","2":"type-post","3":"status-publish","4":"format-standard","5":"has-post-thumbnail","7":"category-calidad-del-agua","8":"category-destacado","9":"category-playas","10":"category-salvem-sa-badia"},"yoast_head":"<!-- This site is optimized with the Yoast SEO plugin v26.8 - https:\/\/yoast.com\/product\/yoast-seo-wordpress\/ -->\n<title>La bah\u00eda de Portmany sufre otros dos vertidos de fecales en menos de 48 horas, en s\u2019Arenal y s\u2019Estanyol - Salvem Sa Badia de Portmany<\/title>\n<meta name=\"robots\" content=\"index, follow, max-snippet:-1, max-image-preview:large, max-video-preview:-1\" \/>\n<link rel=\"canonical\" href=\"https:\/\/www.salvemsabadia.com\/la-bahia-de-portmany-sufre-otros-dos-vertidos-de-fecales-en-menos-de-48-horas-en-sarenal-y-sestanyol\/\" \/>\n<meta property=\"og:locale\" content=\"es_ES\" \/>\n<meta property=\"og:type\" content=\"article\" \/>\n<meta property=\"og:title\" content=\"La bah\u00eda de Portmany sufre otros dos vertidos de fecales en menos de 48 horas, en s\u2019Arenal y s\u2019Estanyol - Salvem Sa Badia de Portmany\" \/>\n<meta property=\"og:description\" content=\"Tras el episodio de hace unos d\u00edas en Cal\u00f3 des Moro, los vertidos de aguas fecales en la bah\u00eda de Portmany no cesan y han vuelto a producirse otros dos...\" \/>\n<meta property=\"og:url\" content=\"https:\/\/www.salvemsabadia.com\/la-bahia-de-portmany-sufre-otros-dos-vertidos-de-fecales-en-menos-de-48-horas-en-sarenal-y-sestanyol\/\" \/>\n<meta property=\"og:site_name\" content=\"Salvem Sa Badia de Portmany\" \/>\n<meta property=\"article:published_time\" content=\"2025-05-12T12:56:41+00:00\" \/>\n<meta property=\"article:modified_time\" content=\"2025-05-12T12:57:47+00:00\" \/>\n<meta property=\"og:image\" content=\"https:\/\/www.salvemsabadia.com\/wp-content\/uploads\/2025\/05\/IMG_Arenal-rec.jpg\" \/>\n\t<meta property=\"og:image:width\" content=\"1400\" \/>\n\t<meta property=\"og:image:height\" content=\"933\" \/>\n\t<meta property=\"og:image:type\" content=\"image\/jpeg\" \/>\n<meta name=\"author\" content=\"Salvem sa Badia\" \/>\n<meta name=\"twitter:card\" content=\"summary_large_image\" \/>\n<meta name=\"twitter:label1\" content=\"Escrito por\" \/>\n\t<meta name=\"twitter:data1\" content=\"Salvem sa Badia\" \/>\n\t<meta name=\"twitter:label2\" content=\"Tiempo de lectura\" \/>\n\t<meta name=\"twitter:data2\" content=\"3 minutos\" \/>\n<script type=\"application\/ld+json\" class=\"yoast-schema-graph\">{\"@context\":\"https:\/\/schema.org\",\"@graph\":[{\"@type\":\"Article\",\"@id\":\"https:\/\/www.salvemsabadia.com\/la-bahia-de-portmany-sufre-otros-dos-vertidos-de-fecales-en-menos-de-48-horas-en-sarenal-y-sestanyol\/#article\",\"isPartOf\":{\"@id\":\"https:\/\/www.salvemsabadia.com\/la-bahia-de-portmany-sufre-otros-dos-vertidos-de-fecales-en-menos-de-48-horas-en-sarenal-y-sestanyol\/\"},\"author\":{\"name\":\"Salvem sa Badia\",\"@id\":\"https:\/\/www.salvemsabadia.com\/#\/schema\/person\/5d08c5118adcb4140d13bde4826ba122\"},\"headline\":\"La bah\u00eda de Portmany sufre otros dos vertidos de fecales en menos de 48 horas, en s\u2019Arenal y s\u2019Estanyol\",\"datePublished\":\"2025-05-12T12:56:41+00:00\",\"dateModified\":\"2025-05-12T12:57:47+00:00\",\"mainEntityOfPage\":{\"@id\":\"https:\/\/www.salvemsabadia.com\/la-bahia-de-portmany-sufre-otros-dos-vertidos-de-fecales-en-menos-de-48-horas-en-sarenal-y-sestanyol\/\"},\"wordCount\":727,\"publisher\":{\"@id\":\"https:\/\/www.salvemsabadia.com\/#organization\"},\"image\":{\"@id\":\"https:\/\/www.salvemsabadia.com\/la-bahia-de-portmany-sufre-otros-dos-vertidos-de-fecales-en-menos-de-48-horas-en-sarenal-y-sestanyol\/#primaryimage\"},\"thumbnailUrl\":\"https:\/\/www.salvemsabadia.com\/wp-content\/uploads\/2025\/05\/IMG_Arenal-rec.jpg\",\"articleSection\":[\"Calidad del agua\",\"Destacado\",\"Playas\",\"Salvem Sa Badia\"],\"inLanguage\":\"es\"},{\"@type\":\"WebPage\",\"@id\":\"https:\/\/www.salvemsabadia.com\/la-bahia-de-portmany-sufre-otros-dos-vertidos-de-fecales-en-menos-de-48-horas-en-sarenal-y-sestanyol\/\",\"url\":\"https:\/\/www.salvemsabadia.com\/la-bahia-de-portmany-sufre-otros-dos-vertidos-de-fecales-en-menos-de-48-horas-en-sarenal-y-sestanyol\/\",\"name\":\"La bah\u00eda de Portmany sufre otros dos vertidos de fecales en menos de 48 horas, en s\u2019Arenal y s\u2019Estanyol - Salvem Sa Badia de Portmany\",\"isPartOf\":{\"@id\":\"https:\/\/www.salvemsabadia.com\/#website\"},\"primaryImageOfPage\":{\"@id\":\"https:\/\/www.salvemsabadia.com\/la-bahia-de-portmany-sufre-otros-dos-vertidos-de-fecales-en-menos-de-48-horas-en-sarenal-y-sestanyol\/#primaryimage\"},\"image\":{\"@id\":\"https:\/\/www.salvemsabadia.com\/la-bahia-de-portmany-sufre-otros-dos-vertidos-de-fecales-en-menos-de-48-horas-en-sarenal-y-sestanyol\/#primaryimage\"},\"thumbnailUrl\":\"https:\/\/www.salvemsabadia.com\/wp-content\/uploads\/2025\/05\/IMG_Arenal-rec.jpg\",\"datePublished\":\"2025-05-12T12:56:41+00:00\",\"dateModified\":\"2025-05-12T12:57:47+00:00\",\"breadcrumb\":{\"@id\":\"https:\/\/www.salvemsabadia.com\/la-bahia-de-portmany-sufre-otros-dos-vertidos-de-fecales-en-menos-de-48-horas-en-sarenal-y-sestanyol\/#breadcrumb\"},\"inLanguage\":\"es\",\"potentialAction\":[{\"@type\":\"ReadAction\",\"target\":[\"https:\/\/www.salvemsabadia.com\/la-bahia-de-portmany-sufre-otros-dos-vertidos-de-fecales-en-menos-de-48-horas-en-sarenal-y-sestanyol\/\"]}]},{\"@type\":\"ImageObject\",\"inLanguage\":\"es\",\"@id\":\"https:\/\/www.salvemsabadia.com\/la-bahia-de-portmany-sufre-otros-dos-vertidos-de-fecales-en-menos-de-48-horas-en-sarenal-y-sestanyol\/#primaryimage\",\"url\":\"https:\/\/www.salvemsabadia.com\/wp-content\/uploads\/2025\/05\/IMG_Arenal-rec.jpg\",\"contentUrl\":\"https:\/\/www.salvemsabadia.com\/wp-content\/uploads\/2025\/05\/IMG_Arenal-rec.jpg\",\"width\":1400,\"height\":933,\"caption\":\"Platja de s'Arenal\"},{\"@type\":\"BreadcrumbList\",\"@id\":\"https:\/\/www.salvemsabadia.com\/la-bahia-de-portmany-sufre-otros-dos-vertidos-de-fecales-en-menos-de-48-horas-en-sarenal-y-sestanyol\/#breadcrumb\",\"itemListElement\":[{\"@type\":\"ListItem\",\"position\":1,\"name\":\"Portada\",\"item\":\"https:\/\/www.salvemsabadia.com\/es\/\"},{\"@type\":\"ListItem\",\"position\":2,\"name\":\"La bah\u00eda de Portmany sufre otros dos vertidos de fecales en menos de 48 horas, en s\u2019Arenal y s\u2019Estanyol\"}]},{\"@type\":\"WebSite\",\"@id\":\"https:\/\/www.salvemsabadia.com\/#website\",\"url\":\"https:\/\/www.salvemsabadia.com\/\",\"name\":\"Salvem Sa Badia de Portmany\",\"description\":\"\",\"publisher\":{\"@id\":\"https:\/\/www.salvemsabadia.com\/#organization\"},\"potentialAction\":[{\"@type\":\"SearchAction\",\"target\":{\"@type\":\"EntryPoint\",\"urlTemplate\":\"https:\/\/www.salvemsabadia.com\/?s={search_term_string}\"},\"query-input\":{\"@type\":\"PropertyValueSpecification\",\"valueRequired\":true,\"valueName\":\"search_term_string\"}}],\"inLanguage\":\"es\"},{\"@type\":\"Organization\",\"@id\":\"https:\/\/www.salvemsabadia.com\/#organization\",\"name\":\"Salvem Sa Badia de Portmany\",\"url\":\"https:\/\/www.salvemsabadia.com\/\",\"logo\":{\"@type\":\"ImageObject\",\"inLanguage\":\"es\",\"@id\":\"https:\/\/www.salvemsabadia.com\/#\/schema\/logo\/image\/\",\"url\":\"https:\/\/www.salvemsabadia.com\/wp-content\/uploads\/2020\/03\/logo.png\",\"contentUrl\":\"https:\/\/www.salvemsabadia.com\/wp-content\/uploads\/2020\/03\/logo.png\",\"width\":188,\"height\":151,\"caption\":\"Salvem Sa Badia de Portmany\"},\"image\":{\"@id\":\"https:\/\/www.salvemsabadia.com\/#\/schema\/logo\/image\/\"}},{\"@type\":\"Person\",\"@id\":\"https:\/\/www.salvemsabadia.com\/#\/schema\/person\/5d08c5118adcb4140d13bde4826ba122\",\"name\":\"Salvem sa Badia\",\"image\":{\"@type\":\"ImageObject\",\"inLanguage\":\"es\",\"@id\":\"https:\/\/www.salvemsabadia.com\/#\/schema\/person\/image\/\",\"url\":\"https:\/\/secure.gravatar.com\/avatar\/d569ee5739a9c7022470ea472c9b4b9cf476e15f1be71e5242c911d673d14ad9?s=96&d=mm&r=g\",\"contentUrl\":\"https:\/\/secure.gravatar.com\/avatar\/d569ee5739a9c7022470ea472c9b4b9cf476e15f1be71e5242c911d673d14ad9?s=96&d=mm&r=g\",\"caption\":\"Salvem sa Badia\"}}]}<\/script>\n<!-- \/ Yoast SEO plugin. -->","yoast_head_json":{"title":"La bah\u00eda de Portmany sufre otros dos vertidos de fecales en menos de 48 horas, en s\u2019Arenal y s\u2019Estanyol - Salvem Sa Badia de Portmany","robots":{"index":"index","follow":"follow","max-snippet":"max-snippet:-1","max-image-preview":"max-image-preview:large","max-video-preview":"max-video-preview:-1"},"canonical":"https:\/\/www.salvemsabadia.com\/la-bahia-de-portmany-sufre-otros-dos-vertidos-de-fecales-en-menos-de-48-horas-en-sarenal-y-sestanyol\/","og_locale":"es_ES","og_type":"article","og_title":"La bah\u00eda de Portmany sufre otros dos vertidos de fecales en menos de 48 horas, en s\u2019Arenal y s\u2019Estanyol - Salvem Sa Badia de Portmany","og_description":"Tras el episodio de hace unos d\u00edas en Cal\u00f3 des Moro, los vertidos de aguas fecales en la bah\u00eda de Portmany no cesan y han vuelto a producirse otros dos...","og_url":"https:\/\/www.salvemsabadia.com\/la-bahia-de-portmany-sufre-otros-dos-vertidos-de-fecales-en-menos-de-48-horas-en-sarenal-y-sestanyol\/","og_site_name":"Salvem Sa Badia de Portmany","article_published_time":"2025-05-12T12:56:41+00:00","article_modified_time":"2025-05-12T12:57:47+00:00","og_image":[{"width":1400,"height":933,"url":"https:\/\/www.salvemsabadia.com\/wp-content\/uploads\/2025\/05\/IMG_Arenal-rec.jpg","type":"image\/jpeg"}],"author":"Salvem sa Badia","twitter_card":"summary_large_image","twitter_misc":{"Escrito por":"Salvem sa Badia","Tiempo de lectura":"3 minutos"},"schema":{"@context":"https:\/\/schema.org","@graph":[{"@type":"Article","@id":"https:\/\/www.salvemsabadia.com\/la-bahia-de-portmany-sufre-otros-dos-vertidos-de-fecales-en-menos-de-48-horas-en-sarenal-y-sestanyol\/#article","isPartOf":{"@id":"https:\/\/www.salvemsabadia.com\/la-bahia-de-portmany-sufre-otros-dos-vertidos-de-fecales-en-menos-de-48-horas-en-sarenal-y-sestanyol\/"},"author":{"name":"Salvem sa Badia","@id":"https:\/\/www.salvemsabadia.com\/#\/schema\/person\/5d08c5118adcb4140d13bde4826ba122"},"headline":"La bah\u00eda de Portmany sufre otros dos vertidos de fecales en menos de 48 horas, en s\u2019Arenal y s\u2019Estanyol","datePublished":"2025-05-12T12:56:41+00:00","dateModified":"2025-05-12T12:57:47+00:00","mainEntityOfPage":{"@id":"https:\/\/www.salvemsabadia.com\/la-bahia-de-portmany-sufre-otros-dos-vertidos-de-fecales-en-menos-de-48-horas-en-sarenal-y-sestanyol\/"},"wordCount":727,"publisher":{"@id":"https:\/\/www.salvemsabadia.com\/#organization"},"image":{"@id":"https:\/\/www.salvemsabadia.com\/la-bahia-de-portmany-sufre-otros-dos-vertidos-de-fecales-en-menos-de-48-horas-en-sarenal-y-sestanyol\/#primaryimage"},"thumbnailUrl":"https:\/\/www.salvemsabadia.com\/wp-content\/uploads\/2025\/05\/IMG_Arenal-rec.jpg","articleSection":["Calidad del agua","Destacado","Playas","Salvem Sa Badia"],"inLanguage":"es"},{"@type":"WebPage","@id":"https:\/\/www.salvemsabadia.com\/la-bahia-de-portmany-sufre-otros-dos-vertidos-de-fecales-en-menos-de-48-horas-en-sarenal-y-sestanyol\/","url":"https:\/\/www.salvemsabadia.com\/la-bahia-de-portmany-sufre-otros-dos-vertidos-de-fecales-en-menos-de-48-horas-en-sarenal-y-sestanyol\/","name":"La bah\u00eda de Portmany sufre otros dos vertidos de fecales en menos de 48 horas, en s\u2019Arenal y s\u2019Estanyol - Salvem Sa Badia de Portmany","isPartOf":{"@id":"https:\/\/www.salvemsabadia.com\/#website"},"primaryImageOfPage":{"@id":"https:\/\/www.salvemsabadia.com\/la-bahia-de-portmany-sufre-otros-dos-vertidos-de-fecales-en-menos-de-48-horas-en-sarenal-y-sestanyol\/#primaryimage"},"image":{"@id":"https:\/\/www.salvemsabadia.com\/la-bahia-de-portmany-sufre-otros-dos-vertidos-de-fecales-en-menos-de-48-horas-en-sarenal-y-sestanyol\/#primaryimage"},"thumbnailUrl":"https:\/\/www.salvemsabadia.com\/wp-content\/uploads\/2025\/05\/IMG_Arenal-rec.jpg","datePublished":"2025-05-12T12:56:41+00:00","dateModified":"2025-05-12T12:57:47+00:00","breadcrumb":{"@id":"https:\/\/www.salvemsabadia.com\/la-bahia-de-portmany-sufre-otros-dos-vertidos-de-fecales-en-menos-de-48-horas-en-sarenal-y-sestanyol\/#breadcrumb"},"inLanguage":"es","potentialAction":[{"@type":"ReadAction","target":["https:\/\/www.salvemsabadia.com\/la-bahia-de-portmany-sufre-otros-dos-vertidos-de-fecales-en-menos-de-48-horas-en-sarenal-y-sestanyol\/"]}]},{"@type":"ImageObject","inLanguage":"es","@id":"https:\/\/www.salvemsabadia.com\/la-bahia-de-portmany-sufre-otros-dos-vertidos-de-fecales-en-menos-de-48-horas-en-sarenal-y-sestanyol\/#primaryimage","url":"https:\/\/www.salvemsabadia.com\/wp-content\/uploads\/2025\/05\/IMG_Arenal-rec.jpg","contentUrl":"https:\/\/www.salvemsabadia.com\/wp-content\/uploads\/2025\/05\/IMG_Arenal-rec.jpg","width":1400,"height":933,"caption":"Platja de s'Arenal"},{"@type":"BreadcrumbList","@id":"https:\/\/www.salvemsabadia.com\/la-bahia-de-portmany-sufre-otros-dos-vertidos-de-fecales-en-menos-de-48-horas-en-sarenal-y-sestanyol\/#breadcrumb","itemListElement":[{"@type":"ListItem","position":1,"name":"Portada","item":"https:\/\/www.salvemsabadia.com\/es\/"},{"@type":"ListItem","position":2,"name":"La bah\u00eda de Portmany sufre otros dos vertidos de fecales en menos de 48 horas, en s\u2019Arenal y s\u2019Estanyol"}]},{"@type":"WebSite","@id":"https:\/\/www.salvemsabadia.com\/#website","url":"https:\/\/www.salvemsabadia.com\/","name":"Salvem Sa Badia de Portmany","description":"","publisher":{"@id":"https:\/\/www.salvemsabadia.com\/#organization"},"potentialAction":[{"@type":"SearchAction","target":{"@type":"EntryPoint","urlTemplate":"https:\/\/www.salvemsabadia.com\/?s={search_term_string}"},"query-input":{"@type":"PropertyValueSpecification","valueRequired":true,"valueName":"search_term_string"}}],"inLanguage":"es"},{"@type":"Organization","@id":"https:\/\/www.salvemsabadia.com\/#organization","name":"Salvem Sa Badia de Portmany","url":"https:\/\/www.salvemsabadia.com\/","logo":{"@type":"ImageObject","inLanguage":"es","@id":"https:\/\/www.salvemsabadia.com\/#\/schema\/logo\/image\/","url":"https:\/\/www.salvemsabadia.com\/wp-content\/uploads\/2020\/03\/logo.png","contentUrl":"https:\/\/www.salvemsabadia.com\/wp-content\/uploads\/2020\/03\/logo.png","width":188,"height":151,"caption":"Salvem Sa Badia de Portmany"},"image":{"@id":"https:\/\/www.salvemsabadia.com\/#\/schema\/logo\/image\/"}},{"@type":"Person","@id":"https:\/\/www.salvemsabadia.com\/#\/schema\/person\/5d08c5118adcb4140d13bde4826ba122","name":"Salvem sa Badia","image":{"@type":"ImageObject","inLanguage":"es","@id":"https:\/\/www.salvemsabadia.com\/#\/schema\/person\/image\/","url":"https:\/\/secure.gravatar.com\/avatar\/d569ee5739a9c7022470ea472c9b4b9cf476e15f1be71e5242c911d673d14ad9?s=96&d=mm&r=g","contentUrl":"https:\/\/secure.gravatar.com\/avatar\/d569ee5739a9c7022470ea472c9b4b9cf476e15f1be71e5242c911d673d14ad9?s=96&d=mm&r=g","caption":"Salvem sa Badia"}}]}},"_links":{"self":[{"href":"https:\/\/www.salvemsabadia.com\/es\/wp-json\/wp\/v2\/posts\/5522","targetHints":{"allow":["GET"]}}],"collection":[{"href":"https:\/\/www.salvemsabadia.com\/es\/wp-json\/wp\/v2\/posts"}],"about":[{"href":"https:\/\/www.salvemsabadia.com\/es\/wp-json\/wp\/v2\/types\/post"}],"author":[{"embeddable":true,"href":"https:\/\/www.salvemsabadia.com\/es\/wp-json\/wp\/v2\/users\/2"}],"replies":[{"embeddable":true,"href":"https:\/\/www.salvemsabadia.com\/es\/wp-json\/wp\/v2\/comments?post=5522"}],"version-history":[{"count":0,"href":"https:\/\/www.salvemsabadia.com\/es\/wp-json\/wp\/v2\/posts\/5522\/revisions"}],"wp:featuredmedia":[{"embeddable":true,"href":"https:\/\/www.salvemsabadia.com\/es\/wp-json\/wp\/v2\/media\/5525"}],"wp:attachment":[{"href":"https:\/\/www.salvemsabadia.com\/es\/wp-json\/wp\/v2\/media?parent=5522"}],"wp:term":[{"taxonomy":"category","embeddable":true,"href":"https:\/\/www.salvemsabadia.com\/es\/wp-json\/wp\/v2\/categories?post=5522"},{"taxonomy":"post_tag","embeddable":true,"href":"https:\/\/www.salvemsabadia.com\/es\/wp-json\/wp\/v2\/tags?post=5522"}],"curies":[{"name":"wp","href":"https:\/\/api.w.org\/{rel}","templated":true}]}}