{"id":5555,"date":"2025-05-19T18:42:14","date_gmt":"2025-05-19T16:42:14","guid":{"rendered":"https:\/\/www.salvemsabadia.com\/?p=5555"},"modified":"2025-05-19T18:42:14","modified_gmt":"2025-05-19T16:42:14","slug":"el-ayuntamiento-de-sant-josep-asegura-que-tramitara-de-manera-inmediata-la-demolicion-de-la-estructura-inacabada-de-punta-xinxo","status":"publish","type":"post","link":"https:\/\/www.salvemsabadia.com\/es\/el-ayuntamiento-de-sant-josep-asegura-que-tramitara-de-manera-inmediata-la-demolicion-de-la-estructura-inacabada-de-punta-xinxo\/","title":{"rendered":"El Ayuntamiento de Sant Josep asegura que tramitar\u00e1 de manera inmediata la demolici\u00f3n de la estructura inacabada de Punta Xinx\u00f3"},"content":{"rendered":"<p><img loading=\"lazy\" decoding=\"async\" class=\"alignnone size-full wp-image-5556\" src=\"https:\/\/www.salvemsabadia.com\/wp-content\/uploads\/2025\/05\/DSC02596.jpg\" alt=\"\" width=\"1600\" height=\"1067\" srcset=\"https:\/\/www.salvemsabadia.com\/wp-content\/uploads\/2025\/05\/DSC02596.jpg 1600w, https:\/\/www.salvemsabadia.com\/wp-content\/uploads\/2025\/05\/DSC02596-300x200.jpg 300w, https:\/\/www.salvemsabadia.com\/wp-content\/uploads\/2025\/05\/DSC02596-1024x683.jpg 1024w, https:\/\/www.salvemsabadia.com\/wp-content\/uploads\/2025\/05\/DSC02596-768x512.jpg 768w, https:\/\/www.salvemsabadia.com\/wp-content\/uploads\/2025\/05\/DSC02596-1536x1024.jpg 1536w, https:\/\/www.salvemsabadia.com\/wp-content\/uploads\/2025\/05\/DSC02596-900x600.jpg 900w\" sizes=\"auto, (max-width: 1600px) 100vw, 1600px\" \/><\/p>\n<p>El Ayuntamiento de Sant Josep se ha comprometido con los vecinos de Cala de Bou a tramitar de forma inmediata la demolici\u00f3n de la estructura inacabada de Punta Xinx\u00f3, que desde hace un tiempo se ha convertido en un vertedero, as\u00ed como un peligro p\u00fablico, ya que en parte de su superficie no existe protecci\u00f3n alguna, pese a que en algunas zonas se alcanzan las seis plantas. Desde hace alg\u00fan tiempo, la obra abandonada tambi\u00e9n se ha convertido en refugio para m\u00e1s de 80 personas, que pernoctan en tiendas de campa\u00f1a y otros resguardos, en el interior de la construcci\u00f3n.<\/p>\n<p>As\u00ed se lo hizo saber el consistorio a los representantes de los colectivos vecinales de Cala de Bou, que desde hace a\u00f1os observan como este inmueble se ha asentado como un verdadero foco de problemas, adem\u00e1s de una lamentable tara est\u00e9tica para el barrio. El encuentro tuvo lugar la misma jornada en que la Junta de Gobierno decret\u00f3 de manera oficial la caducidad de la licencia de obras de dicha construcci\u00f3n, despu\u00e9s de haber resuelto las alegaciones presentadas dentro del plazo establecido, incluida una pr\u00f3rroga solicitada por la propiedad.<\/p>\n<p>En caso de que \u00e9sta no act\u00fae, una vez publicada la orden de demolici\u00f3n, el Ayuntamiento se har\u00e1 cargo de derruir la estructura de manera subsidiaria, tal y como se ha hecho en otras ocasiones. Adem\u00e1s, se han abierto dos nuevos expedientes: uno por parte del departamento de Urbanismo, que insta a la propiedad a perimetrar adecuadamente la estructura, y otro por parte del departamento de Medio Ambiente, despu\u00e9s de que una inspecci\u00f3n reciente haya constatado graves deficiencias en las condiciones de higiene y salubridad en el interior.<\/p>\n<p><img loading=\"lazy\" decoding=\"async\" class=\"alignnone size-full wp-image-5558\" src=\"https:\/\/www.salvemsabadia.com\/wp-content\/uploads\/2025\/05\/DSC_7983.jpg\" alt=\"\" width=\"1400\" height=\"933\" srcset=\"https:\/\/www.salvemsabadia.com\/wp-content\/uploads\/2025\/05\/DSC_7983.jpg 1400w, https:\/\/www.salvemsabadia.com\/wp-content\/uploads\/2025\/05\/DSC_7983-300x200.jpg 300w, https:\/\/www.salvemsabadia.com\/wp-content\/uploads\/2025\/05\/DSC_7983-1024x682.jpg 1024w, https:\/\/www.salvemsabadia.com\/wp-content\/uploads\/2025\/05\/DSC_7983-768x512.jpg 768w, https:\/\/www.salvemsabadia.com\/wp-content\/uploads\/2025\/05\/DSC_7983-900x600.jpg 900w\" sizes=\"auto, (max-width: 1400px) 100vw, 1400px\" \/><\/p>\n<p>Para mitigar el impacto que implica la presencia de este inmueble en la vida cotidiana de los vecinos, el Ayuntamiento se ha comprometido tambi\u00e9n a incrementar la limpieza en la zona y reforzar el alumbrado p\u00fablico en las calles Huelva y Ja\u00e9n, as\u00ed como en el frente del edificio. Tambi\u00e9n se instalar\u00e1n m\u00e1s papeleras y se solicitar\u00e1 una reuni\u00f3n con la Direcci\u00f3n Insular del Estado para coordinar acciones con la Guardia Civil y su Unidad de Reserva y Seguridad (GRS), con el objetivo de resolver las situaciones que se produzcan relacionadas con el inmueble, de forma r\u00e1pida y eficaz.<\/p>\n<p>La estructura de Punta Xinx\u00f3, como ya se explicaba en <a href=\"https:\/\/www.salvemsabadia.com\/es\/estructuras-inacabadas-y-edificios-arruinados-los-ocho-puntos-negros-de-la-bahia-de-portmany\/\" target=\"_blank\" rel=\"noopener\">un reportaje publicado en esta web<\/a>, es la mole inacabada de mayores dimensiones de la bah\u00eda de Portmany y constituye una de las aberraciones urban\u00edsticas m\u00e1s inquietantes de la zona. Est\u00e1 situada en primera l\u00ednea de mar, ocupando una gigantesca manzana delimitada por las calles de Es Cal\u00f3, Huelva y Ja\u00e9n. Se trata de un edificio de gran impacto visual en forma de \u2018M\u2019, que llega a tener seis plantas en determinadas \u00e1reas y que se encuentra en situaci\u00f3n de total abandono, con la valla que cierra el per\u00edmetro rota en m\u00faltiples zonas, incluida la m\u00e1s pr\u00f3xima a la playa. En el interior, varillas de hierro oxidadas por doquier, peligrosos huecos en el suelo y plantas accesibles y sin protecci\u00f3n de ning\u00fan tipo. Como puede observarse en la imagen de m\u00e1s abajo, a menudo se cuelan ni\u00f1os y adolescentes, que juegan en sus escaleras y plantas, con el peligro que conlleva.<\/p>\n<p>En un principio iba a albergar un complejo hotelero de 4 estrellas llamado Bah\u00eda del Mediterr\u00e1neo, con m\u00e1s de 250 habitaciones y varias suites. Hasta ahora dispon\u00eda de una licencia de 2006 aunque, tras el par\u00f3n del proyecto, los promotores incluso trataron de elevar su categor\u00eda a cinco estrellas. Sin embargo, la crisis econ\u00f3mica y la falta de financiaci\u00f3n echaron por tierra el proyecto. El Ayuntamiento hab\u00eda amenazado varias veces con retirar la licencia, hasta que ahora finalmente lo ha hecho efectivo.<\/p>\n<p><img loading=\"lazy\" decoding=\"async\" class=\"alignnone size-full wp-image-5560\" src=\"https:\/\/www.salvemsabadia.com\/wp-content\/uploads\/2025\/05\/IMG_1461.jpg\" alt=\"\" width=\"1400\" height=\"933\" srcset=\"https:\/\/www.salvemsabadia.com\/wp-content\/uploads\/2025\/05\/IMG_1461.jpg 1400w, https:\/\/www.salvemsabadia.com\/wp-content\/uploads\/2025\/05\/IMG_1461-300x200.jpg 300w, https:\/\/www.salvemsabadia.com\/wp-content\/uploads\/2025\/05\/IMG_1461-1024x682.jpg 1024w, https:\/\/www.salvemsabadia.com\/wp-content\/uploads\/2025\/05\/IMG_1461-768x512.jpg 768w, https:\/\/www.salvemsabadia.com\/wp-content\/uploads\/2025\/05\/IMG_1461-900x600.jpg 900w\" sizes=\"auto, (max-width: 1400px) 100vw, 1400px\" \/><\/p>\n","protected":false},"excerpt":{"rendered":"<p>El Ayuntamiento de Sant Josep se ha comprometido con los vecinos de Cala de Bou a tramitar de forma inmediata la demolici\u00f3n de la estructura inacabada de Punta Xinx\u00f3, que&#8230;<\/p>\n","protected":false},"author":2,"featured_media":5556,"comment_status":"closed","ping_status":"closed","sticky":false,"template":"","format":"standard","meta":{"give_campaign_id":0,"footnotes":""},"categories":[106,216],"tags":[],"class_list":{"0":"post-5555","1":"post","2":"type-post","3":"status-publish","4":"format-standard","5":"has-post-thumbnail","7":"category-destacado","8":"category-urbanismo"},"yoast_head":"<!-- This site is optimized with the Yoast SEO plugin v26.8 - https:\/\/yoast.com\/product\/yoast-seo-wordpress\/ -->\n<title>El Ayuntamiento de Sant Josep asegura que tramitar\u00e1 de manera inmediata la demolici\u00f3n de la estructura inacabada de Punta Xinx\u00f3 - Salvem Sa Badia de Portmany<\/title>\n<meta name=\"robots\" content=\"index, follow, max-snippet:-1, max-image-preview:large, max-video-preview:-1\" \/>\n<link rel=\"canonical\" href=\"https:\/\/www.salvemsabadia.com\/lajuntament-de-sant-josep-diu-que-tramitara-de-manera-immediata-la-demolicio-de-lestructura-inacabada-de-punta-xinxo\/\" \/>\n<meta property=\"og:locale\" content=\"es_ES\" \/>\n<meta property=\"og:type\" content=\"article\" \/>\n<meta property=\"og:title\" content=\"El Ayuntamiento de Sant Josep asegura que tramitar\u00e1 de manera inmediata la demolici\u00f3n de la estructura inacabada de Punta Xinx\u00f3 - Salvem Sa Badia de Portmany\" \/>\n<meta property=\"og:description\" content=\"El Ayuntamiento de Sant Josep se ha comprometido con los vecinos de Cala de Bou a tramitar de forma inmediata la demolici\u00f3n de la estructura inacabada de Punta Xinx\u00f3, que...\" \/>\n<meta property=\"og:url\" content=\"https:\/\/www.salvemsabadia.com\/lajuntament-de-sant-josep-diu-que-tramitara-de-manera-immediata-la-demolicio-de-lestructura-inacabada-de-punta-xinxo\/\" \/>\n<meta property=\"og:site_name\" content=\"Salvem Sa Badia de Portmany\" \/>\n<meta property=\"article:published_time\" content=\"2025-05-19T16:42:14+00:00\" \/>\n<meta property=\"og:image\" content=\"https:\/\/www.salvemsabadia.com\/wp-content\/uploads\/2025\/05\/DSC02596.jpg\" \/>\n\t<meta property=\"og:image:width\" content=\"1600\" \/>\n\t<meta property=\"og:image:height\" content=\"1067\" \/>\n\t<meta property=\"og:image:type\" content=\"image\/jpeg\" \/>\n<meta name=\"author\" content=\"Salvem sa Badia\" \/>\n<meta name=\"twitter:card\" content=\"summary_large_image\" \/>\n<meta name=\"twitter:label1\" content=\"Escrito por\" \/>\n\t<meta name=\"twitter:data1\" content=\"Salvem sa Badia\" \/>\n\t<meta name=\"twitter:label2\" content=\"Tiempo de lectura\" \/>\n\t<meta name=\"twitter:data2\" content=\"3 minutos\" \/>\n<script type=\"application\/ld+json\" class=\"yoast-schema-graph\">{\"@context\":\"https:\/\/schema.org\",\"@graph\":[{\"@type\":\"Article\",\"@id\":\"https:\/\/www.salvemsabadia.com\/lajuntament-de-sant-josep-diu-que-tramitara-de-manera-immediata-la-demolicio-de-lestructura-inacabada-de-punta-xinxo\/#article\",\"isPartOf\":{\"@id\":\"https:\/\/www.salvemsabadia.com\/lajuntament-de-sant-josep-diu-que-tramitara-de-manera-immediata-la-demolicio-de-lestructura-inacabada-de-punta-xinxo\/\"},\"author\":{\"name\":\"Salvem sa Badia\",\"@id\":\"https:\/\/www.salvemsabadia.com\/#\/schema\/person\/5d08c5118adcb4140d13bde4826ba122\"},\"headline\":\"El Ayuntamiento de Sant Josep asegura que tramitar\u00e1 de manera inmediata la demolici\u00f3n de la estructura inacabada de Punta Xinx\u00f3\",\"datePublished\":\"2025-05-19T16:42:14+00:00\",\"mainEntityOfPage\":{\"@id\":\"https:\/\/www.salvemsabadia.com\/lajuntament-de-sant-josep-diu-que-tramitara-de-manera-immediata-la-demolicio-de-lestructura-inacabada-de-punta-xinxo\/\"},\"wordCount\":687,\"publisher\":{\"@id\":\"https:\/\/www.salvemsabadia.com\/#organization\"},\"image\":{\"@id\":\"https:\/\/www.salvemsabadia.com\/lajuntament-de-sant-josep-diu-que-tramitara-de-manera-immediata-la-demolicio-de-lestructura-inacabada-de-punta-xinxo\/#primaryimage\"},\"thumbnailUrl\":\"https:\/\/www.salvemsabadia.com\/wp-content\/uploads\/2025\/05\/DSC02596.jpg\",\"articleSection\":[\"Destacado\",\"Urbanismo\"],\"inLanguage\":\"es\"},{\"@type\":\"WebPage\",\"@id\":\"https:\/\/www.salvemsabadia.com\/lajuntament-de-sant-josep-diu-que-tramitara-de-manera-immediata-la-demolicio-de-lestructura-inacabada-de-punta-xinxo\/\",\"url\":\"https:\/\/www.salvemsabadia.com\/lajuntament-de-sant-josep-diu-que-tramitara-de-manera-immediata-la-demolicio-de-lestructura-inacabada-de-punta-xinxo\/\",\"name\":\"El Ayuntamiento de Sant Josep asegura que tramitar\u00e1 de manera inmediata la demolici\u00f3n de la estructura inacabada de Punta Xinx\u00f3 - Salvem Sa Badia de Portmany\",\"isPartOf\":{\"@id\":\"https:\/\/www.salvemsabadia.com\/#website\"},\"primaryImageOfPage\":{\"@id\":\"https:\/\/www.salvemsabadia.com\/lajuntament-de-sant-josep-diu-que-tramitara-de-manera-immediata-la-demolicio-de-lestructura-inacabada-de-punta-xinxo\/#primaryimage\"},\"image\":{\"@id\":\"https:\/\/www.salvemsabadia.com\/lajuntament-de-sant-josep-diu-que-tramitara-de-manera-immediata-la-demolicio-de-lestructura-inacabada-de-punta-xinxo\/#primaryimage\"},\"thumbnailUrl\":\"https:\/\/www.salvemsabadia.com\/wp-content\/uploads\/2025\/05\/DSC02596.jpg\",\"datePublished\":\"2025-05-19T16:42:14+00:00\",\"breadcrumb\":{\"@id\":\"https:\/\/www.salvemsabadia.com\/lajuntament-de-sant-josep-diu-que-tramitara-de-manera-immediata-la-demolicio-de-lestructura-inacabada-de-punta-xinxo\/#breadcrumb\"},\"inLanguage\":\"es\",\"potentialAction\":[{\"@type\":\"ReadAction\",\"target\":[\"https:\/\/www.salvemsabadia.com\/lajuntament-de-sant-josep-diu-que-tramitara-de-manera-immediata-la-demolicio-de-lestructura-inacabada-de-punta-xinxo\/\"]}]},{\"@type\":\"ImageObject\",\"inLanguage\":\"es\",\"@id\":\"https:\/\/www.salvemsabadia.com\/lajuntament-de-sant-josep-diu-que-tramitara-de-manera-immediata-la-demolicio-de-lestructura-inacabada-de-punta-xinxo\/#primaryimage\",\"url\":\"https:\/\/www.salvemsabadia.com\/wp-content\/uploads\/2025\/05\/DSC02596.jpg\",\"contentUrl\":\"https:\/\/www.salvemsabadia.com\/wp-content\/uploads\/2025\/05\/DSC02596.jpg\",\"width\":1600,\"height\":1067},{\"@type\":\"BreadcrumbList\",\"@id\":\"https:\/\/www.salvemsabadia.com\/lajuntament-de-sant-josep-diu-que-tramitara-de-manera-immediata-la-demolicio-de-lestructura-inacabada-de-punta-xinxo\/#breadcrumb\",\"itemListElement\":[{\"@type\":\"ListItem\",\"position\":1,\"name\":\"Portada\",\"item\":\"https:\/\/www.salvemsabadia.com\/es\/\"},{\"@type\":\"ListItem\",\"position\":2,\"name\":\"El Ayuntamiento de Sant Josep asegura que tramitar\u00e1 de manera inmediata la demolici\u00f3n de la estructura inacabada de Punta Xinx\u00f3\"}]},{\"@type\":\"WebSite\",\"@id\":\"https:\/\/www.salvemsabadia.com\/#website\",\"url\":\"https:\/\/www.salvemsabadia.com\/\",\"name\":\"Salvem Sa Badia de Portmany\",\"description\":\"\",\"publisher\":{\"@id\":\"https:\/\/www.salvemsabadia.com\/#organization\"},\"potentialAction\":[{\"@type\":\"SearchAction\",\"target\":{\"@type\":\"EntryPoint\",\"urlTemplate\":\"https:\/\/www.salvemsabadia.com\/?s={search_term_string}\"},\"query-input\":{\"@type\":\"PropertyValueSpecification\",\"valueRequired\":true,\"valueName\":\"search_term_string\"}}],\"inLanguage\":\"es\"},{\"@type\":\"Organization\",\"@id\":\"https:\/\/www.salvemsabadia.com\/#organization\",\"name\":\"Salvem Sa Badia de Portmany\",\"url\":\"https:\/\/www.salvemsabadia.com\/\",\"logo\":{\"@type\":\"ImageObject\",\"inLanguage\":\"es\",\"@id\":\"https:\/\/www.salvemsabadia.com\/#\/schema\/logo\/image\/\",\"url\":\"https:\/\/www.salvemsabadia.com\/wp-content\/uploads\/2020\/03\/logo.png\",\"contentUrl\":\"https:\/\/www.salvemsabadia.com\/wp-content\/uploads\/2020\/03\/logo.png\",\"width\":188,\"height\":151,\"caption\":\"Salvem Sa Badia de Portmany\"},\"image\":{\"@id\":\"https:\/\/www.salvemsabadia.com\/#\/schema\/logo\/image\/\"}},{\"@type\":\"Person\",\"@id\":\"https:\/\/www.salvemsabadia.com\/#\/schema\/person\/5d08c5118adcb4140d13bde4826ba122\",\"name\":\"Salvem sa Badia\",\"image\":{\"@type\":\"ImageObject\",\"inLanguage\":\"es\",\"@id\":\"https:\/\/www.salvemsabadia.com\/#\/schema\/person\/image\/\",\"url\":\"https:\/\/secure.gravatar.com\/avatar\/d569ee5739a9c7022470ea472c9b4b9cf476e15f1be71e5242c911d673d14ad9?s=96&d=mm&r=g\",\"contentUrl\":\"https:\/\/secure.gravatar.com\/avatar\/d569ee5739a9c7022470ea472c9b4b9cf476e15f1be71e5242c911d673d14ad9?s=96&d=mm&r=g\",\"caption\":\"Salvem sa Badia\"}}]}<\/script>\n<!-- \/ Yoast SEO plugin. -->","yoast_head_json":{"title":"El Ayuntamiento de Sant Josep asegura que tramitar\u00e1 de manera inmediata la demolici\u00f3n de la estructura inacabada de Punta Xinx\u00f3 - Salvem Sa Badia de Portmany","robots":{"index":"index","follow":"follow","max-snippet":"max-snippet:-1","max-image-preview":"max-image-preview:large","max-video-preview":"max-video-preview:-1"},"canonical":"https:\/\/www.salvemsabadia.com\/lajuntament-de-sant-josep-diu-que-tramitara-de-manera-immediata-la-demolicio-de-lestructura-inacabada-de-punta-xinxo\/","og_locale":"es_ES","og_type":"article","og_title":"El Ayuntamiento de Sant Josep asegura que tramitar\u00e1 de manera inmediata la demolici\u00f3n de la estructura inacabada de Punta Xinx\u00f3 - Salvem Sa Badia de Portmany","og_description":"El Ayuntamiento de Sant Josep se ha comprometido con los vecinos de Cala de Bou a tramitar de forma inmediata la demolici\u00f3n de la estructura inacabada de Punta Xinx\u00f3, que...","og_url":"https:\/\/www.salvemsabadia.com\/lajuntament-de-sant-josep-diu-que-tramitara-de-manera-immediata-la-demolicio-de-lestructura-inacabada-de-punta-xinxo\/","og_site_name":"Salvem Sa Badia de Portmany","article_published_time":"2025-05-19T16:42:14+00:00","og_image":[{"width":1600,"height":1067,"url":"https:\/\/www.salvemsabadia.com\/wp-content\/uploads\/2025\/05\/DSC02596.jpg","type":"image\/jpeg"}],"author":"Salvem sa Badia","twitter_card":"summary_large_image","twitter_misc":{"Escrito por":"Salvem sa Badia","Tiempo de lectura":"3 minutos"},"schema":{"@context":"https:\/\/schema.org","@graph":[{"@type":"Article","@id":"https:\/\/www.salvemsabadia.com\/lajuntament-de-sant-josep-diu-que-tramitara-de-manera-immediata-la-demolicio-de-lestructura-inacabada-de-punta-xinxo\/#article","isPartOf":{"@id":"https:\/\/www.salvemsabadia.com\/lajuntament-de-sant-josep-diu-que-tramitara-de-manera-immediata-la-demolicio-de-lestructura-inacabada-de-punta-xinxo\/"},"author":{"name":"Salvem sa Badia","@id":"https:\/\/www.salvemsabadia.com\/#\/schema\/person\/5d08c5118adcb4140d13bde4826ba122"},"headline":"El Ayuntamiento de Sant Josep asegura que tramitar\u00e1 de manera inmediata la demolici\u00f3n de la estructura inacabada de Punta Xinx\u00f3","datePublished":"2025-05-19T16:42:14+00:00","mainEntityOfPage":{"@id":"https:\/\/www.salvemsabadia.com\/lajuntament-de-sant-josep-diu-que-tramitara-de-manera-immediata-la-demolicio-de-lestructura-inacabada-de-punta-xinxo\/"},"wordCount":687,"publisher":{"@id":"https:\/\/www.salvemsabadia.com\/#organization"},"image":{"@id":"https:\/\/www.salvemsabadia.com\/lajuntament-de-sant-josep-diu-que-tramitara-de-manera-immediata-la-demolicio-de-lestructura-inacabada-de-punta-xinxo\/#primaryimage"},"thumbnailUrl":"https:\/\/www.salvemsabadia.com\/wp-content\/uploads\/2025\/05\/DSC02596.jpg","articleSection":["Destacado","Urbanismo"],"inLanguage":"es"},{"@type":"WebPage","@id":"https:\/\/www.salvemsabadia.com\/lajuntament-de-sant-josep-diu-que-tramitara-de-manera-immediata-la-demolicio-de-lestructura-inacabada-de-punta-xinxo\/","url":"https:\/\/www.salvemsabadia.com\/lajuntament-de-sant-josep-diu-que-tramitara-de-manera-immediata-la-demolicio-de-lestructura-inacabada-de-punta-xinxo\/","name":"El Ayuntamiento de Sant Josep asegura que tramitar\u00e1 de manera inmediata la demolici\u00f3n de la estructura inacabada de Punta Xinx\u00f3 - Salvem Sa Badia de Portmany","isPartOf":{"@id":"https:\/\/www.salvemsabadia.com\/#website"},"primaryImageOfPage":{"@id":"https:\/\/www.salvemsabadia.com\/lajuntament-de-sant-josep-diu-que-tramitara-de-manera-immediata-la-demolicio-de-lestructura-inacabada-de-punta-xinxo\/#primaryimage"},"image":{"@id":"https:\/\/www.salvemsabadia.com\/lajuntament-de-sant-josep-diu-que-tramitara-de-manera-immediata-la-demolicio-de-lestructura-inacabada-de-punta-xinxo\/#primaryimage"},"thumbnailUrl":"https:\/\/www.salvemsabadia.com\/wp-content\/uploads\/2025\/05\/DSC02596.jpg","datePublished":"2025-05-19T16:42:14+00:00","breadcrumb":{"@id":"https:\/\/www.salvemsabadia.com\/lajuntament-de-sant-josep-diu-que-tramitara-de-manera-immediata-la-demolicio-de-lestructura-inacabada-de-punta-xinxo\/#breadcrumb"},"inLanguage":"es","potentialAction":[{"@type":"ReadAction","target":["https:\/\/www.salvemsabadia.com\/lajuntament-de-sant-josep-diu-que-tramitara-de-manera-immediata-la-demolicio-de-lestructura-inacabada-de-punta-xinxo\/"]}]},{"@type":"ImageObject","inLanguage":"es","@id":"https:\/\/www.salvemsabadia.com\/lajuntament-de-sant-josep-diu-que-tramitara-de-manera-immediata-la-demolicio-de-lestructura-inacabada-de-punta-xinxo\/#primaryimage","url":"https:\/\/www.salvemsabadia.com\/wp-content\/uploads\/2025\/05\/DSC02596.jpg","contentUrl":"https:\/\/www.salvemsabadia.com\/wp-content\/uploads\/2025\/05\/DSC02596.jpg","width":1600,"height":1067},{"@type":"BreadcrumbList","@id":"https:\/\/www.salvemsabadia.com\/lajuntament-de-sant-josep-diu-que-tramitara-de-manera-immediata-la-demolicio-de-lestructura-inacabada-de-punta-xinxo\/#breadcrumb","itemListElement":[{"@type":"ListItem","position":1,"name":"Portada","item":"https:\/\/www.salvemsabadia.com\/es\/"},{"@type":"ListItem","position":2,"name":"El Ayuntamiento de Sant Josep asegura que tramitar\u00e1 de manera inmediata la demolici\u00f3n de la estructura inacabada de Punta Xinx\u00f3"}]},{"@type":"WebSite","@id":"https:\/\/www.salvemsabadia.com\/#website","url":"https:\/\/www.salvemsabadia.com\/","name":"Salvem Sa Badia de Portmany","description":"","publisher":{"@id":"https:\/\/www.salvemsabadia.com\/#organization"},"potentialAction":[{"@type":"SearchAction","target":{"@type":"EntryPoint","urlTemplate":"https:\/\/www.salvemsabadia.com\/?s={search_term_string}"},"query-input":{"@type":"PropertyValueSpecification","valueRequired":true,"valueName":"search_term_string"}}],"inLanguage":"es"},{"@type":"Organization","@id":"https:\/\/www.salvemsabadia.com\/#organization","name":"Salvem Sa Badia de Portmany","url":"https:\/\/www.salvemsabadia.com\/","logo":{"@type":"ImageObject","inLanguage":"es","@id":"https:\/\/www.salvemsabadia.com\/#\/schema\/logo\/image\/","url":"https:\/\/www.salvemsabadia.com\/wp-content\/uploads\/2020\/03\/logo.png","contentUrl":"https:\/\/www.salvemsabadia.com\/wp-content\/uploads\/2020\/03\/logo.png","width":188,"height":151,"caption":"Salvem Sa Badia de Portmany"},"image":{"@id":"https:\/\/www.salvemsabadia.com\/#\/schema\/logo\/image\/"}},{"@type":"Person","@id":"https:\/\/www.salvemsabadia.com\/#\/schema\/person\/5d08c5118adcb4140d13bde4826ba122","name":"Salvem sa Badia","image":{"@type":"ImageObject","inLanguage":"es","@id":"https:\/\/www.salvemsabadia.com\/#\/schema\/person\/image\/","url":"https:\/\/secure.gravatar.com\/avatar\/d569ee5739a9c7022470ea472c9b4b9cf476e15f1be71e5242c911d673d14ad9?s=96&d=mm&r=g","contentUrl":"https:\/\/secure.gravatar.com\/avatar\/d569ee5739a9c7022470ea472c9b4b9cf476e15f1be71e5242c911d673d14ad9?s=96&d=mm&r=g","caption":"Salvem sa Badia"}}]}},"_links":{"self":[{"href":"https:\/\/www.salvemsabadia.com\/es\/wp-json\/wp\/v2\/posts\/5555","targetHints":{"allow":["GET"]}}],"collection":[{"href":"https:\/\/www.salvemsabadia.com\/es\/wp-json\/wp\/v2\/posts"}],"about":[{"href":"https:\/\/www.salvemsabadia.com\/es\/wp-json\/wp\/v2\/types\/post"}],"author":[{"embeddable":true,"href":"https:\/\/www.salvemsabadia.com\/es\/wp-json\/wp\/v2\/users\/2"}],"replies":[{"embeddable":true,"href":"https:\/\/www.salvemsabadia.com\/es\/wp-json\/wp\/v2\/comments?post=5555"}],"version-history":[{"count":0,"href":"https:\/\/www.salvemsabadia.com\/es\/wp-json\/wp\/v2\/posts\/5555\/revisions"}],"wp:featuredmedia":[{"embeddable":true,"href":"https:\/\/www.salvemsabadia.com\/es\/wp-json\/wp\/v2\/media\/5556"}],"wp:attachment":[{"href":"https:\/\/www.salvemsabadia.com\/es\/wp-json\/wp\/v2\/media?parent=5555"}],"wp:term":[{"taxonomy":"category","embeddable":true,"href":"https:\/\/www.salvemsabadia.com\/es\/wp-json\/wp\/v2\/categories?post=5555"},{"taxonomy":"post_tag","embeddable":true,"href":"https:\/\/www.salvemsabadia.com\/es\/wp-json\/wp\/v2\/tags?post=5555"}],"curies":[{"name":"wp","href":"https:\/\/api.w.org\/{rel}","templated":true}]}}