{"id":5592,"date":"2025-06-24T15:55:10","date_gmt":"2025-06-24T13:55:10","guid":{"rendered":"https:\/\/www.salvemsabadia.com\/?p=5592"},"modified":"2025-07-02T12:03:41","modified_gmt":"2025-07-02T10:03:41","slug":"vuelven-es-voluntaris-de-sa-badia-con-una-participacion-de-30-jovenes-este-verano","status":"publish","type":"post","link":"https:\/\/www.salvemsabadia.com\/es\/vuelven-es-voluntaris-de-sa-badia-con-una-participacion-de-30-jovenes-este-verano\/","title":{"rendered":"Vuelven \u2018Es Voluntaris de sa Badia\u2019, con una participaci\u00f3n de 30 j\u00f3venes este verano"},"content":{"rendered":"<p><img loading=\"lazy\" decoding=\"async\" class=\"alignnone size-full wp-image-5593\" src=\"https:\/\/www.salvemsabadia.com\/wp-content\/uploads\/2025\/06\/elisa-barca-rec.jpg\" alt=\"\" width=\"1400\" height=\"933\" srcset=\"https:\/\/www.salvemsabadia.com\/wp-content\/uploads\/2025\/06\/elisa-barca-rec.jpg 1400w, https:\/\/www.salvemsabadia.com\/wp-content\/uploads\/2025\/06\/elisa-barca-rec-300x200.jpg 300w, https:\/\/www.salvemsabadia.com\/wp-content\/uploads\/2025\/06\/elisa-barca-rec-1024x682.jpg 1024w, https:\/\/www.salvemsabadia.com\/wp-content\/uploads\/2025\/06\/elisa-barca-rec-768x512.jpg 768w, https:\/\/www.salvemsabadia.com\/wp-content\/uploads\/2025\/06\/elisa-barca-rec-900x600.jpg 900w\" sizes=\"auto, (max-width: 1400px) 100vw, 1400px\" \/>Esta semana ha comenzado el servicio de voluntariado de Salvem sa Badia de Portmany, en el que participar\u00e1n un total de 30 j\u00f3venes a lo largo del verano, con el objetivo de realizar estudios relacionados con la biodiversidad, evitar fondeos sobre posidonia y participar en diversos talleres formativos, entre otras actividades.<\/p>\n<p>\u2018Es Voluntaris de sa Badia\u2019 estar\u00e1n operativos durante seis semanas, hasta el 1 de agosto, a raz\u00f3n de cinco j\u00f3venes por semana. Cada voluntario recibir\u00e1 cursos sobre biodiversidad marina, seguridad n\u00e1utica y navegaci\u00f3n. Tambi\u00e9n realizar\u00e1n salidas con zodiac, har\u00e1n snorkel y fotograf\u00eda submarina, y realizar\u00e1n encuestas a las embarcaciones fondeadas en el entorno para evaluar el conocimiento sobre gesti\u00f3n de residuos a bordo y regulaci\u00f3n de fondeos, con el objetivo de concienciar y reducir la presencia de barcas sobre praderas de posidonia. A lo largo de cada semana, los alumnos estar\u00e1n acompa\u00f1ados por la educadora ambiental y cient\u00edfica marina Elisa Langley.<\/p>\n<p><img loading=\"lazy\" decoding=\"async\" class=\"alignnone size-full wp-image-5595\" src=\"https:\/\/www.salvemsabadia.com\/wp-content\/uploads\/2025\/06\/WhatsApp-Image-2025-06-24-at-13.24.37.jpg\" alt=\"\" width=\"1400\" height=\"933\" srcset=\"https:\/\/www.salvemsabadia.com\/wp-content\/uploads\/2025\/06\/WhatsApp-Image-2025-06-24-at-13.24.37.jpg 1400w, https:\/\/www.salvemsabadia.com\/wp-content\/uploads\/2025\/06\/WhatsApp-Image-2025-06-24-at-13.24.37-300x200.jpg 300w, https:\/\/www.salvemsabadia.com\/wp-content\/uploads\/2025\/06\/WhatsApp-Image-2025-06-24-at-13.24.37-1024x682.jpg 1024w, https:\/\/www.salvemsabadia.com\/wp-content\/uploads\/2025\/06\/WhatsApp-Image-2025-06-24-at-13.24.37-768x512.jpg 768w, https:\/\/www.salvemsabadia.com\/wp-content\/uploads\/2025\/06\/WhatsApp-Image-2025-06-24-at-13.24.37-900x600.jpg 900w\" sizes=\"auto, (max-width: 1400px) 100vw, 1400px\" \/>Para la puesta en marcha de este servicio de voluntariado, Salvem sa Badia cuenta con diversos colaboradores, sin cuya participaci\u00f3n no ser\u00eda posible llevar adelante la actividad. En este sentido, hay que destacar la aportaci\u00f3n realizada por el Club N\u00e0utic Sant Antoni, que proporciona la embarcaci\u00f3n con la que operan los voluntarios.<\/p>\n<p>Tambi\u00e9n contribuyen diversos establecimientos de la zona, que entregan distintos productos para la merienda diaria de los participantes, como el restaurante Es N\u00e0utic, el Aquarium de es Cap Blanc y Verduras Costa. Finalmente, hay que mencionar tambi\u00e9n la colaboraci\u00f3n como premio final de la actividad de Arenal Diving, con un curso de iniciaci\u00f3n al buceo, y Water Toys Team y Take Off, con sus actividades l\u00fadicas. En cuanto al material did\u00e1ctico, lo proporcionan Ecolocaliza, Observadores del Mar y las Reservas Naturales de es Vedr\u00e0, es Vedranell y los Islotes de Poniente.<\/p>\n","protected":false},"excerpt":{"rendered":"<p>Esta semana ha comenzado el servicio de voluntariado de Salvem sa Badia de Portmany, en el que participar\u00e1n un total de 30 j\u00f3venes a lo largo del verano, con el&#8230;<\/p>\n","protected":false},"author":2,"featured_media":5593,"comment_status":"closed","ping_status":"closed","sticky":false,"template":"","format":"standard","meta":{"give_campaign_id":0,"footnotes":""},"categories":[201,106,206,208,213,214,10],"tags":[],"class_list":{"0":"post-5592","1":"post","2":"type-post","3":"status-publish","4":"format-standard","5":"has-post-thumbnail","7":"category-biodiversidad","8":"category-destacado","9":"category-educacion","10":"category-fondeo-irregular","11":"category-posidonia","12":"category-puerto-de-sant-antoni","13":"category-salvem-sa-badia"},"yoast_head":"<!-- This site is optimized with the Yoast SEO plugin v26.8 - https:\/\/yoast.com\/product\/yoast-seo-wordpress\/ -->\n<title>Vuelven \u2018Es Voluntaris de sa Badia\u2019, con una participaci\u00f3n de 30 j\u00f3venes este verano - Salvem Sa Badia de Portmany<\/title>\n<meta name=\"robots\" content=\"index, follow, max-snippet:-1, max-image-preview:large, max-video-preview:-1\" \/>\n<link rel=\"canonical\" href=\"https:\/\/www.salvemsabadia.com\/tornen-es-voluntaris-de-sa-badia-amb-una-participacio-de-30-joves-aquest-estiu\/\" \/>\n<meta property=\"og:locale\" content=\"es_ES\" \/>\n<meta property=\"og:type\" content=\"article\" \/>\n<meta property=\"og:title\" content=\"Vuelven \u2018Es Voluntaris de sa Badia\u2019, con una participaci\u00f3n de 30 j\u00f3venes este verano - Salvem Sa Badia de Portmany\" \/>\n<meta property=\"og:description\" content=\"Esta semana ha comenzado el servicio de voluntariado de Salvem sa Badia de Portmany, en el que participar\u00e1n un total de 30 j\u00f3venes a lo largo del verano, con el...\" \/>\n<meta property=\"og:url\" content=\"https:\/\/www.salvemsabadia.com\/tornen-es-voluntaris-de-sa-badia-amb-una-participacio-de-30-joves-aquest-estiu\/\" \/>\n<meta property=\"og:site_name\" content=\"Salvem Sa Badia de Portmany\" \/>\n<meta property=\"article:published_time\" content=\"2025-06-24T13:55:10+00:00\" \/>\n<meta property=\"article:modified_time\" content=\"2025-07-02T10:03:41+00:00\" \/>\n<meta property=\"og:image\" content=\"https:\/\/www.salvemsabadia.com\/wp-content\/uploads\/2025\/06\/elisa-barca-rec.jpg\" \/>\n\t<meta property=\"og:image:width\" content=\"1400\" \/>\n\t<meta property=\"og:image:height\" content=\"933\" \/>\n\t<meta property=\"og:image:type\" content=\"image\/jpeg\" \/>\n<meta name=\"author\" content=\"Salvem sa Badia\" \/>\n<meta name=\"twitter:card\" content=\"summary_large_image\" \/>\n<meta name=\"twitter:label1\" content=\"Escrito por\" \/>\n\t<meta name=\"twitter:data1\" content=\"Salvem sa Badia\" \/>\n\t<meta name=\"twitter:label2\" content=\"Tiempo de lectura\" \/>\n\t<meta name=\"twitter:data2\" content=\"2 minutos\" \/>\n<script type=\"application\/ld+json\" class=\"yoast-schema-graph\">{\"@context\":\"https:\/\/schema.org\",\"@graph\":[{\"@type\":\"Article\",\"@id\":\"https:\/\/www.salvemsabadia.com\/tornen-es-voluntaris-de-sa-badia-amb-una-participacio-de-30-joves-aquest-estiu\/#article\",\"isPartOf\":{\"@id\":\"https:\/\/www.salvemsabadia.com\/tornen-es-voluntaris-de-sa-badia-amb-una-participacio-de-30-joves-aquest-estiu\/\"},\"author\":{\"name\":\"Salvem sa Badia\",\"@id\":\"https:\/\/www.salvemsabadia.com\/#\/schema\/person\/5d08c5118adcb4140d13bde4826ba122\"},\"headline\":\"Vuelven \u2018Es Voluntaris de sa Badia\u2019, con una participaci\u00f3n de 30 j\u00f3venes este verano\",\"datePublished\":\"2025-06-24T13:55:10+00:00\",\"dateModified\":\"2025-07-02T10:03:41+00:00\",\"mainEntityOfPage\":{\"@id\":\"https:\/\/www.salvemsabadia.com\/tornen-es-voluntaris-de-sa-badia-amb-una-participacio-de-30-joves-aquest-estiu\/\"},\"wordCount\":337,\"publisher\":{\"@id\":\"https:\/\/www.salvemsabadia.com\/#organization\"},\"image\":{\"@id\":\"https:\/\/www.salvemsabadia.com\/tornen-es-voluntaris-de-sa-badia-amb-una-participacio-de-30-joves-aquest-estiu\/#primaryimage\"},\"thumbnailUrl\":\"https:\/\/www.salvemsabadia.com\/wp-content\/uploads\/2025\/06\/elisa-barca-rec.jpg\",\"articleSection\":[\"Biodiversidad\",\"Destacado\",\"Educaci\u00f3n\",\"Fondeo irregular\",\"Posidonia\",\"Puerto de Sant Antoni\",\"Salvem Sa Badia\"],\"inLanguage\":\"es\"},{\"@type\":\"WebPage\",\"@id\":\"https:\/\/www.salvemsabadia.com\/tornen-es-voluntaris-de-sa-badia-amb-una-participacio-de-30-joves-aquest-estiu\/\",\"url\":\"https:\/\/www.salvemsabadia.com\/tornen-es-voluntaris-de-sa-badia-amb-una-participacio-de-30-joves-aquest-estiu\/\",\"name\":\"Vuelven \u2018Es Voluntaris de sa Badia\u2019, con una participaci\u00f3n de 30 j\u00f3venes este verano - Salvem Sa Badia de Portmany\",\"isPartOf\":{\"@id\":\"https:\/\/www.salvemsabadia.com\/#website\"},\"primaryImageOfPage\":{\"@id\":\"https:\/\/www.salvemsabadia.com\/tornen-es-voluntaris-de-sa-badia-amb-una-participacio-de-30-joves-aquest-estiu\/#primaryimage\"},\"image\":{\"@id\":\"https:\/\/www.salvemsabadia.com\/tornen-es-voluntaris-de-sa-badia-amb-una-participacio-de-30-joves-aquest-estiu\/#primaryimage\"},\"thumbnailUrl\":\"https:\/\/www.salvemsabadia.com\/wp-content\/uploads\/2025\/06\/elisa-barca-rec.jpg\",\"datePublished\":\"2025-06-24T13:55:10+00:00\",\"dateModified\":\"2025-07-02T10:03:41+00:00\",\"breadcrumb\":{\"@id\":\"https:\/\/www.salvemsabadia.com\/tornen-es-voluntaris-de-sa-badia-amb-una-participacio-de-30-joves-aquest-estiu\/#breadcrumb\"},\"inLanguage\":\"es\",\"potentialAction\":[{\"@type\":\"ReadAction\",\"target\":[\"https:\/\/www.salvemsabadia.com\/tornen-es-voluntaris-de-sa-badia-amb-una-participacio-de-30-joves-aquest-estiu\/\"]}]},{\"@type\":\"ImageObject\",\"inLanguage\":\"es\",\"@id\":\"https:\/\/www.salvemsabadia.com\/tornen-es-voluntaris-de-sa-badia-amb-una-participacio-de-30-joves-aquest-estiu\/#primaryimage\",\"url\":\"https:\/\/www.salvemsabadia.com\/wp-content\/uploads\/2025\/06\/elisa-barca-rec.jpg\",\"contentUrl\":\"https:\/\/www.salvemsabadia.com\/wp-content\/uploads\/2025\/06\/elisa-barca-rec.jpg\",\"width\":1400,\"height\":933},{\"@type\":\"BreadcrumbList\",\"@id\":\"https:\/\/www.salvemsabadia.com\/tornen-es-voluntaris-de-sa-badia-amb-una-participacio-de-30-joves-aquest-estiu\/#breadcrumb\",\"itemListElement\":[{\"@type\":\"ListItem\",\"position\":1,\"name\":\"Portada\",\"item\":\"https:\/\/www.salvemsabadia.com\/es\/\"},{\"@type\":\"ListItem\",\"position\":2,\"name\":\"Vuelven \u2018Es Voluntaris de sa Badia\u2019, con una participaci\u00f3n de 30 j\u00f3venes este verano\"}]},{\"@type\":\"WebSite\",\"@id\":\"https:\/\/www.salvemsabadia.com\/#website\",\"url\":\"https:\/\/www.salvemsabadia.com\/\",\"name\":\"Salvem Sa Badia de Portmany\",\"description\":\"\",\"publisher\":{\"@id\":\"https:\/\/www.salvemsabadia.com\/#organization\"},\"potentialAction\":[{\"@type\":\"SearchAction\",\"target\":{\"@type\":\"EntryPoint\",\"urlTemplate\":\"https:\/\/www.salvemsabadia.com\/?s={search_term_string}\"},\"query-input\":{\"@type\":\"PropertyValueSpecification\",\"valueRequired\":true,\"valueName\":\"search_term_string\"}}],\"inLanguage\":\"es\"},{\"@type\":\"Organization\",\"@id\":\"https:\/\/www.salvemsabadia.com\/#organization\",\"name\":\"Salvem Sa Badia de Portmany\",\"url\":\"https:\/\/www.salvemsabadia.com\/\",\"logo\":{\"@type\":\"ImageObject\",\"inLanguage\":\"es\",\"@id\":\"https:\/\/www.salvemsabadia.com\/#\/schema\/logo\/image\/\",\"url\":\"https:\/\/www.salvemsabadia.com\/wp-content\/uploads\/2020\/03\/logo.png\",\"contentUrl\":\"https:\/\/www.salvemsabadia.com\/wp-content\/uploads\/2020\/03\/logo.png\",\"width\":188,\"height\":151,\"caption\":\"Salvem Sa Badia de Portmany\"},\"image\":{\"@id\":\"https:\/\/www.salvemsabadia.com\/#\/schema\/logo\/image\/\"}},{\"@type\":\"Person\",\"@id\":\"https:\/\/www.salvemsabadia.com\/#\/schema\/person\/5d08c5118adcb4140d13bde4826ba122\",\"name\":\"Salvem sa Badia\",\"image\":{\"@type\":\"ImageObject\",\"inLanguage\":\"es\",\"@id\":\"https:\/\/www.salvemsabadia.com\/#\/schema\/person\/image\/\",\"url\":\"https:\/\/secure.gravatar.com\/avatar\/d569ee5739a9c7022470ea472c9b4b9cf476e15f1be71e5242c911d673d14ad9?s=96&d=mm&r=g\",\"contentUrl\":\"https:\/\/secure.gravatar.com\/avatar\/d569ee5739a9c7022470ea472c9b4b9cf476e15f1be71e5242c911d673d14ad9?s=96&d=mm&r=g\",\"caption\":\"Salvem sa Badia\"}}]}<\/script>\n<!-- \/ Yoast SEO plugin. -->","yoast_head_json":{"title":"Vuelven \u2018Es Voluntaris de sa Badia\u2019, con una participaci\u00f3n de 30 j\u00f3venes este verano - Salvem Sa Badia de Portmany","robots":{"index":"index","follow":"follow","max-snippet":"max-snippet:-1","max-image-preview":"max-image-preview:large","max-video-preview":"max-video-preview:-1"},"canonical":"https:\/\/www.salvemsabadia.com\/tornen-es-voluntaris-de-sa-badia-amb-una-participacio-de-30-joves-aquest-estiu\/","og_locale":"es_ES","og_type":"article","og_title":"Vuelven \u2018Es Voluntaris de sa Badia\u2019, con una participaci\u00f3n de 30 j\u00f3venes este verano - Salvem Sa Badia de Portmany","og_description":"Esta semana ha comenzado el servicio de voluntariado de Salvem sa Badia de Portmany, en el que participar\u00e1n un total de 30 j\u00f3venes a lo largo del verano, con el...","og_url":"https:\/\/www.salvemsabadia.com\/tornen-es-voluntaris-de-sa-badia-amb-una-participacio-de-30-joves-aquest-estiu\/","og_site_name":"Salvem Sa Badia de Portmany","article_published_time":"2025-06-24T13:55:10+00:00","article_modified_time":"2025-07-02T10:03:41+00:00","og_image":[{"width":1400,"height":933,"url":"https:\/\/www.salvemsabadia.com\/wp-content\/uploads\/2025\/06\/elisa-barca-rec.jpg","type":"image\/jpeg"}],"author":"Salvem sa Badia","twitter_card":"summary_large_image","twitter_misc":{"Escrito por":"Salvem sa Badia","Tiempo de lectura":"2 minutos"},"schema":{"@context":"https:\/\/schema.org","@graph":[{"@type":"Article","@id":"https:\/\/www.salvemsabadia.com\/tornen-es-voluntaris-de-sa-badia-amb-una-participacio-de-30-joves-aquest-estiu\/#article","isPartOf":{"@id":"https:\/\/www.salvemsabadia.com\/tornen-es-voluntaris-de-sa-badia-amb-una-participacio-de-30-joves-aquest-estiu\/"},"author":{"name":"Salvem sa Badia","@id":"https:\/\/www.salvemsabadia.com\/#\/schema\/person\/5d08c5118adcb4140d13bde4826ba122"},"headline":"Vuelven \u2018Es Voluntaris de sa Badia\u2019, con una participaci\u00f3n de 30 j\u00f3venes este verano","datePublished":"2025-06-24T13:55:10+00:00","dateModified":"2025-07-02T10:03:41+00:00","mainEntityOfPage":{"@id":"https:\/\/www.salvemsabadia.com\/tornen-es-voluntaris-de-sa-badia-amb-una-participacio-de-30-joves-aquest-estiu\/"},"wordCount":337,"publisher":{"@id":"https:\/\/www.salvemsabadia.com\/#organization"},"image":{"@id":"https:\/\/www.salvemsabadia.com\/tornen-es-voluntaris-de-sa-badia-amb-una-participacio-de-30-joves-aquest-estiu\/#primaryimage"},"thumbnailUrl":"https:\/\/www.salvemsabadia.com\/wp-content\/uploads\/2025\/06\/elisa-barca-rec.jpg","articleSection":["Biodiversidad","Destacado","Educaci\u00f3n","Fondeo irregular","Posidonia","Puerto de Sant Antoni","Salvem Sa Badia"],"inLanguage":"es"},{"@type":"WebPage","@id":"https:\/\/www.salvemsabadia.com\/tornen-es-voluntaris-de-sa-badia-amb-una-participacio-de-30-joves-aquest-estiu\/","url":"https:\/\/www.salvemsabadia.com\/tornen-es-voluntaris-de-sa-badia-amb-una-participacio-de-30-joves-aquest-estiu\/","name":"Vuelven \u2018Es Voluntaris de sa Badia\u2019, con una participaci\u00f3n de 30 j\u00f3venes este verano - Salvem Sa Badia de Portmany","isPartOf":{"@id":"https:\/\/www.salvemsabadia.com\/#website"},"primaryImageOfPage":{"@id":"https:\/\/www.salvemsabadia.com\/tornen-es-voluntaris-de-sa-badia-amb-una-participacio-de-30-joves-aquest-estiu\/#primaryimage"},"image":{"@id":"https:\/\/www.salvemsabadia.com\/tornen-es-voluntaris-de-sa-badia-amb-una-participacio-de-30-joves-aquest-estiu\/#primaryimage"},"thumbnailUrl":"https:\/\/www.salvemsabadia.com\/wp-content\/uploads\/2025\/06\/elisa-barca-rec.jpg","datePublished":"2025-06-24T13:55:10+00:00","dateModified":"2025-07-02T10:03:41+00:00","breadcrumb":{"@id":"https:\/\/www.salvemsabadia.com\/tornen-es-voluntaris-de-sa-badia-amb-una-participacio-de-30-joves-aquest-estiu\/#breadcrumb"},"inLanguage":"es","potentialAction":[{"@type":"ReadAction","target":["https:\/\/www.salvemsabadia.com\/tornen-es-voluntaris-de-sa-badia-amb-una-participacio-de-30-joves-aquest-estiu\/"]}]},{"@type":"ImageObject","inLanguage":"es","@id":"https:\/\/www.salvemsabadia.com\/tornen-es-voluntaris-de-sa-badia-amb-una-participacio-de-30-joves-aquest-estiu\/#primaryimage","url":"https:\/\/www.salvemsabadia.com\/wp-content\/uploads\/2025\/06\/elisa-barca-rec.jpg","contentUrl":"https:\/\/www.salvemsabadia.com\/wp-content\/uploads\/2025\/06\/elisa-barca-rec.jpg","width":1400,"height":933},{"@type":"BreadcrumbList","@id":"https:\/\/www.salvemsabadia.com\/tornen-es-voluntaris-de-sa-badia-amb-una-participacio-de-30-joves-aquest-estiu\/#breadcrumb","itemListElement":[{"@type":"ListItem","position":1,"name":"Portada","item":"https:\/\/www.salvemsabadia.com\/es\/"},{"@type":"ListItem","position":2,"name":"Vuelven \u2018Es Voluntaris de sa Badia\u2019, con una participaci\u00f3n de 30 j\u00f3venes este verano"}]},{"@type":"WebSite","@id":"https:\/\/www.salvemsabadia.com\/#website","url":"https:\/\/www.salvemsabadia.com\/","name":"Salvem Sa Badia de Portmany","description":"","publisher":{"@id":"https:\/\/www.salvemsabadia.com\/#organization"},"potentialAction":[{"@type":"SearchAction","target":{"@type":"EntryPoint","urlTemplate":"https:\/\/www.salvemsabadia.com\/?s={search_term_string}"},"query-input":{"@type":"PropertyValueSpecification","valueRequired":true,"valueName":"search_term_string"}}],"inLanguage":"es"},{"@type":"Organization","@id":"https:\/\/www.salvemsabadia.com\/#organization","name":"Salvem Sa Badia de Portmany","url":"https:\/\/www.salvemsabadia.com\/","logo":{"@type":"ImageObject","inLanguage":"es","@id":"https:\/\/www.salvemsabadia.com\/#\/schema\/logo\/image\/","url":"https:\/\/www.salvemsabadia.com\/wp-content\/uploads\/2020\/03\/logo.png","contentUrl":"https:\/\/www.salvemsabadia.com\/wp-content\/uploads\/2020\/03\/logo.png","width":188,"height":151,"caption":"Salvem Sa Badia de Portmany"},"image":{"@id":"https:\/\/www.salvemsabadia.com\/#\/schema\/logo\/image\/"}},{"@type":"Person","@id":"https:\/\/www.salvemsabadia.com\/#\/schema\/person\/5d08c5118adcb4140d13bde4826ba122","name":"Salvem sa Badia","image":{"@type":"ImageObject","inLanguage":"es","@id":"https:\/\/www.salvemsabadia.com\/#\/schema\/person\/image\/","url":"https:\/\/secure.gravatar.com\/avatar\/d569ee5739a9c7022470ea472c9b4b9cf476e15f1be71e5242c911d673d14ad9?s=96&d=mm&r=g","contentUrl":"https:\/\/secure.gravatar.com\/avatar\/d569ee5739a9c7022470ea472c9b4b9cf476e15f1be71e5242c911d673d14ad9?s=96&d=mm&r=g","caption":"Salvem sa Badia"}}]}},"_links":{"self":[{"href":"https:\/\/www.salvemsabadia.com\/es\/wp-json\/wp\/v2\/posts\/5592","targetHints":{"allow":["GET"]}}],"collection":[{"href":"https:\/\/www.salvemsabadia.com\/es\/wp-json\/wp\/v2\/posts"}],"about":[{"href":"https:\/\/www.salvemsabadia.com\/es\/wp-json\/wp\/v2\/types\/post"}],"author":[{"embeddable":true,"href":"https:\/\/www.salvemsabadia.com\/es\/wp-json\/wp\/v2\/users\/2"}],"replies":[{"embeddable":true,"href":"https:\/\/www.salvemsabadia.com\/es\/wp-json\/wp\/v2\/comments?post=5592"}],"version-history":[{"count":0,"href":"https:\/\/www.salvemsabadia.com\/es\/wp-json\/wp\/v2\/posts\/5592\/revisions"}],"wp:featuredmedia":[{"embeddable":true,"href":"https:\/\/www.salvemsabadia.com\/es\/wp-json\/wp\/v2\/media\/5593"}],"wp:attachment":[{"href":"https:\/\/www.salvemsabadia.com\/es\/wp-json\/wp\/v2\/media?parent=5592"}],"wp:term":[{"taxonomy":"category","embeddable":true,"href":"https:\/\/www.salvemsabadia.com\/es\/wp-json\/wp\/v2\/categories?post=5592"},{"taxonomy":"post_tag","embeddable":true,"href":"https:\/\/www.salvemsabadia.com\/es\/wp-json\/wp\/v2\/tags?post=5592"}],"curies":[{"name":"wp","href":"https:\/\/api.w.org\/{rel}","templated":true}]}}