{"id":5612,"date":"2025-07-02T11:58:50","date_gmt":"2025-07-02T09:58:50","guid":{"rendered":"https:\/\/www.salvemsabadia.com\/?p=5612"},"modified":"2025-07-02T12:22:17","modified_gmt":"2025-07-02T10:22:17","slug":"salvem-sa-badia-de-portmany-solicitara-al-ayuntamiento-que-no-autorice-macroeventos-con-miles-de-personas-en-la-playa-de-sarenal-al-constituir-un-atentado-contra-la-naturaleza","status":"publish","type":"post","link":"https:\/\/www.salvemsabadia.com\/es\/salvem-sa-badia-de-portmany-solicitara-al-ayuntamiento-que-no-autorice-macroeventos-con-miles-de-personas-en-la-playa-de-sarenal-al-constituir-un-atentado-contra-la-naturaleza\/","title":{"rendered":"Salvem sa Badia de Portmany solicitar\u00e1 al Ayuntamiento que no autorice macroeventos con miles de personas en la playa de s\u2019Arenal, al constituir un atentado contra la naturaleza"},"content":{"rendered":"<div id=\"attachment_5621\" style=\"width: 1410px\" class=\"wp-caption alignnone\"><img loading=\"lazy\" decoding=\"async\" aria-describedby=\"caption-attachment-5621\" class=\"size-full wp-image-5621\" src=\"https:\/\/www.salvemsabadia.com\/wp-content\/uploads\/2025\/07\/P1210984rec.jpg\" alt=\"\" width=\"1400\" height=\"933\" srcset=\"https:\/\/www.salvemsabadia.com\/wp-content\/uploads\/2025\/07\/P1210984rec.jpg 1400w, https:\/\/www.salvemsabadia.com\/wp-content\/uploads\/2025\/07\/P1210984rec-300x200.jpg 300w, https:\/\/www.salvemsabadia.com\/wp-content\/uploads\/2025\/07\/P1210984rec-1024x682.jpg 1024w, https:\/\/www.salvemsabadia.com\/wp-content\/uploads\/2025\/07\/P1210984rec-768x512.jpg 768w, https:\/\/www.salvemsabadia.com\/wp-content\/uploads\/2025\/07\/P1210984rec-900x600.jpg 900w\" sizes=\"auto, (max-width: 1400px) 100vw, 1400px\" \/><p id=\"caption-attachment-5621\" class=\"wp-caption-text\">Concierto en la playa de s&#8217;Arenal<\/p><\/div>\n<p>La Asociaci\u00f3n Salvem sa Badia de Portmany solicitar\u00e1 al Ayuntamiento de Sant Antoni de Portmany que no autorice ni promueva la celebraci\u00f3n de eventos multitudinarios con sesiones de dj\u2019s y m\u00fasica en vivo en la playa de s\u2019Arenal y cualquier otro entorno natural del municipio, ya que considera que dichos eventos constituyen un atentado contra la naturaleza y la biodiversidad.<\/p>\n<p>El evento de m\u00fasica electr\u00f3nica previsto para este fin de semana, llamado Ibiza Global Festival, celebra su IV edici\u00f3n, por lo que resulta muy sencillo, dados los antecedentes de a\u00f1os anteriores, anticipar los efectos negativos que supondr\u00e1 para el entorno y las molestias que generar\u00e1 en el vecindario. Miles y miles de personas van a utilizar la orilla como si fuera una discoteca, consumiendo bebidas y alimentos sobre la arena. Los efectos de tal presi\u00f3n humana, dejando al margen las molestias generadas, nunca podr\u00e1n revertirse del todo por muchas operaciones de limpieza que se hagan a posteriori.<\/p>\n<p>Los espacios naturales del municipio requieren ser respetados y cuidados al m\u00e1ximo, y no reconvertidos en salas de fiestas al aire libre, cuando la isla ya est\u00e1 repleta de esta oferta, sin necesidad de que dicha tipolog\u00eda de ocio se expanda a las \u00e1reas naturales. M\u00e1xime cuando en el municipio existen recintos deportivos, un hip\u00f3dromo, un auditorio al aire libre y otros enclaves diversos donde se pueden programar esta clase de fiestas, sin necesidad de generar da\u00f1os en el medio ambiente ni tantos inconvenientes en el vecindario.<\/p>\n<p>La petici\u00f3n que plantea Salvem sa Badia de Portmany no s\u00f3lo se ci\u00f1e a este evento espec\u00edfico, sino a cualquier otro de dimensiones semejantes o incluso inferiores que se programe sobre la arena de esta playa u otras, ya que el de este fin de semana no es el \u00fanico. En S\u2019Arenal se han producido otras convocatorias con grandes multitudes, al igual que en la orilla de Cala Gracioneta. Resulta parad\u00f3jico, adem\u00e1s, que el festival de esta semana se venda como un evento \u201cecoconsciente\u201d, cuando supone justamente lo contrario: contamina ac\u00fastica, lum\u00ednica y biol\u00f3gicamente el entorno natural donde se desarrolla, lo que supone un claro ejemplo de <em>greenwashing<\/em> y una tomadura de pelo a la ciudadan\u00eda. Sobre todo, cuando el socio principal de esta fiesta de dos jornadas es un beach club que genera buena parte de las molestias por ruidos y los problemas de convivencia que padece Sant Antoni. Mientras la tendencia actual, en otros lugares del pa\u00eds, es desplazar estos eventos fuera de playas y espacios naturales, instal\u00e1ndolos en recintos adecuados, en Sant Antoni se hace justo lo contrario.<\/p>\n<p>La autorizaci\u00f3n del Ayuntamiento, asimismo, resulta contradictoria con su manera de actuar en otras zonas. Por ejemplo, cuando se afirma que se pretende revitalizar el West End y sacarlo del turismo de borrachera, pero en paralelo se alientan este tipo de fiestas en otros espacios p\u00fablicos.<\/p>\n<p>De la misma manera, desde Salvem sa Badia reconocemos que es positivo que el Consistorio haya anunciado que no permitir\u00e1 una sala de fiestas y un beach club en el Hotel Bonito Ibiza, porque el Plan General de Ordenaci\u00f3n Urbana no lo permite. Sin embargo, esta misma administraci\u00f3n permanece impasible ante las fiestas y los excesos que tienen lugar a diario en otro hotel situado justo delante del anterior, que anta\u00f1o formaba parte de la misma finca. Y lo mismo hay que decir sobre al hotel situado en el centro del pueblo, que tambi\u00e9n celebra sesiones multitudinarias de dj\u2019s en la piscina, o el alojamiento rural que hace lo propio en el Cam\u00ed de sa Vorera y que pertenece a la misma propiedad. Ello, pese a estar en suelo r\u00fastico, lo que ya resulta incomprensible. Tales contradicciones, bajo nuestro punto de vista, son del todo injustificables.<\/p>\n","protected":false},"excerpt":{"rendered":"<p>La Asociaci\u00f3n Salvem sa Badia de Portmany solicitar\u00e1 al Ayuntamiento de Sant Antoni de Portmany que no autorice ni promueva la celebraci\u00f3n de eventos multitudinarios con sesiones de dj\u2019s y&#8230;<\/p>\n","protected":false},"author":2,"featured_media":5621,"comment_status":"closed","ping_status":"closed","sticky":false,"template":"","format":"standard","meta":{"give_campaign_id":0,"footnotes":""},"categories":[106,212,10,215],"tags":[],"class_list":{"0":"post-5612","1":"post","2":"type-post","3":"status-publish","4":"format-standard","5":"has-post-thumbnail","7":"category-destacado","8":"category-playas","9":"category-salvem-sa-badia","10":"category-turismo"},"yoast_head":"<!-- This site is optimized with the Yoast SEO plugin v26.8 - https:\/\/yoast.com\/product\/yoast-seo-wordpress\/ -->\n<title>Salvem sa Badia de Portmany solicitar\u00e1 al Ayuntamiento que no autorice macroeventos con miles de personas en la playa de s\u2019Arenal, al constituir un atentado contra la naturaleza - Salvem Sa Badia de Portmany<\/title>\n<meta name=\"robots\" content=\"index, follow, max-snippet:-1, max-image-preview:large, max-video-preview:-1\" \/>\n<link rel=\"canonical\" href=\"https:\/\/www.salvemsabadia.com\/salvem-sa-badia-de-portmany-sollicitara-a-lajuntament-que-no-autoritzi-macroesdeveniments-amb-milers-de-persones-a-la-platja-de-sarenal-a-lesser-un-atemptat-contra-la-naturalesa\/\" \/>\n<meta property=\"og:locale\" content=\"es_ES\" \/>\n<meta property=\"og:type\" content=\"article\" \/>\n<meta property=\"og:title\" content=\"Salvem sa Badia de Portmany solicitar\u00e1 al Ayuntamiento que no autorice macroeventos con miles de personas en la playa de s\u2019Arenal, al constituir un atentado contra la naturaleza - Salvem Sa Badia de Portmany\" \/>\n<meta property=\"og:description\" content=\"La Asociaci\u00f3n Salvem sa Badia de Portmany solicitar\u00e1 al Ayuntamiento de Sant Antoni de Portmany que no autorice ni promueva la celebraci\u00f3n de eventos multitudinarios con sesiones de dj\u2019s y...\" \/>\n<meta property=\"og:url\" content=\"https:\/\/www.salvemsabadia.com\/salvem-sa-badia-de-portmany-sollicitara-a-lajuntament-que-no-autoritzi-macroesdeveniments-amb-milers-de-persones-a-la-platja-de-sarenal-a-lesser-un-atemptat-contra-la-naturalesa\/\" \/>\n<meta property=\"og:site_name\" content=\"Salvem Sa Badia de Portmany\" \/>\n<meta property=\"article:published_time\" content=\"2025-07-02T09:58:50+00:00\" \/>\n<meta property=\"article:modified_time\" content=\"2025-07-02T10:22:17+00:00\" \/>\n<meta property=\"og:image\" content=\"https:\/\/www.salvemsabadia.com\/wp-content\/uploads\/2025\/07\/P1210984rec.jpg\" \/>\n\t<meta property=\"og:image:width\" content=\"1400\" \/>\n\t<meta property=\"og:image:height\" content=\"933\" \/>\n\t<meta property=\"og:image:type\" content=\"image\/jpeg\" \/>\n<meta name=\"author\" content=\"Salvem sa Badia\" \/>\n<meta name=\"twitter:card\" content=\"summary_large_image\" \/>\n<meta name=\"twitter:label1\" content=\"Escrito por\" \/>\n\t<meta name=\"twitter:data1\" content=\"Salvem sa Badia\" \/>\n\t<meta name=\"twitter:label2\" content=\"Tiempo de lectura\" \/>\n\t<meta name=\"twitter:data2\" content=\"3 minutos\" \/>\n<script type=\"application\/ld+json\" class=\"yoast-schema-graph\">{\"@context\":\"https:\/\/schema.org\",\"@graph\":[{\"@type\":\"Article\",\"@id\":\"https:\/\/www.salvemsabadia.com\/salvem-sa-badia-de-portmany-sollicitara-a-lajuntament-que-no-autoritzi-macroesdeveniments-amb-milers-de-persones-a-la-platja-de-sarenal-a-lesser-un-atemptat-contra-la-naturalesa\/#article\",\"isPartOf\":{\"@id\":\"https:\/\/www.salvemsabadia.com\/salvem-sa-badia-de-portmany-sollicitara-a-lajuntament-que-no-autoritzi-macroesdeveniments-amb-milers-de-persones-a-la-platja-de-sarenal-a-lesser-un-atemptat-contra-la-naturalesa\/\"},\"author\":{\"name\":\"Salvem sa Badia\",\"@id\":\"https:\/\/www.salvemsabadia.com\/#\/schema\/person\/5d08c5118adcb4140d13bde4826ba122\"},\"headline\":\"Salvem sa Badia de Portmany solicitar\u00e1 al Ayuntamiento que no autorice macroeventos con miles de personas en la playa de s\u2019Arenal, al constituir un atentado contra la naturaleza\",\"datePublished\":\"2025-07-02T09:58:50+00:00\",\"dateModified\":\"2025-07-02T10:22:17+00:00\",\"mainEntityOfPage\":{\"@id\":\"https:\/\/www.salvemsabadia.com\/salvem-sa-badia-de-portmany-sollicitara-a-lajuntament-que-no-autoritzi-macroesdeveniments-amb-milers-de-persones-a-la-platja-de-sarenal-a-lesser-un-atemptat-contra-la-naturalesa\/\"},\"wordCount\":697,\"publisher\":{\"@id\":\"https:\/\/www.salvemsabadia.com\/#organization\"},\"image\":{\"@id\":\"https:\/\/www.salvemsabadia.com\/salvem-sa-badia-de-portmany-sollicitara-a-lajuntament-que-no-autoritzi-macroesdeveniments-amb-milers-de-persones-a-la-platja-de-sarenal-a-lesser-un-atemptat-contra-la-naturalesa\/#primaryimage\"},\"thumbnailUrl\":\"https:\/\/www.salvemsabadia.com\/wp-content\/uploads\/2025\/07\/P1210984rec.jpg\",\"articleSection\":[\"Destacado\",\"Playas\",\"Salvem Sa Badia\",\"Turismo\"],\"inLanguage\":\"es\"},{\"@type\":\"WebPage\",\"@id\":\"https:\/\/www.salvemsabadia.com\/salvem-sa-badia-de-portmany-sollicitara-a-lajuntament-que-no-autoritzi-macroesdeveniments-amb-milers-de-persones-a-la-platja-de-sarenal-a-lesser-un-atemptat-contra-la-naturalesa\/\",\"url\":\"https:\/\/www.salvemsabadia.com\/salvem-sa-badia-de-portmany-sollicitara-a-lajuntament-que-no-autoritzi-macroesdeveniments-amb-milers-de-persones-a-la-platja-de-sarenal-a-lesser-un-atemptat-contra-la-naturalesa\/\",\"name\":\"Salvem sa Badia de Portmany solicitar\u00e1 al Ayuntamiento que no autorice macroeventos con miles de personas en la playa de s\u2019Arenal, al constituir un atentado contra la naturaleza - Salvem Sa Badia de Portmany\",\"isPartOf\":{\"@id\":\"https:\/\/www.salvemsabadia.com\/#website\"},\"primaryImageOfPage\":{\"@id\":\"https:\/\/www.salvemsabadia.com\/salvem-sa-badia-de-portmany-sollicitara-a-lajuntament-que-no-autoritzi-macroesdeveniments-amb-milers-de-persones-a-la-platja-de-sarenal-a-lesser-un-atemptat-contra-la-naturalesa\/#primaryimage\"},\"image\":{\"@id\":\"https:\/\/www.salvemsabadia.com\/salvem-sa-badia-de-portmany-sollicitara-a-lajuntament-que-no-autoritzi-macroesdeveniments-amb-milers-de-persones-a-la-platja-de-sarenal-a-lesser-un-atemptat-contra-la-naturalesa\/#primaryimage\"},\"thumbnailUrl\":\"https:\/\/www.salvemsabadia.com\/wp-content\/uploads\/2025\/07\/P1210984rec.jpg\",\"datePublished\":\"2025-07-02T09:58:50+00:00\",\"dateModified\":\"2025-07-02T10:22:17+00:00\",\"breadcrumb\":{\"@id\":\"https:\/\/www.salvemsabadia.com\/salvem-sa-badia-de-portmany-sollicitara-a-lajuntament-que-no-autoritzi-macroesdeveniments-amb-milers-de-persones-a-la-platja-de-sarenal-a-lesser-un-atemptat-contra-la-naturalesa\/#breadcrumb\"},\"inLanguage\":\"es\",\"potentialAction\":[{\"@type\":\"ReadAction\",\"target\":[\"https:\/\/www.salvemsabadia.com\/salvem-sa-badia-de-portmany-sollicitara-a-lajuntament-que-no-autoritzi-macroesdeveniments-amb-milers-de-persones-a-la-platja-de-sarenal-a-lesser-un-atemptat-contra-la-naturalesa\/\"]}]},{\"@type\":\"ImageObject\",\"inLanguage\":\"es\",\"@id\":\"https:\/\/www.salvemsabadia.com\/salvem-sa-badia-de-portmany-sollicitara-a-lajuntament-que-no-autoritzi-macroesdeveniments-amb-milers-de-persones-a-la-platja-de-sarenal-a-lesser-un-atemptat-contra-la-naturalesa\/#primaryimage\",\"url\":\"https:\/\/www.salvemsabadia.com\/wp-content\/uploads\/2025\/07\/P1210984rec.jpg\",\"contentUrl\":\"https:\/\/www.salvemsabadia.com\/wp-content\/uploads\/2025\/07\/P1210984rec.jpg\",\"width\":1400,\"height\":933,\"caption\":\"Concierto en la playa de s'Arenal\"},{\"@type\":\"BreadcrumbList\",\"@id\":\"https:\/\/www.salvemsabadia.com\/salvem-sa-badia-de-portmany-sollicitara-a-lajuntament-que-no-autoritzi-macroesdeveniments-amb-milers-de-persones-a-la-platja-de-sarenal-a-lesser-un-atemptat-contra-la-naturalesa\/#breadcrumb\",\"itemListElement\":[{\"@type\":\"ListItem\",\"position\":1,\"name\":\"Portada\",\"item\":\"https:\/\/www.salvemsabadia.com\/es\/\"},{\"@type\":\"ListItem\",\"position\":2,\"name\":\"Salvem sa Badia de Portmany solicitar\u00e1 al Ayuntamiento que no autorice macroeventos con miles de personas en la playa de s\u2019Arenal, al constituir un atentado contra la naturaleza\"}]},{\"@type\":\"WebSite\",\"@id\":\"https:\/\/www.salvemsabadia.com\/#website\",\"url\":\"https:\/\/www.salvemsabadia.com\/\",\"name\":\"Salvem Sa Badia de Portmany\",\"description\":\"\",\"publisher\":{\"@id\":\"https:\/\/www.salvemsabadia.com\/#organization\"},\"potentialAction\":[{\"@type\":\"SearchAction\",\"target\":{\"@type\":\"EntryPoint\",\"urlTemplate\":\"https:\/\/www.salvemsabadia.com\/?s={search_term_string}\"},\"query-input\":{\"@type\":\"PropertyValueSpecification\",\"valueRequired\":true,\"valueName\":\"search_term_string\"}}],\"inLanguage\":\"es\"},{\"@type\":\"Organization\",\"@id\":\"https:\/\/www.salvemsabadia.com\/#organization\",\"name\":\"Salvem Sa Badia de Portmany\",\"url\":\"https:\/\/www.salvemsabadia.com\/\",\"logo\":{\"@type\":\"ImageObject\",\"inLanguage\":\"es\",\"@id\":\"https:\/\/www.salvemsabadia.com\/#\/schema\/logo\/image\/\",\"url\":\"https:\/\/www.salvemsabadia.com\/wp-content\/uploads\/2020\/03\/logo.png\",\"contentUrl\":\"https:\/\/www.salvemsabadia.com\/wp-content\/uploads\/2020\/03\/logo.png\",\"width\":188,\"height\":151,\"caption\":\"Salvem Sa Badia de Portmany\"},\"image\":{\"@id\":\"https:\/\/www.salvemsabadia.com\/#\/schema\/logo\/image\/\"}},{\"@type\":\"Person\",\"@id\":\"https:\/\/www.salvemsabadia.com\/#\/schema\/person\/5d08c5118adcb4140d13bde4826ba122\",\"name\":\"Salvem sa Badia\",\"image\":{\"@type\":\"ImageObject\",\"inLanguage\":\"es\",\"@id\":\"https:\/\/www.salvemsabadia.com\/#\/schema\/person\/image\/\",\"url\":\"https:\/\/secure.gravatar.com\/avatar\/d569ee5739a9c7022470ea472c9b4b9cf476e15f1be71e5242c911d673d14ad9?s=96&d=mm&r=g\",\"contentUrl\":\"https:\/\/secure.gravatar.com\/avatar\/d569ee5739a9c7022470ea472c9b4b9cf476e15f1be71e5242c911d673d14ad9?s=96&d=mm&r=g\",\"caption\":\"Salvem sa Badia\"}}]}<\/script>\n<!-- \/ Yoast SEO plugin. -->","yoast_head_json":{"title":"Salvem sa Badia de Portmany solicitar\u00e1 al Ayuntamiento que no autorice macroeventos con miles de personas en la playa de s\u2019Arenal, al constituir un atentado contra la naturaleza - Salvem Sa Badia de Portmany","robots":{"index":"index","follow":"follow","max-snippet":"max-snippet:-1","max-image-preview":"max-image-preview:large","max-video-preview":"max-video-preview:-1"},"canonical":"https:\/\/www.salvemsabadia.com\/salvem-sa-badia-de-portmany-sollicitara-a-lajuntament-que-no-autoritzi-macroesdeveniments-amb-milers-de-persones-a-la-platja-de-sarenal-a-lesser-un-atemptat-contra-la-naturalesa\/","og_locale":"es_ES","og_type":"article","og_title":"Salvem sa Badia de Portmany solicitar\u00e1 al Ayuntamiento que no autorice macroeventos con miles de personas en la playa de s\u2019Arenal, al constituir un atentado contra la naturaleza - Salvem Sa Badia de Portmany","og_description":"La Asociaci\u00f3n Salvem sa Badia de Portmany solicitar\u00e1 al Ayuntamiento de Sant Antoni de Portmany que no autorice ni promueva la celebraci\u00f3n de eventos multitudinarios con sesiones de dj\u2019s y...","og_url":"https:\/\/www.salvemsabadia.com\/salvem-sa-badia-de-portmany-sollicitara-a-lajuntament-que-no-autoritzi-macroesdeveniments-amb-milers-de-persones-a-la-platja-de-sarenal-a-lesser-un-atemptat-contra-la-naturalesa\/","og_site_name":"Salvem Sa Badia de Portmany","article_published_time":"2025-07-02T09:58:50+00:00","article_modified_time":"2025-07-02T10:22:17+00:00","og_image":[{"width":1400,"height":933,"url":"https:\/\/www.salvemsabadia.com\/wp-content\/uploads\/2025\/07\/P1210984rec.jpg","type":"image\/jpeg"}],"author":"Salvem sa Badia","twitter_card":"summary_large_image","twitter_misc":{"Escrito por":"Salvem sa Badia","Tiempo de lectura":"3 minutos"},"schema":{"@context":"https:\/\/schema.org","@graph":[{"@type":"Article","@id":"https:\/\/www.salvemsabadia.com\/salvem-sa-badia-de-portmany-sollicitara-a-lajuntament-que-no-autoritzi-macroesdeveniments-amb-milers-de-persones-a-la-platja-de-sarenal-a-lesser-un-atemptat-contra-la-naturalesa\/#article","isPartOf":{"@id":"https:\/\/www.salvemsabadia.com\/salvem-sa-badia-de-portmany-sollicitara-a-lajuntament-que-no-autoritzi-macroesdeveniments-amb-milers-de-persones-a-la-platja-de-sarenal-a-lesser-un-atemptat-contra-la-naturalesa\/"},"author":{"name":"Salvem sa Badia","@id":"https:\/\/www.salvemsabadia.com\/#\/schema\/person\/5d08c5118adcb4140d13bde4826ba122"},"headline":"Salvem sa Badia de Portmany solicitar\u00e1 al Ayuntamiento que no autorice macroeventos con miles de personas en la playa de s\u2019Arenal, al constituir un atentado contra la naturaleza","datePublished":"2025-07-02T09:58:50+00:00","dateModified":"2025-07-02T10:22:17+00:00","mainEntityOfPage":{"@id":"https:\/\/www.salvemsabadia.com\/salvem-sa-badia-de-portmany-sollicitara-a-lajuntament-que-no-autoritzi-macroesdeveniments-amb-milers-de-persones-a-la-platja-de-sarenal-a-lesser-un-atemptat-contra-la-naturalesa\/"},"wordCount":697,"publisher":{"@id":"https:\/\/www.salvemsabadia.com\/#organization"},"image":{"@id":"https:\/\/www.salvemsabadia.com\/salvem-sa-badia-de-portmany-sollicitara-a-lajuntament-que-no-autoritzi-macroesdeveniments-amb-milers-de-persones-a-la-platja-de-sarenal-a-lesser-un-atemptat-contra-la-naturalesa\/#primaryimage"},"thumbnailUrl":"https:\/\/www.salvemsabadia.com\/wp-content\/uploads\/2025\/07\/P1210984rec.jpg","articleSection":["Destacado","Playas","Salvem Sa Badia","Turismo"],"inLanguage":"es"},{"@type":"WebPage","@id":"https:\/\/www.salvemsabadia.com\/salvem-sa-badia-de-portmany-sollicitara-a-lajuntament-que-no-autoritzi-macroesdeveniments-amb-milers-de-persones-a-la-platja-de-sarenal-a-lesser-un-atemptat-contra-la-naturalesa\/","url":"https:\/\/www.salvemsabadia.com\/salvem-sa-badia-de-portmany-sollicitara-a-lajuntament-que-no-autoritzi-macroesdeveniments-amb-milers-de-persones-a-la-platja-de-sarenal-a-lesser-un-atemptat-contra-la-naturalesa\/","name":"Salvem sa Badia de Portmany solicitar\u00e1 al Ayuntamiento que no autorice macroeventos con miles de personas en la playa de s\u2019Arenal, al constituir un atentado contra la naturaleza - Salvem Sa Badia de Portmany","isPartOf":{"@id":"https:\/\/www.salvemsabadia.com\/#website"},"primaryImageOfPage":{"@id":"https:\/\/www.salvemsabadia.com\/salvem-sa-badia-de-portmany-sollicitara-a-lajuntament-que-no-autoritzi-macroesdeveniments-amb-milers-de-persones-a-la-platja-de-sarenal-a-lesser-un-atemptat-contra-la-naturalesa\/#primaryimage"},"image":{"@id":"https:\/\/www.salvemsabadia.com\/salvem-sa-badia-de-portmany-sollicitara-a-lajuntament-que-no-autoritzi-macroesdeveniments-amb-milers-de-persones-a-la-platja-de-sarenal-a-lesser-un-atemptat-contra-la-naturalesa\/#primaryimage"},"thumbnailUrl":"https:\/\/www.salvemsabadia.com\/wp-content\/uploads\/2025\/07\/P1210984rec.jpg","datePublished":"2025-07-02T09:58:50+00:00","dateModified":"2025-07-02T10:22:17+00:00","breadcrumb":{"@id":"https:\/\/www.salvemsabadia.com\/salvem-sa-badia-de-portmany-sollicitara-a-lajuntament-que-no-autoritzi-macroesdeveniments-amb-milers-de-persones-a-la-platja-de-sarenal-a-lesser-un-atemptat-contra-la-naturalesa\/#breadcrumb"},"inLanguage":"es","potentialAction":[{"@type":"ReadAction","target":["https:\/\/www.salvemsabadia.com\/salvem-sa-badia-de-portmany-sollicitara-a-lajuntament-que-no-autoritzi-macroesdeveniments-amb-milers-de-persones-a-la-platja-de-sarenal-a-lesser-un-atemptat-contra-la-naturalesa\/"]}]},{"@type":"ImageObject","inLanguage":"es","@id":"https:\/\/www.salvemsabadia.com\/salvem-sa-badia-de-portmany-sollicitara-a-lajuntament-que-no-autoritzi-macroesdeveniments-amb-milers-de-persones-a-la-platja-de-sarenal-a-lesser-un-atemptat-contra-la-naturalesa\/#primaryimage","url":"https:\/\/www.salvemsabadia.com\/wp-content\/uploads\/2025\/07\/P1210984rec.jpg","contentUrl":"https:\/\/www.salvemsabadia.com\/wp-content\/uploads\/2025\/07\/P1210984rec.jpg","width":1400,"height":933,"caption":"Concierto en la playa de s'Arenal"},{"@type":"BreadcrumbList","@id":"https:\/\/www.salvemsabadia.com\/salvem-sa-badia-de-portmany-sollicitara-a-lajuntament-que-no-autoritzi-macroesdeveniments-amb-milers-de-persones-a-la-platja-de-sarenal-a-lesser-un-atemptat-contra-la-naturalesa\/#breadcrumb","itemListElement":[{"@type":"ListItem","position":1,"name":"Portada","item":"https:\/\/www.salvemsabadia.com\/es\/"},{"@type":"ListItem","position":2,"name":"Salvem sa Badia de Portmany solicitar\u00e1 al Ayuntamiento que no autorice macroeventos con miles de personas en la playa de s\u2019Arenal, al constituir un atentado contra la naturaleza"}]},{"@type":"WebSite","@id":"https:\/\/www.salvemsabadia.com\/#website","url":"https:\/\/www.salvemsabadia.com\/","name":"Salvem Sa Badia de Portmany","description":"","publisher":{"@id":"https:\/\/www.salvemsabadia.com\/#organization"},"potentialAction":[{"@type":"SearchAction","target":{"@type":"EntryPoint","urlTemplate":"https:\/\/www.salvemsabadia.com\/?s={search_term_string}"},"query-input":{"@type":"PropertyValueSpecification","valueRequired":true,"valueName":"search_term_string"}}],"inLanguage":"es"},{"@type":"Organization","@id":"https:\/\/www.salvemsabadia.com\/#organization","name":"Salvem Sa Badia de Portmany","url":"https:\/\/www.salvemsabadia.com\/","logo":{"@type":"ImageObject","inLanguage":"es","@id":"https:\/\/www.salvemsabadia.com\/#\/schema\/logo\/image\/","url":"https:\/\/www.salvemsabadia.com\/wp-content\/uploads\/2020\/03\/logo.png","contentUrl":"https:\/\/www.salvemsabadia.com\/wp-content\/uploads\/2020\/03\/logo.png","width":188,"height":151,"caption":"Salvem Sa Badia de Portmany"},"image":{"@id":"https:\/\/www.salvemsabadia.com\/#\/schema\/logo\/image\/"}},{"@type":"Person","@id":"https:\/\/www.salvemsabadia.com\/#\/schema\/person\/5d08c5118adcb4140d13bde4826ba122","name":"Salvem sa Badia","image":{"@type":"ImageObject","inLanguage":"es","@id":"https:\/\/www.salvemsabadia.com\/#\/schema\/person\/image\/","url":"https:\/\/secure.gravatar.com\/avatar\/d569ee5739a9c7022470ea472c9b4b9cf476e15f1be71e5242c911d673d14ad9?s=96&d=mm&r=g","contentUrl":"https:\/\/secure.gravatar.com\/avatar\/d569ee5739a9c7022470ea472c9b4b9cf476e15f1be71e5242c911d673d14ad9?s=96&d=mm&r=g","caption":"Salvem sa Badia"}}]}},"_links":{"self":[{"href":"https:\/\/www.salvemsabadia.com\/es\/wp-json\/wp\/v2\/posts\/5612","targetHints":{"allow":["GET"]}}],"collection":[{"href":"https:\/\/www.salvemsabadia.com\/es\/wp-json\/wp\/v2\/posts"}],"about":[{"href":"https:\/\/www.salvemsabadia.com\/es\/wp-json\/wp\/v2\/types\/post"}],"author":[{"embeddable":true,"href":"https:\/\/www.salvemsabadia.com\/es\/wp-json\/wp\/v2\/users\/2"}],"replies":[{"embeddable":true,"href":"https:\/\/www.salvemsabadia.com\/es\/wp-json\/wp\/v2\/comments?post=5612"}],"version-history":[{"count":0,"href":"https:\/\/www.salvemsabadia.com\/es\/wp-json\/wp\/v2\/posts\/5612\/revisions"}],"wp:featuredmedia":[{"embeddable":true,"href":"https:\/\/www.salvemsabadia.com\/es\/wp-json\/wp\/v2\/media\/5621"}],"wp:attachment":[{"href":"https:\/\/www.salvemsabadia.com\/es\/wp-json\/wp\/v2\/media?parent=5612"}],"wp:term":[{"taxonomy":"category","embeddable":true,"href":"https:\/\/www.salvemsabadia.com\/es\/wp-json\/wp\/v2\/categories?post=5612"},{"taxonomy":"post_tag","embeddable":true,"href":"https:\/\/www.salvemsabadia.com\/es\/wp-json\/wp\/v2\/tags?post=5612"}],"curies":[{"name":"wp","href":"https:\/\/api.w.org\/{rel}","templated":true}]}}