{"id":5640,"date":"2025-07-22T14:48:04","date_gmt":"2025-07-22T12:48:04","guid":{"rendered":"https:\/\/www.salvemsabadia.com\/?p=5640"},"modified":"2025-07-22T14:55:13","modified_gmt":"2025-07-22T12:55:13","slug":"mas-de-cien-peces-muertos-en-la-orilla-de-sarenal-por-un-nuevo-vertido-de-fecales-provocado-por-un-atasco-en-la-red-de-alcantarillado","status":"publish","type":"post","link":"https:\/\/www.salvemsabadia.com\/es\/mas-de-cien-peces-muertos-en-la-orilla-de-sarenal-por-un-nuevo-vertido-de-fecales-provocado-por-un-atasco-en-la-red-de-alcantarillado\/","title":{"rendered":"M\u00e1s de cien peces muertos en la orilla de s\u2019Arenal por un nuevo vertido de fecales, provocado por un atasco en la red de alcantarillado"},"content":{"rendered":"<div id=\"attachment_5643\" style=\"width: 2050px\" class=\"wp-caption alignnone\"><img loading=\"lazy\" decoding=\"async\" aria-describedby=\"caption-attachment-5643\" class=\"wp-image-5643 size-full\" src=\"https:\/\/www.salvemsabadia.com\/wp-content\/uploads\/2025\/07\/arenal-vertido-al-mar-y-peces-muertos.jpeg\" alt=\"\" width=\"2040\" height=\"1536\" srcset=\"https:\/\/www.salvemsabadia.com\/wp-content\/uploads\/2025\/07\/arenal-vertido-al-mar-y-peces-muertos.jpeg 2040w, https:\/\/www.salvemsabadia.com\/wp-content\/uploads\/2025\/07\/arenal-vertido-al-mar-y-peces-muertos-300x226.jpeg 300w, https:\/\/www.salvemsabadia.com\/wp-content\/uploads\/2025\/07\/arenal-vertido-al-mar-y-peces-muertos-1024x771.jpeg 1024w, https:\/\/www.salvemsabadia.com\/wp-content\/uploads\/2025\/07\/arenal-vertido-al-mar-y-peces-muertos-768x578.jpeg 768w, https:\/\/www.salvemsabadia.com\/wp-content\/uploads\/2025\/07\/arenal-vertido-al-mar-y-peces-muertos-1536x1157.jpeg 1536w\" sizes=\"auto, (max-width: 2040px) 100vw, 2040px\" \/><p id=\"caption-attachment-5643\" class=\"wp-caption-text\">Dos peces muertos en el curso del vertido hasta su desembocadura en el mar.<\/p><\/div>\n<p>Un nuevo vertido de aguas fecales en el torrente de es Reguer\u00f3 ha provocado el cierre de la playa de s\u2019Arenal y una mortandad de peces en la bassa des Reguer\u00f3, situada junto a la orilla. El nuevo episodio de contaminaci\u00f3n fue detectado ayer por un miembro de Salvem sa Badia, que alert\u00f3 al 112 de lo que estaba sucediendo, tomando muestras de agua en el punto donde la charca se encuentra con el mar. Desde el tel\u00e9fono de emergencias se respondi\u00f3 que en ese momento hab\u00eda un incendio en Cala d\u2019Hort, que constitu\u00eda lo prioritario, y esta ma\u00f1ana el Ayuntamiento segu\u00eda sin tener conocimiento de los hechos.<\/p>\n<p>Hoy, sobre las 11 horas, al ver que la playa segu\u00eda abierta, que hab\u00eda m\u00e1s de cien peces muertos en la Bassa des Reguer\u00f3 de la variedad <em>moix\u00f2<\/em> (Atherina boyeri) y que el agua contaminada ya manaba directamente al mar, algo que ayer no se pudo corroborar, desde la Asociaci\u00f3n se ha procedido a alertar a los socorristas del puesto cercano, que no ten\u00edan conocimiento del incidente y que han puesto en marcha el protocolo. Tambi\u00e9n se le ha comunicado la situaci\u00f3n al t\u00e9cnico municipal de playas media hora m\u00e1s tarde y, sobre las 12,30, la mitad de la orilla, desde es Reguer\u00f3 hacia el centro de Sant Antoni, ha quedado cerrada con bandera roja y al otro lado ondea la bandera amarilla.<\/p>\n<div id=\"attachment_5641\" style=\"width: 1410px\" class=\"wp-caption alignnone\"><img loading=\"lazy\" decoding=\"async\" aria-describedby=\"caption-attachment-5641\" class=\"wp-image-5641 size-full\" src=\"https:\/\/www.salvemsabadia.com\/wp-content\/uploads\/2025\/07\/Captura-de-pantalla-2025-07-22-a-las-14.40.58.jpg\" alt=\"\" width=\"1400\" height=\"933\" srcset=\"https:\/\/www.salvemsabadia.com\/wp-content\/uploads\/2025\/07\/Captura-de-pantalla-2025-07-22-a-las-14.40.58.jpg 1400w, https:\/\/www.salvemsabadia.com\/wp-content\/uploads\/2025\/07\/Captura-de-pantalla-2025-07-22-a-las-14.40.58-300x200.jpg 300w, https:\/\/www.salvemsabadia.com\/wp-content\/uploads\/2025\/07\/Captura-de-pantalla-2025-07-22-a-las-14.40.58-1024x682.jpg 1024w, https:\/\/www.salvemsabadia.com\/wp-content\/uploads\/2025\/07\/Captura-de-pantalla-2025-07-22-a-las-14.40.58-768x512.jpg 768w, https:\/\/www.salvemsabadia.com\/wp-content\/uploads\/2025\/07\/Captura-de-pantalla-2025-07-22-a-las-14.40.58-900x600.jpg 900w\" sizes=\"auto, (max-width: 1400px) 100vw, 1400px\" \/><p id=\"caption-attachment-5641\" class=\"wp-caption-text\">A la izquierda, la Bassa des Reguer\u00f3 esta ma\u00f1ana, llena de peces muertos. A la derecha, otra perspectiva de la charca.<\/p><\/div>\n<p>Ayer por la tarde, la zona estaba tomada por una fuerte pestilencia, pero se desconoce si el agua contaminada alcanz\u00f3 la orilla. Por si acaso, Salvem sa Badia tom\u00f3 muestras en el citado punto, que ahora un laboratorio tiene que analizar. Sin embargo, en la segunda visita realizada hace pocas horas, el vertido ya flu\u00eda directamente al mar y el episodio de contaminaci\u00f3n era evidente.<\/p>\n<p>Desde el Ayuntamiento de Sant Antoni, una vez cerrada la playa, se nos ha informado de que el vertido se ha producido por un atasco en la red de alcantarillado, que ha provocado que las aguas sucias sean derivadas al torrente de es Reguer\u00f3 a trav\u00e9s de la red de pluviales, provocando este nuevo episodio de contaminaci\u00f3n, que sin duda contribuye muy negativamente a la imagen tur\u00edstica del municipio, adem\u00e1s de perjudicar gravemente a la biodiversidad.<\/p>\n<p>Cabe recordar que en abril ya tuvieron lugar dos episodios de contaminaci\u00f3n en la Platja d\u2019en Xinx\u00f3, en la zona sur de la bah\u00eda, y en Cal\u00f3 des Moro, y que en mayo hubo otros dos, tambi\u00e9n por aguas fecales, en s\u2019Estanyol y s\u2019Arenal, provocando el primer cierre de esta \u00faltima playa. Asimismo, el mes pasado se hizo p\u00fablico que la organizaci\u00f3n Ecologistas en Acci\u00f3n concedi\u00f3 una de sus dos banderas negras en Balears a la bah\u00eda de Portmany, por estos episodios recurrentes de vertidos de aguas residuales.<\/p>\n<div id=\"attachment_5647\" style=\"width: 1410px\" class=\"wp-caption alignnone\"><img loading=\"lazy\" decoding=\"async\" aria-describedby=\"caption-attachment-5647\" class=\"wp-image-5647 size-full\" src=\"https:\/\/www.salvemsabadia.com\/wp-content\/uploads\/2025\/07\/Captura-de-pantalla-2025-07-22-a-las-14.44.42.jpg\" alt=\"\" width=\"1400\" height=\"933\" srcset=\"https:\/\/www.salvemsabadia.com\/wp-content\/uploads\/2025\/07\/Captura-de-pantalla-2025-07-22-a-las-14.44.42.jpg 1400w, https:\/\/www.salvemsabadia.com\/wp-content\/uploads\/2025\/07\/Captura-de-pantalla-2025-07-22-a-las-14.44.42-300x200.jpg 300w, https:\/\/www.salvemsabadia.com\/wp-content\/uploads\/2025\/07\/Captura-de-pantalla-2025-07-22-a-las-14.44.42-1024x682.jpg 1024w, https:\/\/www.salvemsabadia.com\/wp-content\/uploads\/2025\/07\/Captura-de-pantalla-2025-07-22-a-las-14.44.42-768x512.jpg 768w, https:\/\/www.salvemsabadia.com\/wp-content\/uploads\/2025\/07\/Captura-de-pantalla-2025-07-22-a-las-14.44.42-900x600.jpg 900w\" sizes=\"auto, (max-width: 1400px) 100vw, 1400px\" \/><p id=\"caption-attachment-5647\" class=\"wp-caption-text\">Vertido de salmuera, ayer por la tarde, junto a la desaladora. El agua tambi\u00e9n acababa en el mar.<\/p><\/div>\n<p>No ha sido el \u00fanico cap\u00edtulo que se ha producido en la bah\u00eda en estas \u00faltimas horas. Salvem sa Badia, atendiendo a otro aviso de un vecino, acudi\u00f3 ayer por la tarde a la zona de la desaladora de Sant Antoni, en el entorno de Cala Graci\u00f3, pudiendo comprobar c\u00f3mo se produc\u00eda un vertido de salmuera a trav\u00e9s de un registro en las rocas, que acababa derivando al mar. La salmuera constituye un peligro para la flora y la fauna, ya que los elevados niveles de salinidad provocan el deterioro de los ecosistemas marinos.<\/p>\n","protected":false},"excerpt":{"rendered":"<p>Un nuevo vertido de aguas fecales en el torrente de es Reguer\u00f3 ha provocado el cierre de la playa de s\u2019Arenal y una mortandad de peces en la bassa des&#8230;<\/p>\n","protected":false},"author":2,"featured_media":5643,"comment_status":"closed","ping_status":"closed","sticky":false,"template":"","format":"standard","meta":{"give_campaign_id":0,"footnotes":""},"categories":[201,203,106,212,10,215],"tags":[],"class_list":{"0":"post-5640","1":"post","2":"type-post","3":"status-publish","4":"format-standard","5":"has-post-thumbnail","7":"category-biodiversidad","8":"category-calidad-del-agua","9":"category-destacado","10":"category-playas","11":"category-salvem-sa-badia","12":"category-turismo"},"yoast_head":"<!-- This site is optimized with the Yoast SEO plugin v26.8 - https:\/\/yoast.com\/product\/yoast-seo-wordpress\/ -->\n<title>M\u00e1s de cien peces muertos en la orilla de s\u2019Arenal por un nuevo vertido de fecales, provocado por un atasco en la red de alcantarillado - Salvem Sa Badia de Portmany<\/title>\n<meta name=\"robots\" content=\"index, follow, max-snippet:-1, max-image-preview:large, max-video-preview:-1\" \/>\n<link rel=\"canonical\" href=\"https:\/\/www.salvemsabadia.com\/mes-de-cent-peixos-morts-a-la-riba-de-sarenal-per-un-nou-abocament-de-fecals-provocat-per-un-embus-a-la-xarxa-de-clavegueram\/\" \/>\n<meta property=\"og:locale\" content=\"es_ES\" \/>\n<meta property=\"og:type\" content=\"article\" \/>\n<meta property=\"og:title\" content=\"M\u00e1s de cien peces muertos en la orilla de s\u2019Arenal por un nuevo vertido de fecales, provocado por un atasco en la red de alcantarillado - Salvem Sa Badia de Portmany\" \/>\n<meta property=\"og:description\" content=\"Un nuevo vertido de aguas fecales en el torrente de es Reguer\u00f3 ha provocado el cierre de la playa de s\u2019Arenal y una mortandad de peces en la bassa des...\" \/>\n<meta property=\"og:url\" content=\"https:\/\/www.salvemsabadia.com\/mes-de-cent-peixos-morts-a-la-riba-de-sarenal-per-un-nou-abocament-de-fecals-provocat-per-un-embus-a-la-xarxa-de-clavegueram\/\" \/>\n<meta property=\"og:site_name\" content=\"Salvem Sa Badia de Portmany\" \/>\n<meta property=\"article:published_time\" content=\"2025-07-22T12:48:04+00:00\" \/>\n<meta property=\"article:modified_time\" content=\"2025-07-22T12:55:13+00:00\" \/>\n<meta property=\"og:image\" content=\"https:\/\/www.salvemsabadia.com\/wp-content\/uploads\/2025\/07\/arenal-vertido-al-mar-y-peces-muertos.jpeg\" \/>\n\t<meta property=\"og:image:width\" content=\"2040\" \/>\n\t<meta property=\"og:image:height\" content=\"1536\" \/>\n\t<meta property=\"og:image:type\" content=\"image\/jpeg\" \/>\n<meta name=\"author\" content=\"Salvem sa Badia\" \/>\n<meta name=\"twitter:card\" content=\"summary_large_image\" \/>\n<meta name=\"twitter:label1\" content=\"Escrito por\" \/>\n\t<meta name=\"twitter:data1\" content=\"Salvem sa Badia\" \/>\n\t<meta name=\"twitter:label2\" content=\"Tiempo de lectura\" \/>\n\t<meta name=\"twitter:data2\" content=\"3 minutos\" \/>\n<script type=\"application\/ld+json\" class=\"yoast-schema-graph\">{\"@context\":\"https:\/\/schema.org\",\"@graph\":[{\"@type\":\"Article\",\"@id\":\"https:\/\/www.salvemsabadia.com\/mes-de-cent-peixos-morts-a-la-riba-de-sarenal-per-un-nou-abocament-de-fecals-provocat-per-un-embus-a-la-xarxa-de-clavegueram\/#article\",\"isPartOf\":{\"@id\":\"https:\/\/www.salvemsabadia.com\/mes-de-cent-peixos-morts-a-la-riba-de-sarenal-per-un-nou-abocament-de-fecals-provocat-per-un-embus-a-la-xarxa-de-clavegueram\/\"},\"author\":{\"name\":\"Salvem sa Badia\",\"@id\":\"https:\/\/www.salvemsabadia.com\/#\/schema\/person\/5d08c5118adcb4140d13bde4826ba122\"},\"headline\":\"M\u00e1s de cien peces muertos en la orilla de s\u2019Arenal por un nuevo vertido de fecales, provocado por un atasco en la red de alcantarillado\",\"datePublished\":\"2025-07-22T12:48:04+00:00\",\"dateModified\":\"2025-07-22T12:55:13+00:00\",\"mainEntityOfPage\":{\"@id\":\"https:\/\/www.salvemsabadia.com\/mes-de-cent-peixos-morts-a-la-riba-de-sarenal-per-un-nou-abocament-de-fecals-provocat-per-un-embus-a-la-xarxa-de-clavegueram\/\"},\"wordCount\":692,\"publisher\":{\"@id\":\"https:\/\/www.salvemsabadia.com\/#organization\"},\"image\":{\"@id\":\"https:\/\/www.salvemsabadia.com\/mes-de-cent-peixos-morts-a-la-riba-de-sarenal-per-un-nou-abocament-de-fecals-provocat-per-un-embus-a-la-xarxa-de-clavegueram\/#primaryimage\"},\"thumbnailUrl\":\"https:\/\/www.salvemsabadia.com\/wp-content\/uploads\/2025\/07\/arenal-vertido-al-mar-y-peces-muertos.jpeg\",\"articleSection\":[\"Biodiversidad\",\"Calidad del agua\",\"Destacado\",\"Playas\",\"Salvem Sa Badia\",\"Turismo\"],\"inLanguage\":\"es\"},{\"@type\":\"WebPage\",\"@id\":\"https:\/\/www.salvemsabadia.com\/mes-de-cent-peixos-morts-a-la-riba-de-sarenal-per-un-nou-abocament-de-fecals-provocat-per-un-embus-a-la-xarxa-de-clavegueram\/\",\"url\":\"https:\/\/www.salvemsabadia.com\/mes-de-cent-peixos-morts-a-la-riba-de-sarenal-per-un-nou-abocament-de-fecals-provocat-per-un-embus-a-la-xarxa-de-clavegueram\/\",\"name\":\"M\u00e1s de cien peces muertos en la orilla de s\u2019Arenal por un nuevo vertido de fecales, provocado por un atasco en la red de alcantarillado - Salvem Sa Badia de Portmany\",\"isPartOf\":{\"@id\":\"https:\/\/www.salvemsabadia.com\/#website\"},\"primaryImageOfPage\":{\"@id\":\"https:\/\/www.salvemsabadia.com\/mes-de-cent-peixos-morts-a-la-riba-de-sarenal-per-un-nou-abocament-de-fecals-provocat-per-un-embus-a-la-xarxa-de-clavegueram\/#primaryimage\"},\"image\":{\"@id\":\"https:\/\/www.salvemsabadia.com\/mes-de-cent-peixos-morts-a-la-riba-de-sarenal-per-un-nou-abocament-de-fecals-provocat-per-un-embus-a-la-xarxa-de-clavegueram\/#primaryimage\"},\"thumbnailUrl\":\"https:\/\/www.salvemsabadia.com\/wp-content\/uploads\/2025\/07\/arenal-vertido-al-mar-y-peces-muertos.jpeg\",\"datePublished\":\"2025-07-22T12:48:04+00:00\",\"dateModified\":\"2025-07-22T12:55:13+00:00\",\"breadcrumb\":{\"@id\":\"https:\/\/www.salvemsabadia.com\/mes-de-cent-peixos-morts-a-la-riba-de-sarenal-per-un-nou-abocament-de-fecals-provocat-per-un-embus-a-la-xarxa-de-clavegueram\/#breadcrumb\"},\"inLanguage\":\"es\",\"potentialAction\":[{\"@type\":\"ReadAction\",\"target\":[\"https:\/\/www.salvemsabadia.com\/mes-de-cent-peixos-morts-a-la-riba-de-sarenal-per-un-nou-abocament-de-fecals-provocat-per-un-embus-a-la-xarxa-de-clavegueram\/\"]}]},{\"@type\":\"ImageObject\",\"inLanguage\":\"es\",\"@id\":\"https:\/\/www.salvemsabadia.com\/mes-de-cent-peixos-morts-a-la-riba-de-sarenal-per-un-nou-abocament-de-fecals-provocat-per-un-embus-a-la-xarxa-de-clavegueram\/#primaryimage\",\"url\":\"https:\/\/www.salvemsabadia.com\/wp-content\/uploads\/2025\/07\/arenal-vertido-al-mar-y-peces-muertos.jpeg\",\"contentUrl\":\"https:\/\/www.salvemsabadia.com\/wp-content\/uploads\/2025\/07\/arenal-vertido-al-mar-y-peces-muertos.jpeg\",\"width\":2040,\"height\":1536},{\"@type\":\"BreadcrumbList\",\"@id\":\"https:\/\/www.salvemsabadia.com\/mes-de-cent-peixos-morts-a-la-riba-de-sarenal-per-un-nou-abocament-de-fecals-provocat-per-un-embus-a-la-xarxa-de-clavegueram\/#breadcrumb\",\"itemListElement\":[{\"@type\":\"ListItem\",\"position\":1,\"name\":\"Portada\",\"item\":\"https:\/\/www.salvemsabadia.com\/es\/\"},{\"@type\":\"ListItem\",\"position\":2,\"name\":\"M\u00e1s de cien peces muertos en la orilla de s\u2019Arenal por un nuevo vertido de fecales, provocado por un atasco en la red de alcantarillado\"}]},{\"@type\":\"WebSite\",\"@id\":\"https:\/\/www.salvemsabadia.com\/#website\",\"url\":\"https:\/\/www.salvemsabadia.com\/\",\"name\":\"Salvem Sa Badia de Portmany\",\"description\":\"\",\"publisher\":{\"@id\":\"https:\/\/www.salvemsabadia.com\/#organization\"},\"potentialAction\":[{\"@type\":\"SearchAction\",\"target\":{\"@type\":\"EntryPoint\",\"urlTemplate\":\"https:\/\/www.salvemsabadia.com\/?s={search_term_string}\"},\"query-input\":{\"@type\":\"PropertyValueSpecification\",\"valueRequired\":true,\"valueName\":\"search_term_string\"}}],\"inLanguage\":\"es\"},{\"@type\":\"Organization\",\"@id\":\"https:\/\/www.salvemsabadia.com\/#organization\",\"name\":\"Salvem Sa Badia de Portmany\",\"url\":\"https:\/\/www.salvemsabadia.com\/\",\"logo\":{\"@type\":\"ImageObject\",\"inLanguage\":\"es\",\"@id\":\"https:\/\/www.salvemsabadia.com\/#\/schema\/logo\/image\/\",\"url\":\"https:\/\/www.salvemsabadia.com\/wp-content\/uploads\/2020\/03\/logo.png\",\"contentUrl\":\"https:\/\/www.salvemsabadia.com\/wp-content\/uploads\/2020\/03\/logo.png\",\"width\":188,\"height\":151,\"caption\":\"Salvem Sa Badia de Portmany\"},\"image\":{\"@id\":\"https:\/\/www.salvemsabadia.com\/#\/schema\/logo\/image\/\"}},{\"@type\":\"Person\",\"@id\":\"https:\/\/www.salvemsabadia.com\/#\/schema\/person\/5d08c5118adcb4140d13bde4826ba122\",\"name\":\"Salvem sa Badia\",\"image\":{\"@type\":\"ImageObject\",\"inLanguage\":\"es\",\"@id\":\"https:\/\/www.salvemsabadia.com\/#\/schema\/person\/image\/\",\"url\":\"https:\/\/secure.gravatar.com\/avatar\/d569ee5739a9c7022470ea472c9b4b9cf476e15f1be71e5242c911d673d14ad9?s=96&d=mm&r=g\",\"contentUrl\":\"https:\/\/secure.gravatar.com\/avatar\/d569ee5739a9c7022470ea472c9b4b9cf476e15f1be71e5242c911d673d14ad9?s=96&d=mm&r=g\",\"caption\":\"Salvem sa Badia\"}}]}<\/script>\n<!-- \/ Yoast SEO plugin. -->","yoast_head_json":{"title":"M\u00e1s de cien peces muertos en la orilla de s\u2019Arenal por un nuevo vertido de fecales, provocado por un atasco en la red de alcantarillado - Salvem Sa Badia de Portmany","robots":{"index":"index","follow":"follow","max-snippet":"max-snippet:-1","max-image-preview":"max-image-preview:large","max-video-preview":"max-video-preview:-1"},"canonical":"https:\/\/www.salvemsabadia.com\/mes-de-cent-peixos-morts-a-la-riba-de-sarenal-per-un-nou-abocament-de-fecals-provocat-per-un-embus-a-la-xarxa-de-clavegueram\/","og_locale":"es_ES","og_type":"article","og_title":"M\u00e1s de cien peces muertos en la orilla de s\u2019Arenal por un nuevo vertido de fecales, provocado por un atasco en la red de alcantarillado - Salvem Sa Badia de Portmany","og_description":"Un nuevo vertido de aguas fecales en el torrente de es Reguer\u00f3 ha provocado el cierre de la playa de s\u2019Arenal y una mortandad de peces en la bassa des...","og_url":"https:\/\/www.salvemsabadia.com\/mes-de-cent-peixos-morts-a-la-riba-de-sarenal-per-un-nou-abocament-de-fecals-provocat-per-un-embus-a-la-xarxa-de-clavegueram\/","og_site_name":"Salvem Sa Badia de Portmany","article_published_time":"2025-07-22T12:48:04+00:00","article_modified_time":"2025-07-22T12:55:13+00:00","og_image":[{"width":2040,"height":1536,"url":"https:\/\/www.salvemsabadia.com\/wp-content\/uploads\/2025\/07\/arenal-vertido-al-mar-y-peces-muertos.jpeg","type":"image\/jpeg"}],"author":"Salvem sa Badia","twitter_card":"summary_large_image","twitter_misc":{"Escrito por":"Salvem sa Badia","Tiempo de lectura":"3 minutos"},"schema":{"@context":"https:\/\/schema.org","@graph":[{"@type":"Article","@id":"https:\/\/www.salvemsabadia.com\/mes-de-cent-peixos-morts-a-la-riba-de-sarenal-per-un-nou-abocament-de-fecals-provocat-per-un-embus-a-la-xarxa-de-clavegueram\/#article","isPartOf":{"@id":"https:\/\/www.salvemsabadia.com\/mes-de-cent-peixos-morts-a-la-riba-de-sarenal-per-un-nou-abocament-de-fecals-provocat-per-un-embus-a-la-xarxa-de-clavegueram\/"},"author":{"name":"Salvem sa Badia","@id":"https:\/\/www.salvemsabadia.com\/#\/schema\/person\/5d08c5118adcb4140d13bde4826ba122"},"headline":"M\u00e1s de cien peces muertos en la orilla de s\u2019Arenal por un nuevo vertido de fecales, provocado por un atasco en la red de alcantarillado","datePublished":"2025-07-22T12:48:04+00:00","dateModified":"2025-07-22T12:55:13+00:00","mainEntityOfPage":{"@id":"https:\/\/www.salvemsabadia.com\/mes-de-cent-peixos-morts-a-la-riba-de-sarenal-per-un-nou-abocament-de-fecals-provocat-per-un-embus-a-la-xarxa-de-clavegueram\/"},"wordCount":692,"publisher":{"@id":"https:\/\/www.salvemsabadia.com\/#organization"},"image":{"@id":"https:\/\/www.salvemsabadia.com\/mes-de-cent-peixos-morts-a-la-riba-de-sarenal-per-un-nou-abocament-de-fecals-provocat-per-un-embus-a-la-xarxa-de-clavegueram\/#primaryimage"},"thumbnailUrl":"https:\/\/www.salvemsabadia.com\/wp-content\/uploads\/2025\/07\/arenal-vertido-al-mar-y-peces-muertos.jpeg","articleSection":["Biodiversidad","Calidad del agua","Destacado","Playas","Salvem Sa Badia","Turismo"],"inLanguage":"es"},{"@type":"WebPage","@id":"https:\/\/www.salvemsabadia.com\/mes-de-cent-peixos-morts-a-la-riba-de-sarenal-per-un-nou-abocament-de-fecals-provocat-per-un-embus-a-la-xarxa-de-clavegueram\/","url":"https:\/\/www.salvemsabadia.com\/mes-de-cent-peixos-morts-a-la-riba-de-sarenal-per-un-nou-abocament-de-fecals-provocat-per-un-embus-a-la-xarxa-de-clavegueram\/","name":"M\u00e1s de cien peces muertos en la orilla de s\u2019Arenal por un nuevo vertido de fecales, provocado por un atasco en la red de alcantarillado - Salvem Sa Badia de Portmany","isPartOf":{"@id":"https:\/\/www.salvemsabadia.com\/#website"},"primaryImageOfPage":{"@id":"https:\/\/www.salvemsabadia.com\/mes-de-cent-peixos-morts-a-la-riba-de-sarenal-per-un-nou-abocament-de-fecals-provocat-per-un-embus-a-la-xarxa-de-clavegueram\/#primaryimage"},"image":{"@id":"https:\/\/www.salvemsabadia.com\/mes-de-cent-peixos-morts-a-la-riba-de-sarenal-per-un-nou-abocament-de-fecals-provocat-per-un-embus-a-la-xarxa-de-clavegueram\/#primaryimage"},"thumbnailUrl":"https:\/\/www.salvemsabadia.com\/wp-content\/uploads\/2025\/07\/arenal-vertido-al-mar-y-peces-muertos.jpeg","datePublished":"2025-07-22T12:48:04+00:00","dateModified":"2025-07-22T12:55:13+00:00","breadcrumb":{"@id":"https:\/\/www.salvemsabadia.com\/mes-de-cent-peixos-morts-a-la-riba-de-sarenal-per-un-nou-abocament-de-fecals-provocat-per-un-embus-a-la-xarxa-de-clavegueram\/#breadcrumb"},"inLanguage":"es","potentialAction":[{"@type":"ReadAction","target":["https:\/\/www.salvemsabadia.com\/mes-de-cent-peixos-morts-a-la-riba-de-sarenal-per-un-nou-abocament-de-fecals-provocat-per-un-embus-a-la-xarxa-de-clavegueram\/"]}]},{"@type":"ImageObject","inLanguage":"es","@id":"https:\/\/www.salvemsabadia.com\/mes-de-cent-peixos-morts-a-la-riba-de-sarenal-per-un-nou-abocament-de-fecals-provocat-per-un-embus-a-la-xarxa-de-clavegueram\/#primaryimage","url":"https:\/\/www.salvemsabadia.com\/wp-content\/uploads\/2025\/07\/arenal-vertido-al-mar-y-peces-muertos.jpeg","contentUrl":"https:\/\/www.salvemsabadia.com\/wp-content\/uploads\/2025\/07\/arenal-vertido-al-mar-y-peces-muertos.jpeg","width":2040,"height":1536},{"@type":"BreadcrumbList","@id":"https:\/\/www.salvemsabadia.com\/mes-de-cent-peixos-morts-a-la-riba-de-sarenal-per-un-nou-abocament-de-fecals-provocat-per-un-embus-a-la-xarxa-de-clavegueram\/#breadcrumb","itemListElement":[{"@type":"ListItem","position":1,"name":"Portada","item":"https:\/\/www.salvemsabadia.com\/es\/"},{"@type":"ListItem","position":2,"name":"M\u00e1s de cien peces muertos en la orilla de s\u2019Arenal por un nuevo vertido de fecales, provocado por un atasco en la red de alcantarillado"}]},{"@type":"WebSite","@id":"https:\/\/www.salvemsabadia.com\/#website","url":"https:\/\/www.salvemsabadia.com\/","name":"Salvem Sa Badia de Portmany","description":"","publisher":{"@id":"https:\/\/www.salvemsabadia.com\/#organization"},"potentialAction":[{"@type":"SearchAction","target":{"@type":"EntryPoint","urlTemplate":"https:\/\/www.salvemsabadia.com\/?s={search_term_string}"},"query-input":{"@type":"PropertyValueSpecification","valueRequired":true,"valueName":"search_term_string"}}],"inLanguage":"es"},{"@type":"Organization","@id":"https:\/\/www.salvemsabadia.com\/#organization","name":"Salvem Sa Badia de Portmany","url":"https:\/\/www.salvemsabadia.com\/","logo":{"@type":"ImageObject","inLanguage":"es","@id":"https:\/\/www.salvemsabadia.com\/#\/schema\/logo\/image\/","url":"https:\/\/www.salvemsabadia.com\/wp-content\/uploads\/2020\/03\/logo.png","contentUrl":"https:\/\/www.salvemsabadia.com\/wp-content\/uploads\/2020\/03\/logo.png","width":188,"height":151,"caption":"Salvem Sa Badia de Portmany"},"image":{"@id":"https:\/\/www.salvemsabadia.com\/#\/schema\/logo\/image\/"}},{"@type":"Person","@id":"https:\/\/www.salvemsabadia.com\/#\/schema\/person\/5d08c5118adcb4140d13bde4826ba122","name":"Salvem sa Badia","image":{"@type":"ImageObject","inLanguage":"es","@id":"https:\/\/www.salvemsabadia.com\/#\/schema\/person\/image\/","url":"https:\/\/secure.gravatar.com\/avatar\/d569ee5739a9c7022470ea472c9b4b9cf476e15f1be71e5242c911d673d14ad9?s=96&d=mm&r=g","contentUrl":"https:\/\/secure.gravatar.com\/avatar\/d569ee5739a9c7022470ea472c9b4b9cf476e15f1be71e5242c911d673d14ad9?s=96&d=mm&r=g","caption":"Salvem sa Badia"}}]}},"_links":{"self":[{"href":"https:\/\/www.salvemsabadia.com\/es\/wp-json\/wp\/v2\/posts\/5640","targetHints":{"allow":["GET"]}}],"collection":[{"href":"https:\/\/www.salvemsabadia.com\/es\/wp-json\/wp\/v2\/posts"}],"about":[{"href":"https:\/\/www.salvemsabadia.com\/es\/wp-json\/wp\/v2\/types\/post"}],"author":[{"embeddable":true,"href":"https:\/\/www.salvemsabadia.com\/es\/wp-json\/wp\/v2\/users\/2"}],"replies":[{"embeddable":true,"href":"https:\/\/www.salvemsabadia.com\/es\/wp-json\/wp\/v2\/comments?post=5640"}],"version-history":[{"count":0,"href":"https:\/\/www.salvemsabadia.com\/es\/wp-json\/wp\/v2\/posts\/5640\/revisions"}],"wp:featuredmedia":[{"embeddable":true,"href":"https:\/\/www.salvemsabadia.com\/es\/wp-json\/wp\/v2\/media\/5643"}],"wp:attachment":[{"href":"https:\/\/www.salvemsabadia.com\/es\/wp-json\/wp\/v2\/media?parent=5640"}],"wp:term":[{"taxonomy":"category","embeddable":true,"href":"https:\/\/www.salvemsabadia.com\/es\/wp-json\/wp\/v2\/categories?post=5640"},{"taxonomy":"post_tag","embeddable":true,"href":"https:\/\/www.salvemsabadia.com\/es\/wp-json\/wp\/v2\/tags?post=5640"}],"curies":[{"name":"wp","href":"https:\/\/api.w.org\/{rel}","templated":true}]}}