{"id":5657,"date":"2025-07-23T17:08:24","date_gmt":"2025-07-23T15:08:24","guid":{"rendered":"https:\/\/www.salvemsabadia.com\/?p=5657"},"modified":"2025-07-23T17:08:24","modified_gmt":"2025-07-23T15:08:24","slug":"salvem-sa-badia-reclama-que-se-vuelva-a-convocar-la-mesa-de-laigua-badia-de-portmany-para-buscar-soluciones-urgentes-a-la-crisis-de-vertidos","status":"publish","type":"post","link":"https:\/\/www.salvemsabadia.com\/es\/salvem-sa-badia-reclama-que-se-vuelva-a-convocar-la-mesa-de-laigua-badia-de-portmany-para-buscar-soluciones-urgentes-a-la-crisis-de-vertidos\/","title":{"rendered":"Salvem sa Badia reclama que se vuelva a convocar la \u2018Mesa de l\u2019Aigua Badia de Portmany\u2019 para buscar soluciones urgentes a la crisis de vertidos"},"content":{"rendered":"<div id=\"attachment_5658\" style=\"width: 2010px\" class=\"wp-caption alignnone\"><img loading=\"lazy\" decoding=\"async\" aria-describedby=\"caption-attachment-5658\" class=\"size-full wp-image-5658\" src=\"https:\/\/www.salvemsabadia.com\/wp-content\/uploads\/2025\/07\/Imagen0003bd20.jpg\" alt=\"\" width=\"2000\" height=\"1500\" srcset=\"https:\/\/www.salvemsabadia.com\/wp-content\/uploads\/2025\/07\/Imagen0003bd20.jpg 2000w, https:\/\/www.salvemsabadia.com\/wp-content\/uploads\/2025\/07\/Imagen0003bd20-300x225.jpg 300w, https:\/\/www.salvemsabadia.com\/wp-content\/uploads\/2025\/07\/Imagen0003bd20-1024x768.jpg 1024w, https:\/\/www.salvemsabadia.com\/wp-content\/uploads\/2025\/07\/Imagen0003bd20-768x576.jpg 768w, https:\/\/www.salvemsabadia.com\/wp-content\/uploads\/2025\/07\/Imagen0003bd20-1536x1152.jpg 1536w\" sizes=\"auto, (max-width: 2000px) 100vw, 2000px\" \/><p id=\"caption-attachment-5658\" class=\"wp-caption-text\">Trabajos de limpieza tras el vertido de hoy en Cal\u00f3 des Moro<\/p><\/div>\n<p>Ante esta nueva crisis de vertidos en la bah\u00eda de Portmany, con distintos incidentes graves en las \u00faltimas horas, la Asociaci\u00f3n Salvem sa Badia de Portmany considera prioritario y urgente convocar de nuevo la \u2018Mesa de l\u2019Aigua Badia de Portmany\u2019, con el objetivo de que todas las instituciones involucradas en la gesti\u00f3n del agua se sienten a buscar soluciones que eviten esta situaci\u00f3n de contaminaci\u00f3n permanente en las playas, que adem\u00e1s produce graves consecuencias en la biodiversidad y en la imagen tur\u00edstica vinculada a nuestro entorno que se proyecta.<\/p>\n<p>Los vertidos de aguas fecales que se produjeron ayer y anteayer en la playa de s\u2019Arenal, hoy mismo en Cal\u00f3 des Moro y de salmuera el lunes en la costa de Cala Graci\u00f3, junto a la desaladora, son el resultado de unas instalaciones completamente obsoletas que \u00fanicamente se reparan con parches in\u00fatiles, sin que existan planes de inversi\u00f3n a corto y medio plazo que den respuesta real y efectiva a una situaci\u00f3n de crisis que se agrava a\u00f1o tras a\u00f1o. Una poblaci\u00f3n tan sobredimensionada como la que tenemos en la bah\u00eda estas semanas implica que al final las infraestructuras no soporten tanta presi\u00f3n y acaben estallando. Es algo que sucede desde hace tiempo, pero que continuar\u00e1 pasando si no se resuelve y cada vez con mayor frecuencia.<\/p>\n<p>Asimismo, resulta sorprendente que, ante unas incidencias tan graves, los protocolos no funcionen como deber\u00edan y la informaci\u00f3n no se comparta entre instituciones. As\u00ed ocurri\u00f3, por ejemplo, anteayer, cuando se avis\u00f3 al 112 del pestilente vertido que se estaba produciendo en la desembocadura del torrente de es Reguer\u00f3, junto a la playa de s\u2019Arenal, para cortar la situaci\u00f3n lo antes posible y, sin embargo, a la ma\u00f1ana siguiente nadie del Ayuntamiento ten\u00eda noticia del asunto y la playa segu\u00eda abierta, pese a que incluso hab\u00eda m\u00e1s de un centenar de peces muertos en la Bassa des Reguer\u00f3.<\/p>\n<p>Tampoco resulta comprensible que se cerrara s\u00f3lo media playa, cuando a\u00fan no hab\u00eda resultados de las anal\u00edticas, o que tras el vertido de hoy en Cal\u00f3 des Moro, otra vez por el colapso de la red de alcantarillado, no se haya cerrado dicha orilla, nuevamente sin tener conocimiento del resultado de las anal\u00edticas. Por todo este c\u00famulo de contradicciones, irregularidades y flagrante falta de comunicaci\u00f3n entre administraciones, resulta imperativo reunir de nuevo a la \u2018Mesa de l\u2019Aigua de la Badia de Portmany\u2019 para implicar a todos los organismos con competencias, plantear soluciones y mejorar los protocolos, antes de que la situaci\u00f3n sea insalvable y no haya marcha atr\u00e1s.<\/p>\n<p>La \u2018Mesa de l\u2019Aigua Badia de Portmany\u2019 se cre\u00f3 en diciembre de 2022 con el objetivo de buscar soluciones para evitar las presiones antr\u00f3picas sobre la bah\u00eda y elaborar un cronograma de actuaciones. A aquella reuni\u00f3n fundacional acudieron las siguientes instituciones: Ayuntamiento de Sant Antoni de Portmany, Ayuntamiento de Sant Josep de sa Talaia, Agencia Balear del Agua (Abaqua), Direcci\u00f3n General de Territorio y Paisaje del Govern balear, Ports de les Illes Balears, Demarcaci\u00f3n de Costas, Agente de Medio Ambiente del MITECO y Tragsatec Equipo 9, Alian\u00e7a per l\u2019Aigua d\u2019Eivissa i Formentera e Imedea, adem\u00e1s de Salvem Sa Badia de Portmany, que fue quien impuls\u00f3 el encuentro. A ellas se tendr\u00eda que sumar, adem\u00e1s, el Consell Insular d\u2019Eivissa.<\/p>\n<p>Tras varias reuniones de trabajo, se celebraron elecciones y los nuevos equipos de gobierno de varias instituciones no estuvieron interesados en continuar con este foro para buscar soluciones. La situaci\u00f3n actual, en la que padecemos vertidos constantes que se agravan cada temporada por la obsolescencia de las infraestructuras sanitarias, obliga a buscar soluciones entre todos a corto, medio y largo plazo, que frenen esta deriva que est\u00e1 destruyendo la flora y la fauna de la bah\u00eda, y trasladando a quienes nos visitan sensaciones muy negativas.<\/p>\n","protected":false},"excerpt":{"rendered":"<p>Ante esta nueva crisis de vertidos en la bah\u00eda de Portmany, con distintos incidentes graves en las \u00faltimas horas, la Asociaci\u00f3n Salvem sa Badia de Portmany considera prioritario y urgente&#8230;<\/p>\n","protected":false},"author":2,"featured_media":5658,"comment_status":"closed","ping_status":"closed","sticky":false,"template":"","format":"standard","meta":{"give_campaign_id":0,"footnotes":""},"categories":[203,106,212,10,215],"tags":[],"class_list":{"0":"post-5657","1":"post","2":"type-post","3":"status-publish","4":"format-standard","5":"has-post-thumbnail","7":"category-calidad-del-agua","8":"category-destacado","9":"category-playas","10":"category-salvem-sa-badia","11":"category-turismo"},"yoast_head":"<!-- This site is optimized with the Yoast SEO plugin v26.8 - https:\/\/yoast.com\/product\/yoast-seo-wordpress\/ -->\n<title>Salvem sa Badia reclama que se vuelva a convocar la \u2018Mesa de l\u2019Aigua Badia de Portmany\u2019 para buscar soluciones urgentes a la crisis de vertidos - Salvem Sa Badia de Portmany<\/title>\n<meta name=\"robots\" content=\"index, follow, max-snippet:-1, max-image-preview:large, max-video-preview:-1\" \/>\n<link rel=\"canonical\" href=\"https:\/\/www.salvemsabadia.com\/salvem-sa-badia-reclama-que-es-torni-a-convocar-la-mesa-de-laigua-badia-de-portmany-per-a-buscar-solucions-urgents-a-la-crisi-dabocaments\/\" \/>\n<meta property=\"og:locale\" content=\"es_ES\" \/>\n<meta property=\"og:type\" content=\"article\" \/>\n<meta property=\"og:title\" content=\"Salvem sa Badia reclama que se vuelva a convocar la \u2018Mesa de l\u2019Aigua Badia de Portmany\u2019 para buscar soluciones urgentes a la crisis de vertidos - Salvem Sa Badia de Portmany\" \/>\n<meta property=\"og:description\" content=\"Ante esta nueva crisis de vertidos en la bah\u00eda de Portmany, con distintos incidentes graves en las \u00faltimas horas, la Asociaci\u00f3n Salvem sa Badia de Portmany considera prioritario y urgente...\" \/>\n<meta property=\"og:url\" content=\"https:\/\/www.salvemsabadia.com\/salvem-sa-badia-reclama-que-es-torni-a-convocar-la-mesa-de-laigua-badia-de-portmany-per-a-buscar-solucions-urgents-a-la-crisi-dabocaments\/\" \/>\n<meta property=\"og:site_name\" content=\"Salvem Sa Badia de Portmany\" \/>\n<meta property=\"article:published_time\" content=\"2025-07-23T15:08:24+00:00\" \/>\n<meta property=\"og:image\" content=\"https:\/\/www.salvemsabadia.com\/wp-content\/uploads\/2025\/07\/Imagen0003bd20.jpg\" \/>\n\t<meta property=\"og:image:width\" content=\"2000\" \/>\n\t<meta property=\"og:image:height\" content=\"1500\" \/>\n\t<meta property=\"og:image:type\" content=\"image\/jpeg\" \/>\n<meta name=\"author\" content=\"Salvem sa Badia\" \/>\n<meta name=\"twitter:card\" content=\"summary_large_image\" \/>\n<meta name=\"twitter:label1\" content=\"Escrito por\" \/>\n\t<meta name=\"twitter:data1\" content=\"Salvem sa Badia\" \/>\n\t<meta name=\"twitter:label2\" content=\"Tiempo de lectura\" \/>\n\t<meta name=\"twitter:data2\" content=\"3 minutos\" \/>\n<script type=\"application\/ld+json\" class=\"yoast-schema-graph\">{\"@context\":\"https:\/\/schema.org\",\"@graph\":[{\"@type\":\"Article\",\"@id\":\"https:\/\/www.salvemsabadia.com\/salvem-sa-badia-reclama-que-es-torni-a-convocar-la-mesa-de-laigua-badia-de-portmany-per-a-buscar-solucions-urgents-a-la-crisi-dabocaments\/#article\",\"isPartOf\":{\"@id\":\"https:\/\/www.salvemsabadia.com\/salvem-sa-badia-reclama-que-es-torni-a-convocar-la-mesa-de-laigua-badia-de-portmany-per-a-buscar-solucions-urgents-a-la-crisi-dabocaments\/\"},\"author\":{\"name\":\"Salvem sa Badia\",\"@id\":\"https:\/\/www.salvemsabadia.com\/#\/schema\/person\/5d08c5118adcb4140d13bde4826ba122\"},\"headline\":\"Salvem sa Badia reclama que se vuelva a convocar la \u2018Mesa de l\u2019Aigua Badia de Portmany\u2019 para buscar soluciones urgentes a la crisis de vertidos\",\"datePublished\":\"2025-07-23T15:08:24+00:00\",\"mainEntityOfPage\":{\"@id\":\"https:\/\/www.salvemsabadia.com\/salvem-sa-badia-reclama-que-es-torni-a-convocar-la-mesa-de-laigua-badia-de-portmany-per-a-buscar-solucions-urgents-a-la-crisi-dabocaments\/\"},\"wordCount\":717,\"publisher\":{\"@id\":\"https:\/\/www.salvemsabadia.com\/#organization\"},\"image\":{\"@id\":\"https:\/\/www.salvemsabadia.com\/salvem-sa-badia-reclama-que-es-torni-a-convocar-la-mesa-de-laigua-badia-de-portmany-per-a-buscar-solucions-urgents-a-la-crisi-dabocaments\/#primaryimage\"},\"thumbnailUrl\":\"https:\/\/www.salvemsabadia.com\/wp-content\/uploads\/2025\/07\/Imagen0003bd20.jpg\",\"articleSection\":[\"Calidad del agua\",\"Destacado\",\"Playas\",\"Salvem Sa Badia\",\"Turismo\"],\"inLanguage\":\"es\"},{\"@type\":\"WebPage\",\"@id\":\"https:\/\/www.salvemsabadia.com\/salvem-sa-badia-reclama-que-es-torni-a-convocar-la-mesa-de-laigua-badia-de-portmany-per-a-buscar-solucions-urgents-a-la-crisi-dabocaments\/\",\"url\":\"https:\/\/www.salvemsabadia.com\/salvem-sa-badia-reclama-que-es-torni-a-convocar-la-mesa-de-laigua-badia-de-portmany-per-a-buscar-solucions-urgents-a-la-crisi-dabocaments\/\",\"name\":\"Salvem sa Badia reclama que se vuelva a convocar la \u2018Mesa de l\u2019Aigua Badia de Portmany\u2019 para buscar soluciones urgentes a la crisis de vertidos - Salvem Sa Badia de Portmany\",\"isPartOf\":{\"@id\":\"https:\/\/www.salvemsabadia.com\/#website\"},\"primaryImageOfPage\":{\"@id\":\"https:\/\/www.salvemsabadia.com\/salvem-sa-badia-reclama-que-es-torni-a-convocar-la-mesa-de-laigua-badia-de-portmany-per-a-buscar-solucions-urgents-a-la-crisi-dabocaments\/#primaryimage\"},\"image\":{\"@id\":\"https:\/\/www.salvemsabadia.com\/salvem-sa-badia-reclama-que-es-torni-a-convocar-la-mesa-de-laigua-badia-de-portmany-per-a-buscar-solucions-urgents-a-la-crisi-dabocaments\/#primaryimage\"},\"thumbnailUrl\":\"https:\/\/www.salvemsabadia.com\/wp-content\/uploads\/2025\/07\/Imagen0003bd20.jpg\",\"datePublished\":\"2025-07-23T15:08:24+00:00\",\"breadcrumb\":{\"@id\":\"https:\/\/www.salvemsabadia.com\/salvem-sa-badia-reclama-que-es-torni-a-convocar-la-mesa-de-laigua-badia-de-portmany-per-a-buscar-solucions-urgents-a-la-crisi-dabocaments\/#breadcrumb\"},\"inLanguage\":\"es\",\"potentialAction\":[{\"@type\":\"ReadAction\",\"target\":[\"https:\/\/www.salvemsabadia.com\/salvem-sa-badia-reclama-que-es-torni-a-convocar-la-mesa-de-laigua-badia-de-portmany-per-a-buscar-solucions-urgents-a-la-crisi-dabocaments\/\"]}]},{\"@type\":\"ImageObject\",\"inLanguage\":\"es\",\"@id\":\"https:\/\/www.salvemsabadia.com\/salvem-sa-badia-reclama-que-es-torni-a-convocar-la-mesa-de-laigua-badia-de-portmany-per-a-buscar-solucions-urgents-a-la-crisi-dabocaments\/#primaryimage\",\"url\":\"https:\/\/www.salvemsabadia.com\/wp-content\/uploads\/2025\/07\/Imagen0003bd20.jpg\",\"contentUrl\":\"https:\/\/www.salvemsabadia.com\/wp-content\/uploads\/2025\/07\/Imagen0003bd20.jpg\",\"width\":2000,\"height\":1500,\"caption\":\"Trabajos de limpieza tras el vertido de hoy en Cal\u00f3 des Moro\"},{\"@type\":\"BreadcrumbList\",\"@id\":\"https:\/\/www.salvemsabadia.com\/salvem-sa-badia-reclama-que-es-torni-a-convocar-la-mesa-de-laigua-badia-de-portmany-per-a-buscar-solucions-urgents-a-la-crisi-dabocaments\/#breadcrumb\",\"itemListElement\":[{\"@type\":\"ListItem\",\"position\":1,\"name\":\"Portada\",\"item\":\"https:\/\/www.salvemsabadia.com\/es\/\"},{\"@type\":\"ListItem\",\"position\":2,\"name\":\"Salvem sa Badia reclama que se vuelva a convocar la \u2018Mesa de l\u2019Aigua Badia de Portmany\u2019 para buscar soluciones urgentes a la crisis de vertidos\"}]},{\"@type\":\"WebSite\",\"@id\":\"https:\/\/www.salvemsabadia.com\/#website\",\"url\":\"https:\/\/www.salvemsabadia.com\/\",\"name\":\"Salvem Sa Badia de Portmany\",\"description\":\"\",\"publisher\":{\"@id\":\"https:\/\/www.salvemsabadia.com\/#organization\"},\"potentialAction\":[{\"@type\":\"SearchAction\",\"target\":{\"@type\":\"EntryPoint\",\"urlTemplate\":\"https:\/\/www.salvemsabadia.com\/?s={search_term_string}\"},\"query-input\":{\"@type\":\"PropertyValueSpecification\",\"valueRequired\":true,\"valueName\":\"search_term_string\"}}],\"inLanguage\":\"es\"},{\"@type\":\"Organization\",\"@id\":\"https:\/\/www.salvemsabadia.com\/#organization\",\"name\":\"Salvem Sa Badia de Portmany\",\"url\":\"https:\/\/www.salvemsabadia.com\/\",\"logo\":{\"@type\":\"ImageObject\",\"inLanguage\":\"es\",\"@id\":\"https:\/\/www.salvemsabadia.com\/#\/schema\/logo\/image\/\",\"url\":\"https:\/\/www.salvemsabadia.com\/wp-content\/uploads\/2020\/03\/logo.png\",\"contentUrl\":\"https:\/\/www.salvemsabadia.com\/wp-content\/uploads\/2020\/03\/logo.png\",\"width\":188,\"height\":151,\"caption\":\"Salvem Sa Badia de Portmany\"},\"image\":{\"@id\":\"https:\/\/www.salvemsabadia.com\/#\/schema\/logo\/image\/\"}},{\"@type\":\"Person\",\"@id\":\"https:\/\/www.salvemsabadia.com\/#\/schema\/person\/5d08c5118adcb4140d13bde4826ba122\",\"name\":\"Salvem sa Badia\",\"image\":{\"@type\":\"ImageObject\",\"inLanguage\":\"es\",\"@id\":\"https:\/\/www.salvemsabadia.com\/#\/schema\/person\/image\/\",\"url\":\"https:\/\/secure.gravatar.com\/avatar\/d569ee5739a9c7022470ea472c9b4b9cf476e15f1be71e5242c911d673d14ad9?s=96&d=mm&r=g\",\"contentUrl\":\"https:\/\/secure.gravatar.com\/avatar\/d569ee5739a9c7022470ea472c9b4b9cf476e15f1be71e5242c911d673d14ad9?s=96&d=mm&r=g\",\"caption\":\"Salvem sa Badia\"}}]}<\/script>\n<!-- \/ Yoast SEO plugin. -->","yoast_head_json":{"title":"Salvem sa Badia reclama que se vuelva a convocar la \u2018Mesa de l\u2019Aigua Badia de Portmany\u2019 para buscar soluciones urgentes a la crisis de vertidos - Salvem Sa Badia de Portmany","robots":{"index":"index","follow":"follow","max-snippet":"max-snippet:-1","max-image-preview":"max-image-preview:large","max-video-preview":"max-video-preview:-1"},"canonical":"https:\/\/www.salvemsabadia.com\/salvem-sa-badia-reclama-que-es-torni-a-convocar-la-mesa-de-laigua-badia-de-portmany-per-a-buscar-solucions-urgents-a-la-crisi-dabocaments\/","og_locale":"es_ES","og_type":"article","og_title":"Salvem sa Badia reclama que se vuelva a convocar la \u2018Mesa de l\u2019Aigua Badia de Portmany\u2019 para buscar soluciones urgentes a la crisis de vertidos - Salvem Sa Badia de Portmany","og_description":"Ante esta nueva crisis de vertidos en la bah\u00eda de Portmany, con distintos incidentes graves en las \u00faltimas horas, la Asociaci\u00f3n Salvem sa Badia de Portmany considera prioritario y urgente...","og_url":"https:\/\/www.salvemsabadia.com\/salvem-sa-badia-reclama-que-es-torni-a-convocar-la-mesa-de-laigua-badia-de-portmany-per-a-buscar-solucions-urgents-a-la-crisi-dabocaments\/","og_site_name":"Salvem Sa Badia de Portmany","article_published_time":"2025-07-23T15:08:24+00:00","og_image":[{"width":2000,"height":1500,"url":"https:\/\/www.salvemsabadia.com\/wp-content\/uploads\/2025\/07\/Imagen0003bd20.jpg","type":"image\/jpeg"}],"author":"Salvem sa Badia","twitter_card":"summary_large_image","twitter_misc":{"Escrito por":"Salvem sa Badia","Tiempo de lectura":"3 minutos"},"schema":{"@context":"https:\/\/schema.org","@graph":[{"@type":"Article","@id":"https:\/\/www.salvemsabadia.com\/salvem-sa-badia-reclama-que-es-torni-a-convocar-la-mesa-de-laigua-badia-de-portmany-per-a-buscar-solucions-urgents-a-la-crisi-dabocaments\/#article","isPartOf":{"@id":"https:\/\/www.salvemsabadia.com\/salvem-sa-badia-reclama-que-es-torni-a-convocar-la-mesa-de-laigua-badia-de-portmany-per-a-buscar-solucions-urgents-a-la-crisi-dabocaments\/"},"author":{"name":"Salvem sa Badia","@id":"https:\/\/www.salvemsabadia.com\/#\/schema\/person\/5d08c5118adcb4140d13bde4826ba122"},"headline":"Salvem sa Badia reclama que se vuelva a convocar la \u2018Mesa de l\u2019Aigua Badia de Portmany\u2019 para buscar soluciones urgentes a la crisis de vertidos","datePublished":"2025-07-23T15:08:24+00:00","mainEntityOfPage":{"@id":"https:\/\/www.salvemsabadia.com\/salvem-sa-badia-reclama-que-es-torni-a-convocar-la-mesa-de-laigua-badia-de-portmany-per-a-buscar-solucions-urgents-a-la-crisi-dabocaments\/"},"wordCount":717,"publisher":{"@id":"https:\/\/www.salvemsabadia.com\/#organization"},"image":{"@id":"https:\/\/www.salvemsabadia.com\/salvem-sa-badia-reclama-que-es-torni-a-convocar-la-mesa-de-laigua-badia-de-portmany-per-a-buscar-solucions-urgents-a-la-crisi-dabocaments\/#primaryimage"},"thumbnailUrl":"https:\/\/www.salvemsabadia.com\/wp-content\/uploads\/2025\/07\/Imagen0003bd20.jpg","articleSection":["Calidad del agua","Destacado","Playas","Salvem Sa Badia","Turismo"],"inLanguage":"es"},{"@type":"WebPage","@id":"https:\/\/www.salvemsabadia.com\/salvem-sa-badia-reclama-que-es-torni-a-convocar-la-mesa-de-laigua-badia-de-portmany-per-a-buscar-solucions-urgents-a-la-crisi-dabocaments\/","url":"https:\/\/www.salvemsabadia.com\/salvem-sa-badia-reclama-que-es-torni-a-convocar-la-mesa-de-laigua-badia-de-portmany-per-a-buscar-solucions-urgents-a-la-crisi-dabocaments\/","name":"Salvem sa Badia reclama que se vuelva a convocar la \u2018Mesa de l\u2019Aigua Badia de Portmany\u2019 para buscar soluciones urgentes a la crisis de vertidos - Salvem Sa Badia de Portmany","isPartOf":{"@id":"https:\/\/www.salvemsabadia.com\/#website"},"primaryImageOfPage":{"@id":"https:\/\/www.salvemsabadia.com\/salvem-sa-badia-reclama-que-es-torni-a-convocar-la-mesa-de-laigua-badia-de-portmany-per-a-buscar-solucions-urgents-a-la-crisi-dabocaments\/#primaryimage"},"image":{"@id":"https:\/\/www.salvemsabadia.com\/salvem-sa-badia-reclama-que-es-torni-a-convocar-la-mesa-de-laigua-badia-de-portmany-per-a-buscar-solucions-urgents-a-la-crisi-dabocaments\/#primaryimage"},"thumbnailUrl":"https:\/\/www.salvemsabadia.com\/wp-content\/uploads\/2025\/07\/Imagen0003bd20.jpg","datePublished":"2025-07-23T15:08:24+00:00","breadcrumb":{"@id":"https:\/\/www.salvemsabadia.com\/salvem-sa-badia-reclama-que-es-torni-a-convocar-la-mesa-de-laigua-badia-de-portmany-per-a-buscar-solucions-urgents-a-la-crisi-dabocaments\/#breadcrumb"},"inLanguage":"es","potentialAction":[{"@type":"ReadAction","target":["https:\/\/www.salvemsabadia.com\/salvem-sa-badia-reclama-que-es-torni-a-convocar-la-mesa-de-laigua-badia-de-portmany-per-a-buscar-solucions-urgents-a-la-crisi-dabocaments\/"]}]},{"@type":"ImageObject","inLanguage":"es","@id":"https:\/\/www.salvemsabadia.com\/salvem-sa-badia-reclama-que-es-torni-a-convocar-la-mesa-de-laigua-badia-de-portmany-per-a-buscar-solucions-urgents-a-la-crisi-dabocaments\/#primaryimage","url":"https:\/\/www.salvemsabadia.com\/wp-content\/uploads\/2025\/07\/Imagen0003bd20.jpg","contentUrl":"https:\/\/www.salvemsabadia.com\/wp-content\/uploads\/2025\/07\/Imagen0003bd20.jpg","width":2000,"height":1500,"caption":"Trabajos de limpieza tras el vertido de hoy en Cal\u00f3 des Moro"},{"@type":"BreadcrumbList","@id":"https:\/\/www.salvemsabadia.com\/salvem-sa-badia-reclama-que-es-torni-a-convocar-la-mesa-de-laigua-badia-de-portmany-per-a-buscar-solucions-urgents-a-la-crisi-dabocaments\/#breadcrumb","itemListElement":[{"@type":"ListItem","position":1,"name":"Portada","item":"https:\/\/www.salvemsabadia.com\/es\/"},{"@type":"ListItem","position":2,"name":"Salvem sa Badia reclama que se vuelva a convocar la \u2018Mesa de l\u2019Aigua Badia de Portmany\u2019 para buscar soluciones urgentes a la crisis de vertidos"}]},{"@type":"WebSite","@id":"https:\/\/www.salvemsabadia.com\/#website","url":"https:\/\/www.salvemsabadia.com\/","name":"Salvem Sa Badia de Portmany","description":"","publisher":{"@id":"https:\/\/www.salvemsabadia.com\/#organization"},"potentialAction":[{"@type":"SearchAction","target":{"@type":"EntryPoint","urlTemplate":"https:\/\/www.salvemsabadia.com\/?s={search_term_string}"},"query-input":{"@type":"PropertyValueSpecification","valueRequired":true,"valueName":"search_term_string"}}],"inLanguage":"es"},{"@type":"Organization","@id":"https:\/\/www.salvemsabadia.com\/#organization","name":"Salvem Sa Badia de Portmany","url":"https:\/\/www.salvemsabadia.com\/","logo":{"@type":"ImageObject","inLanguage":"es","@id":"https:\/\/www.salvemsabadia.com\/#\/schema\/logo\/image\/","url":"https:\/\/www.salvemsabadia.com\/wp-content\/uploads\/2020\/03\/logo.png","contentUrl":"https:\/\/www.salvemsabadia.com\/wp-content\/uploads\/2020\/03\/logo.png","width":188,"height":151,"caption":"Salvem Sa Badia de Portmany"},"image":{"@id":"https:\/\/www.salvemsabadia.com\/#\/schema\/logo\/image\/"}},{"@type":"Person","@id":"https:\/\/www.salvemsabadia.com\/#\/schema\/person\/5d08c5118adcb4140d13bde4826ba122","name":"Salvem sa Badia","image":{"@type":"ImageObject","inLanguage":"es","@id":"https:\/\/www.salvemsabadia.com\/#\/schema\/person\/image\/","url":"https:\/\/secure.gravatar.com\/avatar\/d569ee5739a9c7022470ea472c9b4b9cf476e15f1be71e5242c911d673d14ad9?s=96&d=mm&r=g","contentUrl":"https:\/\/secure.gravatar.com\/avatar\/d569ee5739a9c7022470ea472c9b4b9cf476e15f1be71e5242c911d673d14ad9?s=96&d=mm&r=g","caption":"Salvem sa Badia"}}]}},"_links":{"self":[{"href":"https:\/\/www.salvemsabadia.com\/es\/wp-json\/wp\/v2\/posts\/5657","targetHints":{"allow":["GET"]}}],"collection":[{"href":"https:\/\/www.salvemsabadia.com\/es\/wp-json\/wp\/v2\/posts"}],"about":[{"href":"https:\/\/www.salvemsabadia.com\/es\/wp-json\/wp\/v2\/types\/post"}],"author":[{"embeddable":true,"href":"https:\/\/www.salvemsabadia.com\/es\/wp-json\/wp\/v2\/users\/2"}],"replies":[{"embeddable":true,"href":"https:\/\/www.salvemsabadia.com\/es\/wp-json\/wp\/v2\/comments?post=5657"}],"version-history":[{"count":0,"href":"https:\/\/www.salvemsabadia.com\/es\/wp-json\/wp\/v2\/posts\/5657\/revisions"}],"wp:featuredmedia":[{"embeddable":true,"href":"https:\/\/www.salvemsabadia.com\/es\/wp-json\/wp\/v2\/media\/5658"}],"wp:attachment":[{"href":"https:\/\/www.salvemsabadia.com\/es\/wp-json\/wp\/v2\/media?parent=5657"}],"wp:term":[{"taxonomy":"category","embeddable":true,"href":"https:\/\/www.salvemsabadia.com\/es\/wp-json\/wp\/v2\/categories?post=5657"},{"taxonomy":"post_tag","embeddable":true,"href":"https:\/\/www.salvemsabadia.com\/es\/wp-json\/wp\/v2\/tags?post=5657"}],"curies":[{"name":"wp","href":"https:\/\/api.w.org\/{rel}","templated":true}]}}