{"id":5667,"date":"2025-07-31T14:38:48","date_gmt":"2025-07-31T12:38:48","guid":{"rendered":"https:\/\/www.salvemsabadia.com\/?p=5667"},"modified":"2025-07-31T14:39:02","modified_gmt":"2025-07-31T12:39:02","slug":"las-principales-entidades-ecologistas-se-adhieren-al-manifiesto-de-salvem-sa-badia-para-exigir-medidas-urgentes-para-proteger-los-ecosistemas-marinos","status":"publish","type":"post","link":"https:\/\/www.salvemsabadia.com\/es\/las-principales-entidades-ecologistas-se-adhieren-al-manifiesto-de-salvem-sa-badia-para-exigir-medidas-urgentes-para-proteger-los-ecosistemas-marinos\/","title":{"rendered":"Las principales entidades ecologistas se adhieren al manifiesto de Salvem sa Badia para exigir medidas urgentes para proteger los ecosistemas marinos"},"content":{"rendered":"<p><img loading=\"lazy\" decoding=\"async\" class=\"alignnone size-full wp-image-5668\" src=\"https:\/\/www.salvemsabadia.com\/wp-content\/uploads\/2025\/07\/embarcaciones-frente-a-es-pinet1.jpeg\" alt=\"\" width=\"1600\" height=\"1200\" srcset=\"https:\/\/www.salvemsabadia.com\/wp-content\/uploads\/2025\/07\/embarcaciones-frente-a-es-pinet1.jpeg 1600w, https:\/\/www.salvemsabadia.com\/wp-content\/uploads\/2025\/07\/embarcaciones-frente-a-es-pinet1-300x225.jpeg 300w, https:\/\/www.salvemsabadia.com\/wp-content\/uploads\/2025\/07\/embarcaciones-frente-a-es-pinet1-1024x768.jpeg 1024w, https:\/\/www.salvemsabadia.com\/wp-content\/uploads\/2025\/07\/embarcaciones-frente-a-es-pinet1-768x576.jpeg 768w, https:\/\/www.salvemsabadia.com\/wp-content\/uploads\/2025\/07\/embarcaciones-frente-a-es-pinet1-1536x1152.jpeg 1536w\" sizes=\"auto, (max-width: 1600px) 100vw, 1600px\" \/>La Asociaci\u00f3n Salvem sa Badia ha presentado hoy ante el Govern balear las firmas de las entidades ecologistas que se han adherido al manifiesto de denuncia de la situaci\u00f3n de creciente degradaci\u00f3n ambiental que afecta gravemente a los ecosistemas costeros y marinos. El texto, que ya se hab\u00eda trasladado a la comunidad aut\u00f3noma hace unas semanas, previamente a la recolecci\u00f3n de firmas, exige medidas urgentes, firmes y eficaces ante la modificaci\u00f3n inminente del Decreto Balear 21\/2017, que regula la actividad de alquiler de embarcaciones y buques de recreo, cuya redacci\u00f3n final se dar\u00e1 a conocer ma\u00f1ana.<\/p>\n<p>Las entidades del archipi\u00e9lago balear que se han sumado a este manifiesto son Amics de la Terra, GEN-GOB, Institut d&#8217;Estudis Eivissencs, Ibiza Preservation, GOB Mallorca, Arrels Marines, Medgardens y Plataforma Port Ramassat. La idea del manifiesto surgi\u00f3 tras varias conversaciones con distintos actores del archipi\u00e9lago balear, entre los que tambi\u00e9n figuraban la Asociaci\u00f3n de Empresas de Ch\u00e1rter de las Islas Baleares (AECIB) y la Asociaci\u00f3n Estaci\u00f3n N\u00e1utica de Sant Antoni, al observar la necesidad de introducir requisitos de car\u00e1cter ambiental en la nueva regulaci\u00f3n.<\/p>\n<p>A los firmantes se han sumado tambi\u00e9n particulares, asociados de Salvem sa Badia, bi\u00f3logos, ocean\u00f3grafos y periodistas. Ahora, Salvem sa Badia se encuentra a la expectativa de si el texto final del decreto recoge las reivindicaciones del manifiesto. Resulta positivo, asimismo, que se haya hecho una excepci\u00f3n a nivel balear y finalmente no se permita el alquiler de barcos particulares de la lista 7\u00aa en aguas de Balears, lo que se habr\u00eda traducido en una presi\u00f3n humana a\u00fan mayor, permitiendo un modelo similar al de AirBnB pero con barcos.<\/p>\n<p>Espec\u00edficamente, se pide que el alquiler n\u00e1utico s\u00f3lo pueda tramitarse durante unas fechas establecidas y presentando los siguientes documentos: declaraci\u00f3n responsable, comprobante de estar en disposici\u00f3n de punto de amarre en Balears o autorizaci\u00f3n de acceso a una rampa, comprobante de seguro a nombre del patr\u00f3n, comprobante de participaci\u00f3n en una formaci\u00f3n b\u00e1sica obligatoria sobre navegaci\u00f3n segura y buenas pr\u00e1cticas ambientales, registro de actividad de alquiler a terceros y registro de vac\u00edo de aguas grises, negras y de sentina al final de la temporada.<\/p>\n<p>Tambi\u00e9n se reclama la creaci\u00f3n de un registro de incidencias e ilegalidades relacionadas con cada patr\u00f3n, limitar el n\u00famero de permisos de alquiler por a\u00f1o, la citada prohibici\u00f3n del alquiler temporal de barcos privados (lista 7\u00aa) en Balears, ya aprobada, y el cobro de una tasa ambiental por embarcaci\u00f3n proporcional a su impacto.<\/p>\n<p>Adem\u00e1s, se solicita la activaci\u00f3n de una secci\u00f3n espec\u00edfica en la aplicaci\u00f3n L\u00ednea Verde para reunir evidencias y denuncias de malas pr\u00e1cticas, un mayor n\u00famero de instalaciones de vaciado de aguas sucias, un n\u00famero de infraestructuras ecol\u00f3gicas de amarre y fondeo acorde a la cantidad de embarcaciones que se permitan, la imposici\u00f3n de l\u00edmites de velocidad claros y controlables en las zonas sensibles y que se refuercen los mecanismos de vigilancia, entre otras actuaciones. Finalmente, se pide que se elimine el art\u00edculo 10 del Real Decreto 875\/2014, que permite el manejo sin titulaci\u00f3n de embarcaciones con motor de eslora inferior a 5 metros.<\/p>\n<p>El alquiler n\u00e1utico, cuando no est\u00e1 sujeto a un control efectivo, genera impactos ambientales cr\u00edticos e irreversibles, especialmente en zonas de alto valor ecol\u00f3gico como reservas y parques naturales, las reservas marinas de inter\u00e9s pesquero o en la Red Natura 2000 (particularmente ZEPA y ZEC). Esto se debe en gran parte a la masificaci\u00f3n tur\u00edstica que se produce en el archipi\u00e9lago balear durante la temporada estival y a las dificultades de acompa\u00f1ar ese dr\u00e1stico aumento de poblaci\u00f3n con suficiente personal de control.<\/p>\n<p>La impunidad con que se llevan a cabo pr\u00e1cticas ilegales en materia de n\u00e1utica y la reiteraci\u00f3n de estas \u00faltimas reflejan la poca efectividad de las medidas de vigilancia, control y represi\u00f3n establecidas hasta la fecha.<\/p>\n","protected":false},"excerpt":{"rendered":"<p>La Asociaci\u00f3n Salvem sa Badia ha presentado hoy ante el Govern balear las firmas de las entidades ecologistas que se han adherido al manifiesto de denuncia de la situaci\u00f3n de&#8230;<\/p>\n","protected":false},"author":2,"featured_media":5668,"comment_status":"closed","ping_status":"closed","sticky":false,"template":"","format":"standard","meta":{"give_campaign_id":0,"footnotes":""},"categories":[201,106,208,212,10],"tags":[],"class_list":{"0":"post-5667","1":"post","2":"type-post","3":"status-publish","4":"format-standard","5":"has-post-thumbnail","7":"category-biodiversidad","8":"category-destacado","9":"category-fondeo-irregular","10":"category-playas","11":"category-salvem-sa-badia"},"yoast_head":"<!-- This site is optimized with the Yoast SEO plugin v26.8 - https:\/\/yoast.com\/product\/yoast-seo-wordpress\/ -->\n<title>Las principales entidades ecologistas se adhieren al manifiesto de Salvem sa Badia para exigir medidas urgentes para proteger los ecosistemas marinos - Salvem Sa Badia de Portmany<\/title>\n<meta name=\"robots\" content=\"index, follow, max-snippet:-1, max-image-preview:large, max-video-preview:-1\" \/>\n<link rel=\"canonical\" href=\"https:\/\/www.salvemsabadia.com\/les-principals-entitats-ecologistes-sadhereixen-al-manifest-de-salvem-sa-badia-per-a-exigir-mesures-urgents-per-a-protegir-els-ecosistemes-marins\/\" \/>\n<meta property=\"og:locale\" content=\"es_ES\" \/>\n<meta property=\"og:type\" content=\"article\" \/>\n<meta property=\"og:title\" content=\"Las principales entidades ecologistas se adhieren al manifiesto de Salvem sa Badia para exigir medidas urgentes para proteger los ecosistemas marinos - Salvem Sa Badia de Portmany\" \/>\n<meta property=\"og:description\" content=\"La Asociaci\u00f3n Salvem sa Badia ha presentado hoy ante el Govern balear las firmas de las entidades ecologistas que se han adherido al manifiesto de denuncia de la situaci\u00f3n de...\" \/>\n<meta property=\"og:url\" content=\"https:\/\/www.salvemsabadia.com\/les-principals-entitats-ecologistes-sadhereixen-al-manifest-de-salvem-sa-badia-per-a-exigir-mesures-urgents-per-a-protegir-els-ecosistemes-marins\/\" \/>\n<meta property=\"og:site_name\" content=\"Salvem Sa Badia de Portmany\" \/>\n<meta property=\"article:published_time\" content=\"2025-07-31T12:38:48+00:00\" \/>\n<meta property=\"article:modified_time\" content=\"2025-07-31T12:39:02+00:00\" \/>\n<meta property=\"og:image\" content=\"https:\/\/www.salvemsabadia.com\/wp-content\/uploads\/2025\/07\/embarcaciones-frente-a-es-pinet1.jpeg\" \/>\n\t<meta property=\"og:image:width\" content=\"1600\" \/>\n\t<meta property=\"og:image:height\" content=\"1200\" \/>\n\t<meta property=\"og:image:type\" content=\"image\/jpeg\" \/>\n<meta name=\"author\" content=\"Salvem sa Badia\" \/>\n<meta name=\"twitter:card\" content=\"summary_large_image\" \/>\n<meta name=\"twitter:label1\" content=\"Escrito por\" \/>\n\t<meta name=\"twitter:data1\" content=\"Salvem sa Badia\" \/>\n\t<meta name=\"twitter:label2\" content=\"Tiempo de lectura\" \/>\n\t<meta name=\"twitter:data2\" content=\"3 minutos\" \/>\n<script type=\"application\/ld+json\" class=\"yoast-schema-graph\">{\"@context\":\"https:\/\/schema.org\",\"@graph\":[{\"@type\":\"Article\",\"@id\":\"https:\/\/www.salvemsabadia.com\/les-principals-entitats-ecologistes-sadhereixen-al-manifest-de-salvem-sa-badia-per-a-exigir-mesures-urgents-per-a-protegir-els-ecosistemes-marins\/#article\",\"isPartOf\":{\"@id\":\"https:\/\/www.salvemsabadia.com\/les-principals-entitats-ecologistes-sadhereixen-al-manifest-de-salvem-sa-badia-per-a-exigir-mesures-urgents-per-a-protegir-els-ecosistemes-marins\/\"},\"author\":{\"name\":\"Salvem sa Badia\",\"@id\":\"https:\/\/www.salvemsabadia.com\/#\/schema\/person\/5d08c5118adcb4140d13bde4826ba122\"},\"headline\":\"Las principales entidades ecologistas se adhieren al manifiesto de Salvem sa Badia para exigir medidas urgentes para proteger los ecosistemas marinos\",\"datePublished\":\"2025-07-31T12:38:48+00:00\",\"dateModified\":\"2025-07-31T12:39:02+00:00\",\"mainEntityOfPage\":{\"@id\":\"https:\/\/www.salvemsabadia.com\/les-principals-entitats-ecologistes-sadhereixen-al-manifest-de-salvem-sa-badia-per-a-exigir-mesures-urgents-per-a-protegir-els-ecosistemes-marins\/\"},\"wordCount\":716,\"publisher\":{\"@id\":\"https:\/\/www.salvemsabadia.com\/#organization\"},\"image\":{\"@id\":\"https:\/\/www.salvemsabadia.com\/les-principals-entitats-ecologistes-sadhereixen-al-manifest-de-salvem-sa-badia-per-a-exigir-mesures-urgents-per-a-protegir-els-ecosistemes-marins\/#primaryimage\"},\"thumbnailUrl\":\"https:\/\/www.salvemsabadia.com\/wp-content\/uploads\/2025\/07\/embarcaciones-frente-a-es-pinet1.jpeg\",\"articleSection\":[\"Biodiversidad\",\"Destacado\",\"Fondeo irregular\",\"Playas\",\"Salvem Sa Badia\"],\"inLanguage\":\"es\"},{\"@type\":\"WebPage\",\"@id\":\"https:\/\/www.salvemsabadia.com\/les-principals-entitats-ecologistes-sadhereixen-al-manifest-de-salvem-sa-badia-per-a-exigir-mesures-urgents-per-a-protegir-els-ecosistemes-marins\/\",\"url\":\"https:\/\/www.salvemsabadia.com\/les-principals-entitats-ecologistes-sadhereixen-al-manifest-de-salvem-sa-badia-per-a-exigir-mesures-urgents-per-a-protegir-els-ecosistemes-marins\/\",\"name\":\"Las principales entidades ecologistas se adhieren al manifiesto de Salvem sa Badia para exigir medidas urgentes para proteger los ecosistemas marinos - Salvem Sa Badia de Portmany\",\"isPartOf\":{\"@id\":\"https:\/\/www.salvemsabadia.com\/#website\"},\"primaryImageOfPage\":{\"@id\":\"https:\/\/www.salvemsabadia.com\/les-principals-entitats-ecologistes-sadhereixen-al-manifest-de-salvem-sa-badia-per-a-exigir-mesures-urgents-per-a-protegir-els-ecosistemes-marins\/#primaryimage\"},\"image\":{\"@id\":\"https:\/\/www.salvemsabadia.com\/les-principals-entitats-ecologistes-sadhereixen-al-manifest-de-salvem-sa-badia-per-a-exigir-mesures-urgents-per-a-protegir-els-ecosistemes-marins\/#primaryimage\"},\"thumbnailUrl\":\"https:\/\/www.salvemsabadia.com\/wp-content\/uploads\/2025\/07\/embarcaciones-frente-a-es-pinet1.jpeg\",\"datePublished\":\"2025-07-31T12:38:48+00:00\",\"dateModified\":\"2025-07-31T12:39:02+00:00\",\"breadcrumb\":{\"@id\":\"https:\/\/www.salvemsabadia.com\/les-principals-entitats-ecologistes-sadhereixen-al-manifest-de-salvem-sa-badia-per-a-exigir-mesures-urgents-per-a-protegir-els-ecosistemes-marins\/#breadcrumb\"},\"inLanguage\":\"es\",\"potentialAction\":[{\"@type\":\"ReadAction\",\"target\":[\"https:\/\/www.salvemsabadia.com\/les-principals-entitats-ecologistes-sadhereixen-al-manifest-de-salvem-sa-badia-per-a-exigir-mesures-urgents-per-a-protegir-els-ecosistemes-marins\/\"]}]},{\"@type\":\"ImageObject\",\"inLanguage\":\"es\",\"@id\":\"https:\/\/www.salvemsabadia.com\/les-principals-entitats-ecologistes-sadhereixen-al-manifest-de-salvem-sa-badia-per-a-exigir-mesures-urgents-per-a-protegir-els-ecosistemes-marins\/#primaryimage\",\"url\":\"https:\/\/www.salvemsabadia.com\/wp-content\/uploads\/2025\/07\/embarcaciones-frente-a-es-pinet1.jpeg\",\"contentUrl\":\"https:\/\/www.salvemsabadia.com\/wp-content\/uploads\/2025\/07\/embarcaciones-frente-a-es-pinet1.jpeg\",\"width\":1600,\"height\":1200},{\"@type\":\"BreadcrumbList\",\"@id\":\"https:\/\/www.salvemsabadia.com\/les-principals-entitats-ecologistes-sadhereixen-al-manifest-de-salvem-sa-badia-per-a-exigir-mesures-urgents-per-a-protegir-els-ecosistemes-marins\/#breadcrumb\",\"itemListElement\":[{\"@type\":\"ListItem\",\"position\":1,\"name\":\"Portada\",\"item\":\"https:\/\/www.salvemsabadia.com\/es\/\"},{\"@type\":\"ListItem\",\"position\":2,\"name\":\"Las principales entidades ecologistas se adhieren al manifiesto de Salvem sa Badia para exigir medidas urgentes para proteger los ecosistemas marinos\"}]},{\"@type\":\"WebSite\",\"@id\":\"https:\/\/www.salvemsabadia.com\/#website\",\"url\":\"https:\/\/www.salvemsabadia.com\/\",\"name\":\"Salvem Sa Badia de Portmany\",\"description\":\"\",\"publisher\":{\"@id\":\"https:\/\/www.salvemsabadia.com\/#organization\"},\"potentialAction\":[{\"@type\":\"SearchAction\",\"target\":{\"@type\":\"EntryPoint\",\"urlTemplate\":\"https:\/\/www.salvemsabadia.com\/?s={search_term_string}\"},\"query-input\":{\"@type\":\"PropertyValueSpecification\",\"valueRequired\":true,\"valueName\":\"search_term_string\"}}],\"inLanguage\":\"es\"},{\"@type\":\"Organization\",\"@id\":\"https:\/\/www.salvemsabadia.com\/#organization\",\"name\":\"Salvem Sa Badia de Portmany\",\"url\":\"https:\/\/www.salvemsabadia.com\/\",\"logo\":{\"@type\":\"ImageObject\",\"inLanguage\":\"es\",\"@id\":\"https:\/\/www.salvemsabadia.com\/#\/schema\/logo\/image\/\",\"url\":\"https:\/\/www.salvemsabadia.com\/wp-content\/uploads\/2020\/03\/logo.png\",\"contentUrl\":\"https:\/\/www.salvemsabadia.com\/wp-content\/uploads\/2020\/03\/logo.png\",\"width\":188,\"height\":151,\"caption\":\"Salvem Sa Badia de Portmany\"},\"image\":{\"@id\":\"https:\/\/www.salvemsabadia.com\/#\/schema\/logo\/image\/\"}},{\"@type\":\"Person\",\"@id\":\"https:\/\/www.salvemsabadia.com\/#\/schema\/person\/5d08c5118adcb4140d13bde4826ba122\",\"name\":\"Salvem sa Badia\",\"image\":{\"@type\":\"ImageObject\",\"inLanguage\":\"es\",\"@id\":\"https:\/\/www.salvemsabadia.com\/#\/schema\/person\/image\/\",\"url\":\"https:\/\/secure.gravatar.com\/avatar\/d569ee5739a9c7022470ea472c9b4b9cf476e15f1be71e5242c911d673d14ad9?s=96&d=mm&r=g\",\"contentUrl\":\"https:\/\/secure.gravatar.com\/avatar\/d569ee5739a9c7022470ea472c9b4b9cf476e15f1be71e5242c911d673d14ad9?s=96&d=mm&r=g\",\"caption\":\"Salvem sa Badia\"}}]}<\/script>\n<!-- \/ Yoast SEO plugin. -->","yoast_head_json":{"title":"Las principales entidades ecologistas se adhieren al manifiesto de Salvem sa Badia para exigir medidas urgentes para proteger los ecosistemas marinos - Salvem Sa Badia de Portmany","robots":{"index":"index","follow":"follow","max-snippet":"max-snippet:-1","max-image-preview":"max-image-preview:large","max-video-preview":"max-video-preview:-1"},"canonical":"https:\/\/www.salvemsabadia.com\/les-principals-entitats-ecologistes-sadhereixen-al-manifest-de-salvem-sa-badia-per-a-exigir-mesures-urgents-per-a-protegir-els-ecosistemes-marins\/","og_locale":"es_ES","og_type":"article","og_title":"Las principales entidades ecologistas se adhieren al manifiesto de Salvem sa Badia para exigir medidas urgentes para proteger los ecosistemas marinos - Salvem Sa Badia de Portmany","og_description":"La Asociaci\u00f3n Salvem sa Badia ha presentado hoy ante el Govern balear las firmas de las entidades ecologistas que se han adherido al manifiesto de denuncia de la situaci\u00f3n de...","og_url":"https:\/\/www.salvemsabadia.com\/les-principals-entitats-ecologistes-sadhereixen-al-manifest-de-salvem-sa-badia-per-a-exigir-mesures-urgents-per-a-protegir-els-ecosistemes-marins\/","og_site_name":"Salvem Sa Badia de Portmany","article_published_time":"2025-07-31T12:38:48+00:00","article_modified_time":"2025-07-31T12:39:02+00:00","og_image":[{"width":1600,"height":1200,"url":"https:\/\/www.salvemsabadia.com\/wp-content\/uploads\/2025\/07\/embarcaciones-frente-a-es-pinet1.jpeg","type":"image\/jpeg"}],"author":"Salvem sa Badia","twitter_card":"summary_large_image","twitter_misc":{"Escrito por":"Salvem sa Badia","Tiempo de lectura":"3 minutos"},"schema":{"@context":"https:\/\/schema.org","@graph":[{"@type":"Article","@id":"https:\/\/www.salvemsabadia.com\/les-principals-entitats-ecologistes-sadhereixen-al-manifest-de-salvem-sa-badia-per-a-exigir-mesures-urgents-per-a-protegir-els-ecosistemes-marins\/#article","isPartOf":{"@id":"https:\/\/www.salvemsabadia.com\/les-principals-entitats-ecologistes-sadhereixen-al-manifest-de-salvem-sa-badia-per-a-exigir-mesures-urgents-per-a-protegir-els-ecosistemes-marins\/"},"author":{"name":"Salvem sa Badia","@id":"https:\/\/www.salvemsabadia.com\/#\/schema\/person\/5d08c5118adcb4140d13bde4826ba122"},"headline":"Las principales entidades ecologistas se adhieren al manifiesto de Salvem sa Badia para exigir medidas urgentes para proteger los ecosistemas marinos","datePublished":"2025-07-31T12:38:48+00:00","dateModified":"2025-07-31T12:39:02+00:00","mainEntityOfPage":{"@id":"https:\/\/www.salvemsabadia.com\/les-principals-entitats-ecologistes-sadhereixen-al-manifest-de-salvem-sa-badia-per-a-exigir-mesures-urgents-per-a-protegir-els-ecosistemes-marins\/"},"wordCount":716,"publisher":{"@id":"https:\/\/www.salvemsabadia.com\/#organization"},"image":{"@id":"https:\/\/www.salvemsabadia.com\/les-principals-entitats-ecologistes-sadhereixen-al-manifest-de-salvem-sa-badia-per-a-exigir-mesures-urgents-per-a-protegir-els-ecosistemes-marins\/#primaryimage"},"thumbnailUrl":"https:\/\/www.salvemsabadia.com\/wp-content\/uploads\/2025\/07\/embarcaciones-frente-a-es-pinet1.jpeg","articleSection":["Biodiversidad","Destacado","Fondeo irregular","Playas","Salvem Sa Badia"],"inLanguage":"es"},{"@type":"WebPage","@id":"https:\/\/www.salvemsabadia.com\/les-principals-entitats-ecologistes-sadhereixen-al-manifest-de-salvem-sa-badia-per-a-exigir-mesures-urgents-per-a-protegir-els-ecosistemes-marins\/","url":"https:\/\/www.salvemsabadia.com\/les-principals-entitats-ecologistes-sadhereixen-al-manifest-de-salvem-sa-badia-per-a-exigir-mesures-urgents-per-a-protegir-els-ecosistemes-marins\/","name":"Las principales entidades ecologistas se adhieren al manifiesto de Salvem sa Badia para exigir medidas urgentes para proteger los ecosistemas marinos - Salvem Sa Badia de Portmany","isPartOf":{"@id":"https:\/\/www.salvemsabadia.com\/#website"},"primaryImageOfPage":{"@id":"https:\/\/www.salvemsabadia.com\/les-principals-entitats-ecologistes-sadhereixen-al-manifest-de-salvem-sa-badia-per-a-exigir-mesures-urgents-per-a-protegir-els-ecosistemes-marins\/#primaryimage"},"image":{"@id":"https:\/\/www.salvemsabadia.com\/les-principals-entitats-ecologistes-sadhereixen-al-manifest-de-salvem-sa-badia-per-a-exigir-mesures-urgents-per-a-protegir-els-ecosistemes-marins\/#primaryimage"},"thumbnailUrl":"https:\/\/www.salvemsabadia.com\/wp-content\/uploads\/2025\/07\/embarcaciones-frente-a-es-pinet1.jpeg","datePublished":"2025-07-31T12:38:48+00:00","dateModified":"2025-07-31T12:39:02+00:00","breadcrumb":{"@id":"https:\/\/www.salvemsabadia.com\/les-principals-entitats-ecologistes-sadhereixen-al-manifest-de-salvem-sa-badia-per-a-exigir-mesures-urgents-per-a-protegir-els-ecosistemes-marins\/#breadcrumb"},"inLanguage":"es","potentialAction":[{"@type":"ReadAction","target":["https:\/\/www.salvemsabadia.com\/les-principals-entitats-ecologistes-sadhereixen-al-manifest-de-salvem-sa-badia-per-a-exigir-mesures-urgents-per-a-protegir-els-ecosistemes-marins\/"]}]},{"@type":"ImageObject","inLanguage":"es","@id":"https:\/\/www.salvemsabadia.com\/les-principals-entitats-ecologistes-sadhereixen-al-manifest-de-salvem-sa-badia-per-a-exigir-mesures-urgents-per-a-protegir-els-ecosistemes-marins\/#primaryimage","url":"https:\/\/www.salvemsabadia.com\/wp-content\/uploads\/2025\/07\/embarcaciones-frente-a-es-pinet1.jpeg","contentUrl":"https:\/\/www.salvemsabadia.com\/wp-content\/uploads\/2025\/07\/embarcaciones-frente-a-es-pinet1.jpeg","width":1600,"height":1200},{"@type":"BreadcrumbList","@id":"https:\/\/www.salvemsabadia.com\/les-principals-entitats-ecologistes-sadhereixen-al-manifest-de-salvem-sa-badia-per-a-exigir-mesures-urgents-per-a-protegir-els-ecosistemes-marins\/#breadcrumb","itemListElement":[{"@type":"ListItem","position":1,"name":"Portada","item":"https:\/\/www.salvemsabadia.com\/es\/"},{"@type":"ListItem","position":2,"name":"Las principales entidades ecologistas se adhieren al manifiesto de Salvem sa Badia para exigir medidas urgentes para proteger los ecosistemas marinos"}]},{"@type":"WebSite","@id":"https:\/\/www.salvemsabadia.com\/#website","url":"https:\/\/www.salvemsabadia.com\/","name":"Salvem Sa Badia de Portmany","description":"","publisher":{"@id":"https:\/\/www.salvemsabadia.com\/#organization"},"potentialAction":[{"@type":"SearchAction","target":{"@type":"EntryPoint","urlTemplate":"https:\/\/www.salvemsabadia.com\/?s={search_term_string}"},"query-input":{"@type":"PropertyValueSpecification","valueRequired":true,"valueName":"search_term_string"}}],"inLanguage":"es"},{"@type":"Organization","@id":"https:\/\/www.salvemsabadia.com\/#organization","name":"Salvem Sa Badia de Portmany","url":"https:\/\/www.salvemsabadia.com\/","logo":{"@type":"ImageObject","inLanguage":"es","@id":"https:\/\/www.salvemsabadia.com\/#\/schema\/logo\/image\/","url":"https:\/\/www.salvemsabadia.com\/wp-content\/uploads\/2020\/03\/logo.png","contentUrl":"https:\/\/www.salvemsabadia.com\/wp-content\/uploads\/2020\/03\/logo.png","width":188,"height":151,"caption":"Salvem Sa Badia de Portmany"},"image":{"@id":"https:\/\/www.salvemsabadia.com\/#\/schema\/logo\/image\/"}},{"@type":"Person","@id":"https:\/\/www.salvemsabadia.com\/#\/schema\/person\/5d08c5118adcb4140d13bde4826ba122","name":"Salvem sa Badia","image":{"@type":"ImageObject","inLanguage":"es","@id":"https:\/\/www.salvemsabadia.com\/#\/schema\/person\/image\/","url":"https:\/\/secure.gravatar.com\/avatar\/d569ee5739a9c7022470ea472c9b4b9cf476e15f1be71e5242c911d673d14ad9?s=96&d=mm&r=g","contentUrl":"https:\/\/secure.gravatar.com\/avatar\/d569ee5739a9c7022470ea472c9b4b9cf476e15f1be71e5242c911d673d14ad9?s=96&d=mm&r=g","caption":"Salvem sa Badia"}}]}},"_links":{"self":[{"href":"https:\/\/www.salvemsabadia.com\/es\/wp-json\/wp\/v2\/posts\/5667","targetHints":{"allow":["GET"]}}],"collection":[{"href":"https:\/\/www.salvemsabadia.com\/es\/wp-json\/wp\/v2\/posts"}],"about":[{"href":"https:\/\/www.salvemsabadia.com\/es\/wp-json\/wp\/v2\/types\/post"}],"author":[{"embeddable":true,"href":"https:\/\/www.salvemsabadia.com\/es\/wp-json\/wp\/v2\/users\/2"}],"replies":[{"embeddable":true,"href":"https:\/\/www.salvemsabadia.com\/es\/wp-json\/wp\/v2\/comments?post=5667"}],"version-history":[{"count":0,"href":"https:\/\/www.salvemsabadia.com\/es\/wp-json\/wp\/v2\/posts\/5667\/revisions"}],"wp:featuredmedia":[{"embeddable":true,"href":"https:\/\/www.salvemsabadia.com\/es\/wp-json\/wp\/v2\/media\/5668"}],"wp:attachment":[{"href":"https:\/\/www.salvemsabadia.com\/es\/wp-json\/wp\/v2\/media?parent=5667"}],"wp:term":[{"taxonomy":"category","embeddable":true,"href":"https:\/\/www.salvemsabadia.com\/es\/wp-json\/wp\/v2\/categories?post=5667"},{"taxonomy":"post_tag","embeddable":true,"href":"https:\/\/www.salvemsabadia.com\/es\/wp-json\/wp\/v2\/tags?post=5667"}],"curies":[{"name":"wp","href":"https:\/\/api.w.org\/{rel}","templated":true}]}}