{"id":5675,"date":"2025-08-14T15:38:00","date_gmt":"2025-08-14T13:38:00","guid":{"rendered":"https:\/\/www.salvemsabadia.com\/?p=5675"},"modified":"2025-08-14T15:38:13","modified_gmt":"2025-08-14T13:38:13","slug":"la-mitad-de-las-embarcaciones-controladas-por-es-voluntaris-de-sa-badia-estaban-mal-fondeadas","status":"publish","type":"post","link":"https:\/\/www.salvemsabadia.com\/es\/la-mitad-de-las-embarcaciones-controladas-por-es-voluntaris-de-sa-badia-estaban-mal-fondeadas\/","title":{"rendered":"La mitad de las embarcaciones controladas por \u2018Es Voluntaris de sa Badia\u2019 estaban mal fondeadas"},"content":{"rendered":"<p><img loading=\"lazy\" decoding=\"async\" class=\"alignnone size-full wp-image-5676\" src=\"https:\/\/www.salvemsabadia.com\/wp-content\/uploads\/2025\/08\/Voluntaris-de-sa-Badia-2025rec.jpg\" alt=\"\" width=\"1400\" height=\"933\" srcset=\"https:\/\/www.salvemsabadia.com\/wp-content\/uploads\/2025\/08\/Voluntaris-de-sa-Badia-2025rec.jpg 1400w, https:\/\/www.salvemsabadia.com\/wp-content\/uploads\/2025\/08\/Voluntaris-de-sa-Badia-2025rec-300x200.jpg 300w, https:\/\/www.salvemsabadia.com\/wp-content\/uploads\/2025\/08\/Voluntaris-de-sa-Badia-2025rec-1024x682.jpg 1024w, https:\/\/www.salvemsabadia.com\/wp-content\/uploads\/2025\/08\/Voluntaris-de-sa-Badia-2025rec-768x512.jpg 768w, https:\/\/www.salvemsabadia.com\/wp-content\/uploads\/2025\/08\/Voluntaris-de-sa-Badia-2025rec-900x600.jpg 900w\" sizes=\"auto, (max-width: 1400px) 100vw, 1400px\" \/>La edici\u00f3n de este a\u00f1o del proyecto \u2018Es Voluntaris de sa Badia\u2019, que impulsa la Asociaci\u00f3n Salvem sa Badia de Portmany y que se celebr\u00f3 entre el 23 de junio y el 1 de agosto, ha contado con la participaci\u00f3n de 32 j\u00f3venes voluntarios, que se han repartido en seis turnos de una semana de duraci\u00f3n. Cada uno de ellos ha contado con cinco j\u00f3venes, salvo las dos \u00faltimas semanas, que por la alta demanda hubo que elevar a seis. El equipo, que ha estado coordinado por una educadora ambiental y cient\u00edfica marina, ha encuestado a los tripulantes de un total de 172 embarcaciones, verificando que el 49% de ellas estaban fondeadas de manera incorrecta.<\/p>\n<p>A trav\u00e9s de estas encuestas, realizadas a quienes viajaban a bordo de lanchas y yates fondeados en el entorno de la bah\u00eda, se ha podido evaluar el conocimiento sobre la posidonia y los ecosistemas marinos, el manejo de aguas grises y negras y otras cuestiones relacionadas con la navegaci\u00f3n por parte de los viajeros n\u00e1uticos. Entre las conclusiones m\u00e1s destacadas, adem\u00e1s del hecho de que la mitad de ellas estaban mal fondeadas, figura que el mismo porcentaje declar\u00f3 no conocer nada de la posidonia y su importancia. Otro 21% ten\u00eda un conocimiento muy limitado y el resto sab\u00eda que es ilegal fondear sobre ella, aunque la inmensa mayor\u00eda desconoc\u00eda los motivos.<\/p>\n<p>Respecto al vaciado de dep\u00f3sitos de aguas grises o negras, s\u00f3lo el 57% conoc\u00eda la distancia legal de la costa para hacerlo (12 millas, siempre con los restos triturados). El 57% tambi\u00e9n manifest\u00f3 estar dispuesto a aceptar el uso de boyas de fondeo de bajo impacto y m\u00e1s de la mitad no conoc\u00eda la existencia de las Reservas Naturales de es Vedr\u00e0, es Vedranell y los islotes de Poniente o la Zona de Especial Protecci\u00f3n para las Aves (ZEPA), ni tampoco c\u00f3mo se debe actuar ante la presencia de cet\u00e1ceos.<\/p>\n<p>La coordinadora del voluntariado se encuentra elaborando la memoria con los resultados obtenidos en las encuestas, aunque ya ha adelantado que entre las propuestas de mejora figura instalar contenedores de reciclaje con boca grande en el entorno costero de la bah\u00eda, ya que en muchas zonas s\u00f3lo hay dep\u00f3sitos con boca peque\u00f1a, lo que presenta dificultades para el reciclaje correcto de los residuos.<\/p>\n<div id=\"attachment_5678\" style=\"width: 1410px\" class=\"wp-caption alignnone\"><img loading=\"lazy\" decoding=\"async\" aria-describedby=\"caption-attachment-5678\" class=\"size-full wp-image-5678\" src=\"https:\/\/www.salvemsabadia.com\/wp-content\/uploads\/2025\/08\/Foto-submarina-con-lechuga-de-mar-y-erizo-comun-Paracentrotus-lividus-en-primer-plano-rec.jpg\" alt=\"\" width=\"1400\" height=\"933\" srcset=\"https:\/\/www.salvemsabadia.com\/wp-content\/uploads\/2025\/08\/Foto-submarina-con-lechuga-de-mar-y-erizo-comun-Paracentrotus-lividus-en-primer-plano-rec.jpg 1400w, https:\/\/www.salvemsabadia.com\/wp-content\/uploads\/2025\/08\/Foto-submarina-con-lechuga-de-mar-y-erizo-comun-Paracentrotus-lividus-en-primer-plano-rec-300x200.jpg 300w, https:\/\/www.salvemsabadia.com\/wp-content\/uploads\/2025\/08\/Foto-submarina-con-lechuga-de-mar-y-erizo-comun-Paracentrotus-lividus-en-primer-plano-rec-1024x682.jpg 1024w, https:\/\/www.salvemsabadia.com\/wp-content\/uploads\/2025\/08\/Foto-submarina-con-lechuga-de-mar-y-erizo-comun-Paracentrotus-lividus-en-primer-plano-rec-768x512.jpg 768w, https:\/\/www.salvemsabadia.com\/wp-content\/uploads\/2025\/08\/Foto-submarina-con-lechuga-de-mar-y-erizo-comun-Paracentrotus-lividus-en-primer-plano-rec-900x600.jpg 900w\" sizes=\"auto, (max-width: 1400px) 100vw, 1400px\" \/><p id=\"caption-attachment-5678\" class=\"wp-caption-text\">Foto submarina realizada por el equipo de voluntarios con un erizo com\u00fan (Paracentrotus lividus) y una lechuga de mar (Anadyomene stellata).<\/p><\/div>\n<p>Durante la experiencia, cada voluntario ha recibido cursos sobre biodiversidad marina, seguridad n\u00e1utica y navegaci\u00f3n. Tambi\u00e9n se han realizado salidas con zodiac y de snorkel, al Aquarium de es Cap Blanc y han practicado la fotograf\u00eda submarina. Durante los estudios de biodiversidad han observado especies protegidas como el d\u00e1til de mar (<em>Lithophaga lithophaga)<\/em>, el coral end\u00e9mico del Mediterr\u00e1neo <em>Cladocora caespitosa<\/em>, el alga parda <em>Cystoseira mediterranea<\/em> y la <em>Posidonia oceanica<\/em>. Tambi\u00e9n han conocido especies invasoras como el cangrejo ara\u00f1a (<em>Percnon gibbesi<\/em>) y el alga roja o peuch\u00edn (<em>Lophocladia lallemandii<\/em>), y otras habituales del entorno como la an\u00e9mona com\u00fan (<em>Anemonia sulcata<\/em>), la lechuga de mar (<em>Anadyomene stellata<\/em>), el cangrejo ermita\u00f1o (<em>Dardanus calidus<\/em>), la bola de mar (<em>Codium bursa<\/em>), la doncella (<em>Coris julis<\/em>), el erizo com\u00fan (<em>Paracentrotus lividus<\/em>), el erizo negro (<em>Arbacia lixula<\/em>), la esponja o ircinia negra (<em>Sarcotragus spinosulus<\/em>) y el pez Fredi (<em>Thalassoma pavo<\/em>).<\/p>\n<p>En el mes de septiembre, como premio a su labor, los 32 voluntarios recibir\u00e1n un curso de iniciaci\u00f3n al buceo con botellas, a cargo de Arenal Dive, y una jornada de diversi\u00f3n con atracciones acu\u00e1ticas, aportada por Take Off. La actividad ha recibido generosas donaciones de Ecolocaliza, Observadores del Mar, las Reservas Naturales de es Vedr\u00e0, es Vedranell y los islotes de Poniente, Aquarium Cap Blanc, Club N\u00e0utic Sant Antoni, Verduras Costa, la cafeter\u00eda Y Punto, Water Toys Team, Take Off y Arenal Diving. Tambi\u00e9n han colaborado en el avituallamiento de los voluntarios Pachamama, El Pan de Lexa y Es Pollastre.<\/p>\n","protected":false},"excerpt":{"rendered":"<p>La edici\u00f3n de este a\u00f1o del proyecto \u2018Es Voluntaris de sa Badia\u2019, que impulsa la Asociaci\u00f3n Salvem sa Badia de Portmany y que se celebr\u00f3 entre el 23 de junio&#8230;<\/p>\n","protected":false},"author":2,"featured_media":5676,"comment_status":"closed","ping_status":"closed","sticky":false,"template":"","format":"standard","meta":{"give_campaign_id":0,"footnotes":""},"categories":[201,204,106,208,213,10],"tags":[],"class_list":{"0":"post-5675","1":"post","2":"type-post","3":"status-publish","4":"format-standard","5":"has-post-thumbnail","7":"category-biodiversidad","8":"category-ciencia","9":"category-destacado","10":"category-fondeo-irregular","11":"category-posidonia","12":"category-salvem-sa-badia"},"yoast_head":"<!-- This site is optimized with the Yoast SEO plugin v26.8 - https:\/\/yoast.com\/product\/yoast-seo-wordpress\/ -->\n<title>La mitad de las embarcaciones controladas por \u2018Es Voluntaris de sa Badia\u2019 estaban mal fondeadas - Salvem Sa Badia de Portmany<\/title>\n<meta name=\"robots\" content=\"index, follow, max-snippet:-1, max-image-preview:large, max-video-preview:-1\" \/>\n<link rel=\"canonical\" href=\"https:\/\/www.salvemsabadia.com\/la-meitat-de-les-embarcacions-controlades-per-es-voluntaris-de-sa-badia-estaven-mal-fondejades\/\" \/>\n<meta property=\"og:locale\" content=\"es_ES\" \/>\n<meta property=\"og:type\" content=\"article\" \/>\n<meta property=\"og:title\" content=\"La mitad de las embarcaciones controladas por \u2018Es Voluntaris de sa Badia\u2019 estaban mal fondeadas - Salvem Sa Badia de Portmany\" \/>\n<meta property=\"og:description\" content=\"La edici\u00f3n de este a\u00f1o del proyecto \u2018Es Voluntaris de sa Badia\u2019, que impulsa la Asociaci\u00f3n Salvem sa Badia de Portmany y que se celebr\u00f3 entre el 23 de junio...\" \/>\n<meta property=\"og:url\" content=\"https:\/\/www.salvemsabadia.com\/la-meitat-de-les-embarcacions-controlades-per-es-voluntaris-de-sa-badia-estaven-mal-fondejades\/\" \/>\n<meta property=\"og:site_name\" content=\"Salvem Sa Badia de Portmany\" \/>\n<meta property=\"article:published_time\" content=\"2025-08-14T13:38:00+00:00\" \/>\n<meta property=\"article:modified_time\" content=\"2025-08-14T13:38:13+00:00\" \/>\n<meta property=\"og:image\" content=\"https:\/\/www.salvemsabadia.com\/wp-content\/uploads\/2025\/08\/Voluntaris-de-sa-Badia-2025rec.jpg\" \/>\n\t<meta property=\"og:image:width\" content=\"1400\" \/>\n\t<meta property=\"og:image:height\" content=\"933\" \/>\n\t<meta property=\"og:image:type\" content=\"image\/jpeg\" \/>\n<meta name=\"author\" content=\"Salvem sa Badia\" \/>\n<meta name=\"twitter:card\" content=\"summary_large_image\" \/>\n<meta name=\"twitter:label1\" content=\"Escrito por\" \/>\n\t<meta name=\"twitter:data1\" content=\"Salvem sa Badia\" \/>\n\t<meta name=\"twitter:label2\" content=\"Tiempo de lectura\" \/>\n\t<meta name=\"twitter:data2\" content=\"3 minutos\" \/>\n<script type=\"application\/ld+json\" class=\"yoast-schema-graph\">{\"@context\":\"https:\/\/schema.org\",\"@graph\":[{\"@type\":\"Article\",\"@id\":\"https:\/\/www.salvemsabadia.com\/la-meitat-de-les-embarcacions-controlades-per-es-voluntaris-de-sa-badia-estaven-mal-fondejades\/#article\",\"isPartOf\":{\"@id\":\"https:\/\/www.salvemsabadia.com\/la-meitat-de-les-embarcacions-controlades-per-es-voluntaris-de-sa-badia-estaven-mal-fondejades\/\"},\"author\":{\"name\":\"Salvem sa Badia\",\"@id\":\"https:\/\/www.salvemsabadia.com\/#\/schema\/person\/5d08c5118adcb4140d13bde4826ba122\"},\"headline\":\"La mitad de las embarcaciones controladas por \u2018Es Voluntaris de sa Badia\u2019 estaban mal fondeadas\",\"datePublished\":\"2025-08-14T13:38:00+00:00\",\"dateModified\":\"2025-08-14T13:38:13+00:00\",\"mainEntityOfPage\":{\"@id\":\"https:\/\/www.salvemsabadia.com\/la-meitat-de-les-embarcacions-controlades-per-es-voluntaris-de-sa-badia-estaven-mal-fondejades\/\"},\"wordCount\":709,\"publisher\":{\"@id\":\"https:\/\/www.salvemsabadia.com\/#organization\"},\"image\":{\"@id\":\"https:\/\/www.salvemsabadia.com\/la-meitat-de-les-embarcacions-controlades-per-es-voluntaris-de-sa-badia-estaven-mal-fondejades\/#primaryimage\"},\"thumbnailUrl\":\"https:\/\/www.salvemsabadia.com\/wp-content\/uploads\/2025\/08\/Voluntaris-de-sa-Badia-2025rec.jpg\",\"articleSection\":[\"Biodiversidad\",\"Ciencia\",\"Destacado\",\"Fondeo irregular\",\"Posidonia\",\"Salvem Sa Badia\"],\"inLanguage\":\"es\"},{\"@type\":\"WebPage\",\"@id\":\"https:\/\/www.salvemsabadia.com\/la-meitat-de-les-embarcacions-controlades-per-es-voluntaris-de-sa-badia-estaven-mal-fondejades\/\",\"url\":\"https:\/\/www.salvemsabadia.com\/la-meitat-de-les-embarcacions-controlades-per-es-voluntaris-de-sa-badia-estaven-mal-fondejades\/\",\"name\":\"La mitad de las embarcaciones controladas por \u2018Es Voluntaris de sa Badia\u2019 estaban mal fondeadas - Salvem Sa Badia de Portmany\",\"isPartOf\":{\"@id\":\"https:\/\/www.salvemsabadia.com\/#website\"},\"primaryImageOfPage\":{\"@id\":\"https:\/\/www.salvemsabadia.com\/la-meitat-de-les-embarcacions-controlades-per-es-voluntaris-de-sa-badia-estaven-mal-fondejades\/#primaryimage\"},\"image\":{\"@id\":\"https:\/\/www.salvemsabadia.com\/la-meitat-de-les-embarcacions-controlades-per-es-voluntaris-de-sa-badia-estaven-mal-fondejades\/#primaryimage\"},\"thumbnailUrl\":\"https:\/\/www.salvemsabadia.com\/wp-content\/uploads\/2025\/08\/Voluntaris-de-sa-Badia-2025rec.jpg\",\"datePublished\":\"2025-08-14T13:38:00+00:00\",\"dateModified\":\"2025-08-14T13:38:13+00:00\",\"breadcrumb\":{\"@id\":\"https:\/\/www.salvemsabadia.com\/la-meitat-de-les-embarcacions-controlades-per-es-voluntaris-de-sa-badia-estaven-mal-fondejades\/#breadcrumb\"},\"inLanguage\":\"es\",\"potentialAction\":[{\"@type\":\"ReadAction\",\"target\":[\"https:\/\/www.salvemsabadia.com\/la-meitat-de-les-embarcacions-controlades-per-es-voluntaris-de-sa-badia-estaven-mal-fondejades\/\"]}]},{\"@type\":\"ImageObject\",\"inLanguage\":\"es\",\"@id\":\"https:\/\/www.salvemsabadia.com\/la-meitat-de-les-embarcacions-controlades-per-es-voluntaris-de-sa-badia-estaven-mal-fondejades\/#primaryimage\",\"url\":\"https:\/\/www.salvemsabadia.com\/wp-content\/uploads\/2025\/08\/Voluntaris-de-sa-Badia-2025rec.jpg\",\"contentUrl\":\"https:\/\/www.salvemsabadia.com\/wp-content\/uploads\/2025\/08\/Voluntaris-de-sa-Badia-2025rec.jpg\",\"width\":1400,\"height\":933},{\"@type\":\"BreadcrumbList\",\"@id\":\"https:\/\/www.salvemsabadia.com\/la-meitat-de-les-embarcacions-controlades-per-es-voluntaris-de-sa-badia-estaven-mal-fondejades\/#breadcrumb\",\"itemListElement\":[{\"@type\":\"ListItem\",\"position\":1,\"name\":\"Portada\",\"item\":\"https:\/\/www.salvemsabadia.com\/es\/\"},{\"@type\":\"ListItem\",\"position\":2,\"name\":\"La mitad de las embarcaciones controladas por \u2018Es Voluntaris de sa Badia\u2019 estaban mal fondeadas\"}]},{\"@type\":\"WebSite\",\"@id\":\"https:\/\/www.salvemsabadia.com\/#website\",\"url\":\"https:\/\/www.salvemsabadia.com\/\",\"name\":\"Salvem Sa Badia de Portmany\",\"description\":\"\",\"publisher\":{\"@id\":\"https:\/\/www.salvemsabadia.com\/#organization\"},\"potentialAction\":[{\"@type\":\"SearchAction\",\"target\":{\"@type\":\"EntryPoint\",\"urlTemplate\":\"https:\/\/www.salvemsabadia.com\/?s={search_term_string}\"},\"query-input\":{\"@type\":\"PropertyValueSpecification\",\"valueRequired\":true,\"valueName\":\"search_term_string\"}}],\"inLanguage\":\"es\"},{\"@type\":\"Organization\",\"@id\":\"https:\/\/www.salvemsabadia.com\/#organization\",\"name\":\"Salvem Sa Badia de Portmany\",\"url\":\"https:\/\/www.salvemsabadia.com\/\",\"logo\":{\"@type\":\"ImageObject\",\"inLanguage\":\"es\",\"@id\":\"https:\/\/www.salvemsabadia.com\/#\/schema\/logo\/image\/\",\"url\":\"https:\/\/www.salvemsabadia.com\/wp-content\/uploads\/2020\/03\/logo.png\",\"contentUrl\":\"https:\/\/www.salvemsabadia.com\/wp-content\/uploads\/2020\/03\/logo.png\",\"width\":188,\"height\":151,\"caption\":\"Salvem Sa Badia de Portmany\"},\"image\":{\"@id\":\"https:\/\/www.salvemsabadia.com\/#\/schema\/logo\/image\/\"}},{\"@type\":\"Person\",\"@id\":\"https:\/\/www.salvemsabadia.com\/#\/schema\/person\/5d08c5118adcb4140d13bde4826ba122\",\"name\":\"Salvem sa Badia\",\"image\":{\"@type\":\"ImageObject\",\"inLanguage\":\"es\",\"@id\":\"https:\/\/www.salvemsabadia.com\/#\/schema\/person\/image\/\",\"url\":\"https:\/\/secure.gravatar.com\/avatar\/d569ee5739a9c7022470ea472c9b4b9cf476e15f1be71e5242c911d673d14ad9?s=96&d=mm&r=g\",\"contentUrl\":\"https:\/\/secure.gravatar.com\/avatar\/d569ee5739a9c7022470ea472c9b4b9cf476e15f1be71e5242c911d673d14ad9?s=96&d=mm&r=g\",\"caption\":\"Salvem sa Badia\"}}]}<\/script>\n<!-- \/ Yoast SEO plugin. -->","yoast_head_json":{"title":"La mitad de las embarcaciones controladas por \u2018Es Voluntaris de sa Badia\u2019 estaban mal fondeadas - Salvem Sa Badia de Portmany","robots":{"index":"index","follow":"follow","max-snippet":"max-snippet:-1","max-image-preview":"max-image-preview:large","max-video-preview":"max-video-preview:-1"},"canonical":"https:\/\/www.salvemsabadia.com\/la-meitat-de-les-embarcacions-controlades-per-es-voluntaris-de-sa-badia-estaven-mal-fondejades\/","og_locale":"es_ES","og_type":"article","og_title":"La mitad de las embarcaciones controladas por \u2018Es Voluntaris de sa Badia\u2019 estaban mal fondeadas - Salvem Sa Badia de Portmany","og_description":"La edici\u00f3n de este a\u00f1o del proyecto \u2018Es Voluntaris de sa Badia\u2019, que impulsa la Asociaci\u00f3n Salvem sa Badia de Portmany y que se celebr\u00f3 entre el 23 de junio...","og_url":"https:\/\/www.salvemsabadia.com\/la-meitat-de-les-embarcacions-controlades-per-es-voluntaris-de-sa-badia-estaven-mal-fondejades\/","og_site_name":"Salvem Sa Badia de Portmany","article_published_time":"2025-08-14T13:38:00+00:00","article_modified_time":"2025-08-14T13:38:13+00:00","og_image":[{"width":1400,"height":933,"url":"https:\/\/www.salvemsabadia.com\/wp-content\/uploads\/2025\/08\/Voluntaris-de-sa-Badia-2025rec.jpg","type":"image\/jpeg"}],"author":"Salvem sa Badia","twitter_card":"summary_large_image","twitter_misc":{"Escrito por":"Salvem sa Badia","Tiempo de lectura":"3 minutos"},"schema":{"@context":"https:\/\/schema.org","@graph":[{"@type":"Article","@id":"https:\/\/www.salvemsabadia.com\/la-meitat-de-les-embarcacions-controlades-per-es-voluntaris-de-sa-badia-estaven-mal-fondejades\/#article","isPartOf":{"@id":"https:\/\/www.salvemsabadia.com\/la-meitat-de-les-embarcacions-controlades-per-es-voluntaris-de-sa-badia-estaven-mal-fondejades\/"},"author":{"name":"Salvem sa Badia","@id":"https:\/\/www.salvemsabadia.com\/#\/schema\/person\/5d08c5118adcb4140d13bde4826ba122"},"headline":"La mitad de las embarcaciones controladas por \u2018Es Voluntaris de sa Badia\u2019 estaban mal fondeadas","datePublished":"2025-08-14T13:38:00+00:00","dateModified":"2025-08-14T13:38:13+00:00","mainEntityOfPage":{"@id":"https:\/\/www.salvemsabadia.com\/la-meitat-de-les-embarcacions-controlades-per-es-voluntaris-de-sa-badia-estaven-mal-fondejades\/"},"wordCount":709,"publisher":{"@id":"https:\/\/www.salvemsabadia.com\/#organization"},"image":{"@id":"https:\/\/www.salvemsabadia.com\/la-meitat-de-les-embarcacions-controlades-per-es-voluntaris-de-sa-badia-estaven-mal-fondejades\/#primaryimage"},"thumbnailUrl":"https:\/\/www.salvemsabadia.com\/wp-content\/uploads\/2025\/08\/Voluntaris-de-sa-Badia-2025rec.jpg","articleSection":["Biodiversidad","Ciencia","Destacado","Fondeo irregular","Posidonia","Salvem Sa Badia"],"inLanguage":"es"},{"@type":"WebPage","@id":"https:\/\/www.salvemsabadia.com\/la-meitat-de-les-embarcacions-controlades-per-es-voluntaris-de-sa-badia-estaven-mal-fondejades\/","url":"https:\/\/www.salvemsabadia.com\/la-meitat-de-les-embarcacions-controlades-per-es-voluntaris-de-sa-badia-estaven-mal-fondejades\/","name":"La mitad de las embarcaciones controladas por \u2018Es Voluntaris de sa Badia\u2019 estaban mal fondeadas - Salvem Sa Badia de Portmany","isPartOf":{"@id":"https:\/\/www.salvemsabadia.com\/#website"},"primaryImageOfPage":{"@id":"https:\/\/www.salvemsabadia.com\/la-meitat-de-les-embarcacions-controlades-per-es-voluntaris-de-sa-badia-estaven-mal-fondejades\/#primaryimage"},"image":{"@id":"https:\/\/www.salvemsabadia.com\/la-meitat-de-les-embarcacions-controlades-per-es-voluntaris-de-sa-badia-estaven-mal-fondejades\/#primaryimage"},"thumbnailUrl":"https:\/\/www.salvemsabadia.com\/wp-content\/uploads\/2025\/08\/Voluntaris-de-sa-Badia-2025rec.jpg","datePublished":"2025-08-14T13:38:00+00:00","dateModified":"2025-08-14T13:38:13+00:00","breadcrumb":{"@id":"https:\/\/www.salvemsabadia.com\/la-meitat-de-les-embarcacions-controlades-per-es-voluntaris-de-sa-badia-estaven-mal-fondejades\/#breadcrumb"},"inLanguage":"es","potentialAction":[{"@type":"ReadAction","target":["https:\/\/www.salvemsabadia.com\/la-meitat-de-les-embarcacions-controlades-per-es-voluntaris-de-sa-badia-estaven-mal-fondejades\/"]}]},{"@type":"ImageObject","inLanguage":"es","@id":"https:\/\/www.salvemsabadia.com\/la-meitat-de-les-embarcacions-controlades-per-es-voluntaris-de-sa-badia-estaven-mal-fondejades\/#primaryimage","url":"https:\/\/www.salvemsabadia.com\/wp-content\/uploads\/2025\/08\/Voluntaris-de-sa-Badia-2025rec.jpg","contentUrl":"https:\/\/www.salvemsabadia.com\/wp-content\/uploads\/2025\/08\/Voluntaris-de-sa-Badia-2025rec.jpg","width":1400,"height":933},{"@type":"BreadcrumbList","@id":"https:\/\/www.salvemsabadia.com\/la-meitat-de-les-embarcacions-controlades-per-es-voluntaris-de-sa-badia-estaven-mal-fondejades\/#breadcrumb","itemListElement":[{"@type":"ListItem","position":1,"name":"Portada","item":"https:\/\/www.salvemsabadia.com\/es\/"},{"@type":"ListItem","position":2,"name":"La mitad de las embarcaciones controladas por \u2018Es Voluntaris de sa Badia\u2019 estaban mal fondeadas"}]},{"@type":"WebSite","@id":"https:\/\/www.salvemsabadia.com\/#website","url":"https:\/\/www.salvemsabadia.com\/","name":"Salvem Sa Badia de Portmany","description":"","publisher":{"@id":"https:\/\/www.salvemsabadia.com\/#organization"},"potentialAction":[{"@type":"SearchAction","target":{"@type":"EntryPoint","urlTemplate":"https:\/\/www.salvemsabadia.com\/?s={search_term_string}"},"query-input":{"@type":"PropertyValueSpecification","valueRequired":true,"valueName":"search_term_string"}}],"inLanguage":"es"},{"@type":"Organization","@id":"https:\/\/www.salvemsabadia.com\/#organization","name":"Salvem Sa Badia de Portmany","url":"https:\/\/www.salvemsabadia.com\/","logo":{"@type":"ImageObject","inLanguage":"es","@id":"https:\/\/www.salvemsabadia.com\/#\/schema\/logo\/image\/","url":"https:\/\/www.salvemsabadia.com\/wp-content\/uploads\/2020\/03\/logo.png","contentUrl":"https:\/\/www.salvemsabadia.com\/wp-content\/uploads\/2020\/03\/logo.png","width":188,"height":151,"caption":"Salvem Sa Badia de Portmany"},"image":{"@id":"https:\/\/www.salvemsabadia.com\/#\/schema\/logo\/image\/"}},{"@type":"Person","@id":"https:\/\/www.salvemsabadia.com\/#\/schema\/person\/5d08c5118adcb4140d13bde4826ba122","name":"Salvem sa Badia","image":{"@type":"ImageObject","inLanguage":"es","@id":"https:\/\/www.salvemsabadia.com\/#\/schema\/person\/image\/","url":"https:\/\/secure.gravatar.com\/avatar\/d569ee5739a9c7022470ea472c9b4b9cf476e15f1be71e5242c911d673d14ad9?s=96&d=mm&r=g","contentUrl":"https:\/\/secure.gravatar.com\/avatar\/d569ee5739a9c7022470ea472c9b4b9cf476e15f1be71e5242c911d673d14ad9?s=96&d=mm&r=g","caption":"Salvem sa Badia"}}]}},"_links":{"self":[{"href":"https:\/\/www.salvemsabadia.com\/es\/wp-json\/wp\/v2\/posts\/5675","targetHints":{"allow":["GET"]}}],"collection":[{"href":"https:\/\/www.salvemsabadia.com\/es\/wp-json\/wp\/v2\/posts"}],"about":[{"href":"https:\/\/www.salvemsabadia.com\/es\/wp-json\/wp\/v2\/types\/post"}],"author":[{"embeddable":true,"href":"https:\/\/www.salvemsabadia.com\/es\/wp-json\/wp\/v2\/users\/2"}],"replies":[{"embeddable":true,"href":"https:\/\/www.salvemsabadia.com\/es\/wp-json\/wp\/v2\/comments?post=5675"}],"version-history":[{"count":0,"href":"https:\/\/www.salvemsabadia.com\/es\/wp-json\/wp\/v2\/posts\/5675\/revisions"}],"wp:featuredmedia":[{"embeddable":true,"href":"https:\/\/www.salvemsabadia.com\/es\/wp-json\/wp\/v2\/media\/5676"}],"wp:attachment":[{"href":"https:\/\/www.salvemsabadia.com\/es\/wp-json\/wp\/v2\/media?parent=5675"}],"wp:term":[{"taxonomy":"category","embeddable":true,"href":"https:\/\/www.salvemsabadia.com\/es\/wp-json\/wp\/v2\/categories?post=5675"},{"taxonomy":"post_tag","embeddable":true,"href":"https:\/\/www.salvemsabadia.com\/es\/wp-json\/wp\/v2\/tags?post=5675"}],"curies":[{"name":"wp","href":"https:\/\/api.w.org\/{rel}","templated":true}]}}