{"id":5703,"date":"2025-09-10T13:53:36","date_gmt":"2025-09-10T11:53:36","guid":{"rendered":"https:\/\/www.salvemsabadia.com\/salvem-sa-badia-participa-dilluns-que-ve-en-la-xi-edicio-del-international-ocean-film-tour\/"},"modified":"2025-09-10T13:55:32","modified_gmt":"2025-09-10T11:55:32","slug":"salvem-sa-badia-participa-el-proximo-lunes-en-la-xi-edicion-del-international-ocean-film-tour","status":"publish","type":"post","link":"https:\/\/www.salvemsabadia.com\/es\/salvem-sa-badia-participa-el-proximo-lunes-en-la-xi-edicion-del-international-ocean-film-tour\/","title":{"rendered":"Salvem sa Badia participa el pr\u00f3ximo lunes en la XI edici\u00f3n del International Ocean Film Tour"},"content":{"rendered":"<p><img loading=\"lazy\" decoding=\"async\" class=\"alignnone size-full wp-image-5697\" src=\"https:\/\/www.salvemsabadia.com\/wp-content\/uploads\/2025\/09\/cartel-recortado.jpg\" alt=\"\" width=\"1400\" height=\"934\" srcset=\"https:\/\/www.salvemsabadia.com\/wp-content\/uploads\/2025\/09\/cartel-recortado.jpg 1400w, https:\/\/www.salvemsabadia.com\/wp-content\/uploads\/2025\/09\/cartel-recortado-300x200.jpg 300w, https:\/\/www.salvemsabadia.com\/wp-content\/uploads\/2025\/09\/cartel-recortado-1024x683.jpg 1024w, https:\/\/www.salvemsabadia.com\/wp-content\/uploads\/2025\/09\/cartel-recortado-768x512.jpg 768w, https:\/\/www.salvemsabadia.com\/wp-content\/uploads\/2025\/09\/cartel-recortado-900x600.jpg 900w\" sizes=\"auto, (max-width: 1400px) 100vw, 1400px\" \/><\/p>\n<p>La Asociaci\u00f3n Salvem sa Badia ofrecer\u00e1 una presentaci\u00f3n de los proyectos de protecci\u00f3n y concienciaci\u00f3n ambiental que desarrolla en el entorno de la bah\u00eda de Portmany en el International Ocean Film Tour, cuya 11\u00aa edici\u00f3n llega a los Multicines de Ibiza el pr\u00f3ximo lunes, 15 de septiembre, a las 19 horas.<\/p>\n<p>El Internacional Ocean Film Tour est\u00e1 considerado el festival cinematogr\u00e1fico de los oc\u00e9anos m\u00e1s importante de Europa, ya que recorre un total de 16 pa\u00edses, con m\u00e1s de 300 eventos, 20 de ellos en nuestro pa\u00eds. El festival presenta un conjunto de documentales que suman alrededor de 150 minutos de duraci\u00f3n, relacionados con el medio marino. Como cabeza de cartel figura el corto canario \u2018Nika, el calder\u00f3n tropical\u2019, del director Jos\u00e9 Hern\u00e1ndez y codirigido y protagonizado por Felipe Ravina. Cuenta la ins\u00f3lita historia entre este bi\u00f3logo y divulgador tinerfe\u00f1o y \u2018Nika\u2019, un calder\u00f3n tropical de la comunidad que vive en las islas. A trav\u00e9s de ella, la producci\u00f3n introduce los problemas ambientales m\u00e1s graves que padece un archipi\u00e9lago amenazado por la sobrexplotaci\u00f3n tur\u00edstica, la contaminaci\u00f3n y el expolio de recursos.<\/p>\n<p>El p\u00fablico, adem\u00e1s, podr\u00e1 disfrutar de otros cuatro cortometrajes. Todos ellos reflejan historias que inspiran y que merecen ser escuchadas, seleccionadas entre cientos de trabajos de todo el mundo. Se trata de \u2018Trilogy New Wave\u2019, una producci\u00f3n estadounidense que re\u00fane a tres de los mejores surfistas del mundo (Ethan Ewing, Griffin Colapinto y Seth Moniz); \u2018Row of Life\u2019, que sigue a la exatleta paral\u00edmpica Angela Madsen en la mayor aventura de su vida; \u2018Kelp!\u2019, un corto brit\u00e1nico sobre el potencial del kelpo, un alga marina que podr\u00eda revolucionar la agricultura, la pesca y los biocombustibles, y \u20187 Beats per Minute\u2019, pel\u00edcula canadiense que sigue a la gran apne\u00edsta Jessea Lu, que muestra c\u00f3mo las profundidades pueden llevar a alcanzar logros personales extraordinarios, en los l\u00edmites del cuerpo humano.<\/p>\n<p>El International Ocean Film Tour cumple once a\u00f1os comprometido con la idea de proteger a los oc\u00e9anos, que son a la vez h\u00e1bitat y l\u00ednea de vida, y que est\u00e1n en peligro de extinci\u00f3n. El festival, originario de Alemania, cuenta con la colaboraci\u00f3n de Salvem sa Badia, junto a otras entidades como el Cabildo Insular de Lanzarote, Surfrider Foundation, Top Time Eventos, Buceo ConCiencia, Fundaci\u00f3n Ambiente Europeo, Buceo Norte Gran Canaria o Sea Sheperd Global, entre otras.<\/p>\n<p>Las entradas para asistir al evento se pueden conseguir a trav\u00e9s de la <a href=\"https:\/\/www.internationaloceanfilmtour.es\/\" target=\"_blank\" rel=\"noopener\">web del certamen<\/a>.<\/p>\n<p><img loading=\"lazy\" decoding=\"async\" class=\"alignnone size-full wp-image-5699\" src=\"https:\/\/www.salvemsabadia.com\/wp-content\/uploads\/2025\/09\/OCEAN-VOL11-OCINE-21-x-297-cm-A4.jpg\" alt=\"\" width=\"1414\" height=\"2000\" srcset=\"https:\/\/www.salvemsabadia.com\/wp-content\/uploads\/2025\/09\/OCEAN-VOL11-OCINE-21-x-297-cm-A4.jpg 1414w, https:\/\/www.salvemsabadia.com\/wp-content\/uploads\/2025\/09\/OCEAN-VOL11-OCINE-21-x-297-cm-A4-212x300.jpg 212w, https:\/\/www.salvemsabadia.com\/wp-content\/uploads\/2025\/09\/OCEAN-VOL11-OCINE-21-x-297-cm-A4-724x1024.jpg 724w, https:\/\/www.salvemsabadia.com\/wp-content\/uploads\/2025\/09\/OCEAN-VOL11-OCINE-21-x-297-cm-A4-768x1086.jpg 768w, https:\/\/www.salvemsabadia.com\/wp-content\/uploads\/2025\/09\/OCEAN-VOL11-OCINE-21-x-297-cm-A4-1086x1536.jpg 1086w\" sizes=\"auto, (max-width: 1414px) 100vw, 1414px\" \/><\/p>\n","protected":false},"excerpt":{"rendered":"<p>La Asociaci\u00f3n Salvem sa Badia ofrecer\u00e1 una presentaci\u00f3n de los proyectos de protecci\u00f3n y concienciaci\u00f3n ambiental que desarrolla en el entorno de la bah\u00eda de Portmany en el International Ocean&#8230;<\/p>\n","protected":false},"author":2,"featured_media":5698,"comment_status":"closed","ping_status":"closed","sticky":false,"template":"","format":"standard","meta":{"give_campaign_id":0,"footnotes":""},"categories":[201,202,204,106,211,10],"tags":[],"class_list":{"0":"post-5703","1":"post","2":"type-post","3":"status-publish","4":"format-standard","5":"has-post-thumbnail","7":"category-biodiversidad","8":"category-buceo","9":"category-ciencia","10":"category-destacado","11":"category-pitiuses","12":"category-salvem-sa-badia"},"yoast_head":"<!-- This site is optimized with the Yoast SEO plugin v26.8 - https:\/\/yoast.com\/product\/yoast-seo-wordpress\/ -->\n<title>Salvem sa Badia participa el pr\u00f3ximo lunes en la XI edici\u00f3n del International Ocean Film Tour - Salvem Sa Badia de Portmany<\/title>\n<meta name=\"robots\" content=\"index, follow, max-snippet:-1, max-image-preview:large, max-video-preview:-1\" \/>\n<link rel=\"canonical\" href=\"https:\/\/www.salvemsabadia.com\/salvem-sa-badia-participa-dilluns-que-ve-en-la-xi-edicio-del-international-ocean-film-tour\/\" \/>\n<meta property=\"og:locale\" content=\"es_ES\" \/>\n<meta property=\"og:type\" content=\"article\" \/>\n<meta property=\"og:title\" content=\"Salvem sa Badia participa el pr\u00f3ximo lunes en la XI edici\u00f3n del International Ocean Film Tour - Salvem Sa Badia de Portmany\" \/>\n<meta property=\"og:description\" content=\"La Asociaci\u00f3n Salvem sa Badia ofrecer\u00e1 una presentaci\u00f3n de los proyectos de protecci\u00f3n y concienciaci\u00f3n ambiental que desarrolla en el entorno de la bah\u00eda de Portmany en el International Ocean...\" \/>\n<meta property=\"og:url\" content=\"https:\/\/www.salvemsabadia.com\/salvem-sa-badia-participa-dilluns-que-ve-en-la-xi-edicio-del-international-ocean-film-tour\/\" \/>\n<meta property=\"og:site_name\" content=\"Salvem Sa Badia de Portmany\" \/>\n<meta property=\"article:published_time\" content=\"2025-09-10T11:53:36+00:00\" \/>\n<meta property=\"article:modified_time\" content=\"2025-09-10T11:55:32+00:00\" \/>\n<meta property=\"og:image\" content=\"https:\/\/www.salvemsabadia.com\/wp-content\/uploads\/2025\/09\/cartel-recortado.jpg\" \/>\n\t<meta property=\"og:image:width\" content=\"1400\" \/>\n\t<meta property=\"og:image:height\" content=\"934\" \/>\n\t<meta property=\"og:image:type\" content=\"image\/jpeg\" \/>\n<meta name=\"author\" content=\"Salvem sa Badia\" \/>\n<meta name=\"twitter:card\" content=\"summary_large_image\" \/>\n<meta name=\"twitter:label1\" content=\"Escrito por\" \/>\n\t<meta name=\"twitter:data1\" content=\"Salvem sa Badia\" \/>\n\t<meta name=\"twitter:label2\" content=\"Tiempo de lectura\" \/>\n\t<meta name=\"twitter:data2\" content=\"2 minutos\" \/>\n<script type=\"application\/ld+json\" class=\"yoast-schema-graph\">{\"@context\":\"https:\/\/schema.org\",\"@graph\":[{\"@type\":\"Article\",\"@id\":\"https:\/\/www.salvemsabadia.com\/salvem-sa-badia-participa-dilluns-que-ve-en-la-xi-edicio-del-international-ocean-film-tour\/#article\",\"isPartOf\":{\"@id\":\"https:\/\/www.salvemsabadia.com\/salvem-sa-badia-participa-dilluns-que-ve-en-la-xi-edicio-del-international-ocean-film-tour\/\"},\"author\":{\"name\":\"Salvem sa Badia\",\"@id\":\"https:\/\/www.salvemsabadia.com\/#\/schema\/person\/5d08c5118adcb4140d13bde4826ba122\"},\"headline\":\"Salvem sa Badia participa el pr\u00f3ximo lunes en la XI edici\u00f3n del International Ocean Film Tour\",\"datePublished\":\"2025-09-10T11:53:36+00:00\",\"dateModified\":\"2025-09-10T11:55:32+00:00\",\"mainEntityOfPage\":{\"@id\":\"https:\/\/www.salvemsabadia.com\/salvem-sa-badia-participa-dilluns-que-ve-en-la-xi-edicio-del-international-ocean-film-tour\/\"},\"wordCount\":459,\"publisher\":{\"@id\":\"https:\/\/www.salvemsabadia.com\/#organization\"},\"image\":{\"@id\":\"https:\/\/www.salvemsabadia.com\/salvem-sa-badia-participa-dilluns-que-ve-en-la-xi-edicio-del-international-ocean-film-tour\/#primaryimage\"},\"thumbnailUrl\":\"https:\/\/www.salvemsabadia.com\/wp-content\/uploads\/2025\/09\/cartel-recortado.jpg\",\"articleSection\":[\"Biodiversidad\",\"Buceo\",\"Ciencia\",\"Destacado\",\"Piti\u00fcses\",\"Salvem Sa Badia\"],\"inLanguage\":\"es\"},{\"@type\":\"WebPage\",\"@id\":\"https:\/\/www.salvemsabadia.com\/salvem-sa-badia-participa-dilluns-que-ve-en-la-xi-edicio-del-international-ocean-film-tour\/\",\"url\":\"https:\/\/www.salvemsabadia.com\/salvem-sa-badia-participa-dilluns-que-ve-en-la-xi-edicio-del-international-ocean-film-tour\/\",\"name\":\"Salvem sa Badia participa el pr\u00f3ximo lunes en la XI edici\u00f3n del International Ocean Film Tour - Salvem Sa Badia de Portmany\",\"isPartOf\":{\"@id\":\"https:\/\/www.salvemsabadia.com\/#website\"},\"primaryImageOfPage\":{\"@id\":\"https:\/\/www.salvemsabadia.com\/salvem-sa-badia-participa-dilluns-que-ve-en-la-xi-edicio-del-international-ocean-film-tour\/#primaryimage\"},\"image\":{\"@id\":\"https:\/\/www.salvemsabadia.com\/salvem-sa-badia-participa-dilluns-que-ve-en-la-xi-edicio-del-international-ocean-film-tour\/#primaryimage\"},\"thumbnailUrl\":\"https:\/\/www.salvemsabadia.com\/wp-content\/uploads\/2025\/09\/cartel-recortado.jpg\",\"datePublished\":\"2025-09-10T11:53:36+00:00\",\"dateModified\":\"2025-09-10T11:55:32+00:00\",\"breadcrumb\":{\"@id\":\"https:\/\/www.salvemsabadia.com\/salvem-sa-badia-participa-dilluns-que-ve-en-la-xi-edicio-del-international-ocean-film-tour\/#breadcrumb\"},\"inLanguage\":\"es\",\"potentialAction\":[{\"@type\":\"ReadAction\",\"target\":[\"https:\/\/www.salvemsabadia.com\/salvem-sa-badia-participa-dilluns-que-ve-en-la-xi-edicio-del-international-ocean-film-tour\/\"]}]},{\"@type\":\"ImageObject\",\"inLanguage\":\"es\",\"@id\":\"https:\/\/www.salvemsabadia.com\/salvem-sa-badia-participa-dilluns-que-ve-en-la-xi-edicio-del-international-ocean-film-tour\/#primaryimage\",\"url\":\"https:\/\/www.salvemsabadia.com\/wp-content\/uploads\/2025\/09\/cartel-recortado.jpg\",\"contentUrl\":\"https:\/\/www.salvemsabadia.com\/wp-content\/uploads\/2025\/09\/cartel-recortado.jpg\",\"width\":1400,\"height\":934},{\"@type\":\"BreadcrumbList\",\"@id\":\"https:\/\/www.salvemsabadia.com\/salvem-sa-badia-participa-dilluns-que-ve-en-la-xi-edicio-del-international-ocean-film-tour\/#breadcrumb\",\"itemListElement\":[{\"@type\":\"ListItem\",\"position\":1,\"name\":\"Portada\",\"item\":\"https:\/\/www.salvemsabadia.com\/es\/\"},{\"@type\":\"ListItem\",\"position\":2,\"name\":\"Salvem sa Badia participa el pr\u00f3ximo lunes en la XI edici\u00f3n del International Ocean Film Tour\"}]},{\"@type\":\"WebSite\",\"@id\":\"https:\/\/www.salvemsabadia.com\/#website\",\"url\":\"https:\/\/www.salvemsabadia.com\/\",\"name\":\"Salvem Sa Badia de Portmany\",\"description\":\"\",\"publisher\":{\"@id\":\"https:\/\/www.salvemsabadia.com\/#organization\"},\"potentialAction\":[{\"@type\":\"SearchAction\",\"target\":{\"@type\":\"EntryPoint\",\"urlTemplate\":\"https:\/\/www.salvemsabadia.com\/?s={search_term_string}\"},\"query-input\":{\"@type\":\"PropertyValueSpecification\",\"valueRequired\":true,\"valueName\":\"search_term_string\"}}],\"inLanguage\":\"es\"},{\"@type\":\"Organization\",\"@id\":\"https:\/\/www.salvemsabadia.com\/#organization\",\"name\":\"Salvem Sa Badia de Portmany\",\"url\":\"https:\/\/www.salvemsabadia.com\/\",\"logo\":{\"@type\":\"ImageObject\",\"inLanguage\":\"es\",\"@id\":\"https:\/\/www.salvemsabadia.com\/#\/schema\/logo\/image\/\",\"url\":\"https:\/\/www.salvemsabadia.com\/wp-content\/uploads\/2020\/03\/logo.png\",\"contentUrl\":\"https:\/\/www.salvemsabadia.com\/wp-content\/uploads\/2020\/03\/logo.png\",\"width\":188,\"height\":151,\"caption\":\"Salvem Sa Badia de Portmany\"},\"image\":{\"@id\":\"https:\/\/www.salvemsabadia.com\/#\/schema\/logo\/image\/\"}},{\"@type\":\"Person\",\"@id\":\"https:\/\/www.salvemsabadia.com\/#\/schema\/person\/5d08c5118adcb4140d13bde4826ba122\",\"name\":\"Salvem sa Badia\",\"image\":{\"@type\":\"ImageObject\",\"inLanguage\":\"es\",\"@id\":\"https:\/\/www.salvemsabadia.com\/#\/schema\/person\/image\/\",\"url\":\"https:\/\/secure.gravatar.com\/avatar\/d569ee5739a9c7022470ea472c9b4b9cf476e15f1be71e5242c911d673d14ad9?s=96&d=mm&r=g\",\"contentUrl\":\"https:\/\/secure.gravatar.com\/avatar\/d569ee5739a9c7022470ea472c9b4b9cf476e15f1be71e5242c911d673d14ad9?s=96&d=mm&r=g\",\"caption\":\"Salvem sa Badia\"}}]}<\/script>\n<!-- \/ Yoast SEO plugin. -->","yoast_head_json":{"title":"Salvem sa Badia participa el pr\u00f3ximo lunes en la XI edici\u00f3n del International Ocean Film Tour - Salvem Sa Badia de Portmany","robots":{"index":"index","follow":"follow","max-snippet":"max-snippet:-1","max-image-preview":"max-image-preview:large","max-video-preview":"max-video-preview:-1"},"canonical":"https:\/\/www.salvemsabadia.com\/salvem-sa-badia-participa-dilluns-que-ve-en-la-xi-edicio-del-international-ocean-film-tour\/","og_locale":"es_ES","og_type":"article","og_title":"Salvem sa Badia participa el pr\u00f3ximo lunes en la XI edici\u00f3n del International Ocean Film Tour - Salvem Sa Badia de Portmany","og_description":"La Asociaci\u00f3n Salvem sa Badia ofrecer\u00e1 una presentaci\u00f3n de los proyectos de protecci\u00f3n y concienciaci\u00f3n ambiental que desarrolla en el entorno de la bah\u00eda de Portmany en el International Ocean...","og_url":"https:\/\/www.salvemsabadia.com\/salvem-sa-badia-participa-dilluns-que-ve-en-la-xi-edicio-del-international-ocean-film-tour\/","og_site_name":"Salvem Sa Badia de Portmany","article_published_time":"2025-09-10T11:53:36+00:00","article_modified_time":"2025-09-10T11:55:32+00:00","og_image":[{"width":1400,"height":934,"url":"https:\/\/www.salvemsabadia.com\/wp-content\/uploads\/2025\/09\/cartel-recortado.jpg","type":"image\/jpeg"}],"author":"Salvem sa Badia","twitter_card":"summary_large_image","twitter_misc":{"Escrito por":"Salvem sa Badia","Tiempo de lectura":"2 minutos"},"schema":{"@context":"https:\/\/schema.org","@graph":[{"@type":"Article","@id":"https:\/\/www.salvemsabadia.com\/salvem-sa-badia-participa-dilluns-que-ve-en-la-xi-edicio-del-international-ocean-film-tour\/#article","isPartOf":{"@id":"https:\/\/www.salvemsabadia.com\/salvem-sa-badia-participa-dilluns-que-ve-en-la-xi-edicio-del-international-ocean-film-tour\/"},"author":{"name":"Salvem sa Badia","@id":"https:\/\/www.salvemsabadia.com\/#\/schema\/person\/5d08c5118adcb4140d13bde4826ba122"},"headline":"Salvem sa Badia participa el pr\u00f3ximo lunes en la XI edici\u00f3n del International Ocean Film Tour","datePublished":"2025-09-10T11:53:36+00:00","dateModified":"2025-09-10T11:55:32+00:00","mainEntityOfPage":{"@id":"https:\/\/www.salvemsabadia.com\/salvem-sa-badia-participa-dilluns-que-ve-en-la-xi-edicio-del-international-ocean-film-tour\/"},"wordCount":459,"publisher":{"@id":"https:\/\/www.salvemsabadia.com\/#organization"},"image":{"@id":"https:\/\/www.salvemsabadia.com\/salvem-sa-badia-participa-dilluns-que-ve-en-la-xi-edicio-del-international-ocean-film-tour\/#primaryimage"},"thumbnailUrl":"https:\/\/www.salvemsabadia.com\/wp-content\/uploads\/2025\/09\/cartel-recortado.jpg","articleSection":["Biodiversidad","Buceo","Ciencia","Destacado","Piti\u00fcses","Salvem Sa Badia"],"inLanguage":"es"},{"@type":"WebPage","@id":"https:\/\/www.salvemsabadia.com\/salvem-sa-badia-participa-dilluns-que-ve-en-la-xi-edicio-del-international-ocean-film-tour\/","url":"https:\/\/www.salvemsabadia.com\/salvem-sa-badia-participa-dilluns-que-ve-en-la-xi-edicio-del-international-ocean-film-tour\/","name":"Salvem sa Badia participa el pr\u00f3ximo lunes en la XI edici\u00f3n del International Ocean Film Tour - Salvem Sa Badia de Portmany","isPartOf":{"@id":"https:\/\/www.salvemsabadia.com\/#website"},"primaryImageOfPage":{"@id":"https:\/\/www.salvemsabadia.com\/salvem-sa-badia-participa-dilluns-que-ve-en-la-xi-edicio-del-international-ocean-film-tour\/#primaryimage"},"image":{"@id":"https:\/\/www.salvemsabadia.com\/salvem-sa-badia-participa-dilluns-que-ve-en-la-xi-edicio-del-international-ocean-film-tour\/#primaryimage"},"thumbnailUrl":"https:\/\/www.salvemsabadia.com\/wp-content\/uploads\/2025\/09\/cartel-recortado.jpg","datePublished":"2025-09-10T11:53:36+00:00","dateModified":"2025-09-10T11:55:32+00:00","breadcrumb":{"@id":"https:\/\/www.salvemsabadia.com\/salvem-sa-badia-participa-dilluns-que-ve-en-la-xi-edicio-del-international-ocean-film-tour\/#breadcrumb"},"inLanguage":"es","potentialAction":[{"@type":"ReadAction","target":["https:\/\/www.salvemsabadia.com\/salvem-sa-badia-participa-dilluns-que-ve-en-la-xi-edicio-del-international-ocean-film-tour\/"]}]},{"@type":"ImageObject","inLanguage":"es","@id":"https:\/\/www.salvemsabadia.com\/salvem-sa-badia-participa-dilluns-que-ve-en-la-xi-edicio-del-international-ocean-film-tour\/#primaryimage","url":"https:\/\/www.salvemsabadia.com\/wp-content\/uploads\/2025\/09\/cartel-recortado.jpg","contentUrl":"https:\/\/www.salvemsabadia.com\/wp-content\/uploads\/2025\/09\/cartel-recortado.jpg","width":1400,"height":934},{"@type":"BreadcrumbList","@id":"https:\/\/www.salvemsabadia.com\/salvem-sa-badia-participa-dilluns-que-ve-en-la-xi-edicio-del-international-ocean-film-tour\/#breadcrumb","itemListElement":[{"@type":"ListItem","position":1,"name":"Portada","item":"https:\/\/www.salvemsabadia.com\/es\/"},{"@type":"ListItem","position":2,"name":"Salvem sa Badia participa el pr\u00f3ximo lunes en la XI edici\u00f3n del International Ocean Film Tour"}]},{"@type":"WebSite","@id":"https:\/\/www.salvemsabadia.com\/#website","url":"https:\/\/www.salvemsabadia.com\/","name":"Salvem Sa Badia de Portmany","description":"","publisher":{"@id":"https:\/\/www.salvemsabadia.com\/#organization"},"potentialAction":[{"@type":"SearchAction","target":{"@type":"EntryPoint","urlTemplate":"https:\/\/www.salvemsabadia.com\/?s={search_term_string}"},"query-input":{"@type":"PropertyValueSpecification","valueRequired":true,"valueName":"search_term_string"}}],"inLanguage":"es"},{"@type":"Organization","@id":"https:\/\/www.salvemsabadia.com\/#organization","name":"Salvem Sa Badia de Portmany","url":"https:\/\/www.salvemsabadia.com\/","logo":{"@type":"ImageObject","inLanguage":"es","@id":"https:\/\/www.salvemsabadia.com\/#\/schema\/logo\/image\/","url":"https:\/\/www.salvemsabadia.com\/wp-content\/uploads\/2020\/03\/logo.png","contentUrl":"https:\/\/www.salvemsabadia.com\/wp-content\/uploads\/2020\/03\/logo.png","width":188,"height":151,"caption":"Salvem Sa Badia de Portmany"},"image":{"@id":"https:\/\/www.salvemsabadia.com\/#\/schema\/logo\/image\/"}},{"@type":"Person","@id":"https:\/\/www.salvemsabadia.com\/#\/schema\/person\/5d08c5118adcb4140d13bde4826ba122","name":"Salvem sa Badia","image":{"@type":"ImageObject","inLanguage":"es","@id":"https:\/\/www.salvemsabadia.com\/#\/schema\/person\/image\/","url":"https:\/\/secure.gravatar.com\/avatar\/d569ee5739a9c7022470ea472c9b4b9cf476e15f1be71e5242c911d673d14ad9?s=96&d=mm&r=g","contentUrl":"https:\/\/secure.gravatar.com\/avatar\/d569ee5739a9c7022470ea472c9b4b9cf476e15f1be71e5242c911d673d14ad9?s=96&d=mm&r=g","caption":"Salvem sa Badia"}}]}},"_links":{"self":[{"href":"https:\/\/www.salvemsabadia.com\/es\/wp-json\/wp\/v2\/posts\/5703","targetHints":{"allow":["GET"]}}],"collection":[{"href":"https:\/\/www.salvemsabadia.com\/es\/wp-json\/wp\/v2\/posts"}],"about":[{"href":"https:\/\/www.salvemsabadia.com\/es\/wp-json\/wp\/v2\/types\/post"}],"author":[{"embeddable":true,"href":"https:\/\/www.salvemsabadia.com\/es\/wp-json\/wp\/v2\/users\/2"}],"replies":[{"embeddable":true,"href":"https:\/\/www.salvemsabadia.com\/es\/wp-json\/wp\/v2\/comments?post=5703"}],"version-history":[{"count":0,"href":"https:\/\/www.salvemsabadia.com\/es\/wp-json\/wp\/v2\/posts\/5703\/revisions"}],"wp:featuredmedia":[{"embeddable":true,"href":"https:\/\/www.salvemsabadia.com\/es\/wp-json\/wp\/v2\/media\/5698"}],"wp:attachment":[{"href":"https:\/\/www.salvemsabadia.com\/es\/wp-json\/wp\/v2\/media?parent=5703"}],"wp:term":[{"taxonomy":"category","embeddable":true,"href":"https:\/\/www.salvemsabadia.com\/es\/wp-json\/wp\/v2\/categories?post=5703"},{"taxonomy":"post_tag","embeddable":true,"href":"https:\/\/www.salvemsabadia.com\/es\/wp-json\/wp\/v2\/tags?post=5703"}],"curies":[{"name":"wp","href":"https:\/\/api.w.org\/{rel}","templated":true}]}}