{"id":5802,"date":"2025-10-30T11:05:40","date_gmt":"2025-10-30T10:05:40","guid":{"rendered":"https:\/\/www.salvemsabadia.com\/?p=5802"},"modified":"2025-10-30T11:05:40","modified_gmt":"2025-10-30T10:05:40","slug":"el-proyecto-de-voluntarios-de-verano-impulsado-por-la-asociacion-salvem-sa-badia-recibe-una-subvencion-del-consell-insular-deivissa","status":"publish","type":"post","link":"https:\/\/www.salvemsabadia.com\/es\/el-proyecto-de-voluntarios-de-verano-impulsado-por-la-asociacion-salvem-sa-badia-recibe-una-subvencion-del-consell-insular-deivissa\/","title":{"rendered":"El proyecto de voluntarios de verano impulsado por la Asociaci\u00f3n Salvem sa Badia recibe una subvenci\u00f3n del Consell Insular d\u2019Eivissa"},"content":{"rendered":"<p><img loading=\"lazy\" decoding=\"async\" class=\"alignnone size-full wp-image-5807\" src=\"https:\/\/www.salvemsabadia.com\/wp-content\/uploads\/2025\/10\/P7160513rec.jpg\" alt=\"\" width=\"1400\" height=\"933\" srcset=\"https:\/\/www.salvemsabadia.com\/wp-content\/uploads\/2025\/10\/P7160513rec.jpg 1400w, https:\/\/www.salvemsabadia.com\/wp-content\/uploads\/2025\/10\/P7160513rec-300x200.jpg 300w, https:\/\/www.salvemsabadia.com\/wp-content\/uploads\/2025\/10\/P7160513rec-1024x682.jpg 1024w, https:\/\/www.salvemsabadia.com\/wp-content\/uploads\/2025\/10\/P7160513rec-768x512.jpg 768w, https:\/\/www.salvemsabadia.com\/wp-content\/uploads\/2025\/10\/P7160513rec-900x600.jpg 900w\" sizes=\"auto, (max-width: 1400px) 100vw, 1400px\" \/>\u2018Es Voluntaris de sa Badia\u2019, que la Asociaci\u00f3n Salvem sa Badia de Portmany impulsa a trav\u00e9s de la iniciativa \u2018Estim sa Badia\u2019, ha recibido una subvenci\u00f3n del Consell Insular d\u2019Eivissa para sufragar parte de las actividades desarrolladas durante los veranos de 2023 y 2025. El importe de la ayuda asciende a un total de 14.728,68 euros y financiar\u00e1 una parte sustancial de los gastos que hacen posible que este proyecto de voluntariado salga adelante.<\/p>\n<p>Salvem sa Badia ha logrado esta subvenci\u00f3n al presentarse a la convocatoria para la concesi\u00f3n de ayudas destinadas a financiar proyectos encaminados a mejorar la sostenibilidad y la accesibilidad en el sector tur\u00edstico ibicenco, promovidos por entidades sin \u00e1nimo de lucro, empresas privadas y personas f\u00edsicas, realizados dentro del periodo comprendido entre el 1 de mayo de 2023 y el 31 de julio de 2025.<\/p>\n<p>Cabe recordar que la labor de los voluntarios, que controlan el fondeo sobre posidonia en la bah\u00eda de Portmany y realizan encuestas sobre gesti\u00f3n de residuos, gesti\u00f3n de aguas sucias (negras, grises y de sentina) y conocimiento sobre las normativas (posidonia, espacios protegidos, n\u00e1utica, etc\u00e9tera), contribuye a mejorar las pr\u00e1cticas de los turistas n\u00e1uticos con acciones de prevenci\u00f3n e informaci\u00f3n.<\/p>\n<p><img loading=\"lazy\" decoding=\"async\" class=\"alignnone size-full wp-image-5805\" src=\"https:\/\/www.salvemsabadia.com\/wp-content\/uploads\/2025\/10\/P7020062rec.jpg\" alt=\"\" width=\"1400\" height=\"933\" srcset=\"https:\/\/www.salvemsabadia.com\/wp-content\/uploads\/2025\/10\/P7020062rec.jpg 1400w, https:\/\/www.salvemsabadia.com\/wp-content\/uploads\/2025\/10\/P7020062rec-300x200.jpg 300w, https:\/\/www.salvemsabadia.com\/wp-content\/uploads\/2025\/10\/P7020062rec-1024x682.jpg 1024w, https:\/\/www.salvemsabadia.com\/wp-content\/uploads\/2025\/10\/P7020062rec-768x512.jpg 768w, https:\/\/www.salvemsabadia.com\/wp-content\/uploads\/2025\/10\/P7020062rec-900x600.jpg 900w\" sizes=\"auto, (max-width: 1400px) 100vw, 1400px\" \/>El pasado verano, la iniciativa cont\u00f3 con la participaci\u00f3n de 32 j\u00f3venes voluntarios, que se repartieron en seis turnos de una semana de duraci\u00f3n. Los equipos estuvieron coordinados por una educadora ambiental y cient\u00edfica marina, y encuestaron a los tripulantes de un total de 172 embarcaciones, verificando adem\u00e1s que el 49% de ellas estaban fondeadas de manera incorrecta.<\/p>\n<p>La actividad se llev\u00f3 a cabo con el apoyo log\u00edstico del Club N\u00e0utic Sant Antoni, que proporcion\u00f3 la zodiac con la que se realizaron las inspecciones, as\u00ed como radio, chalecos salvavidas y un aula. Tambi\u00e9n se recibieron donaciones de alimentos y bebidas por parte del CNSA, el Aquarium des Cap Blanc, Verduras Costa y Cafeter\u00eda Familiar y Punto. La empresa Take Off proporcion\u00f3 una jornada gratuita de agradecimiento a los voluntarios y \u00e9stos emplearon material did\u00e1ctico procedente de Observadores del Mar, la Reserva Natural dels Illots de Ponent y Ecolocaliza, accediendo adem\u00e1s a descuentos especiales en Es Pollastre, el Pan de Lexa y Pachamama tienda a granel.<\/p>\n<p><img loading=\"lazy\" decoding=\"async\" class=\"alignnone size-full wp-image-5803\" src=\"https:\/\/www.salvemsabadia.com\/wp-content\/uploads\/2025\/10\/10-P6260068rec.jpg\" alt=\"\" width=\"1400\" height=\"933\" srcset=\"https:\/\/www.salvemsabadia.com\/wp-content\/uploads\/2025\/10\/10-P6260068rec.jpg 1400w, https:\/\/www.salvemsabadia.com\/wp-content\/uploads\/2025\/10\/10-P6260068rec-300x200.jpg 300w, https:\/\/www.salvemsabadia.com\/wp-content\/uploads\/2025\/10\/10-P6260068rec-1024x682.jpg 1024w, https:\/\/www.salvemsabadia.com\/wp-content\/uploads\/2025\/10\/10-P6260068rec-768x512.jpg 768w, https:\/\/www.salvemsabadia.com\/wp-content\/uploads\/2025\/10\/10-P6260068rec-900x600.jpg 900w\" sizes=\"auto, (max-width: 1400px) 100vw, 1400px\" \/><\/p>\n","protected":false},"excerpt":{"rendered":"<p>\u2018Es Voluntaris de sa Badia\u2019, que la Asociaci\u00f3n Salvem sa Badia de Portmany impulsa a trav\u00e9s de la iniciativa \u2018Estim sa Badia\u2019, ha recibido una subvenci\u00f3n del Consell Insular d\u2019Eivissa&#8230;<\/p>\n","protected":false},"author":2,"featured_media":5807,"comment_status":"closed","ping_status":"closed","sticky":false,"template":"","format":"standard","meta":{"give_campaign_id":0,"footnotes":""},"categories":[201,106,208,213,10,215],"tags":[],"class_list":{"0":"post-5802","1":"post","2":"type-post","3":"status-publish","4":"format-standard","5":"has-post-thumbnail","7":"category-biodiversidad","8":"category-destacado","9":"category-fondeo-irregular","10":"category-posidonia","11":"category-salvem-sa-badia","12":"category-turismo"},"yoast_head":"<!-- This site is optimized with the Yoast SEO plugin v26.8 - https:\/\/yoast.com\/product\/yoast-seo-wordpress\/ -->\n<title>El proyecto de voluntarios de verano impulsado por la Asociaci\u00f3n Salvem sa Badia recibe una subvenci\u00f3n del Consell Insular d\u2019Eivissa - Salvem Sa Badia de Portmany<\/title>\n<meta name=\"robots\" content=\"index, follow, max-snippet:-1, max-image-preview:large, max-video-preview:-1\" \/>\n<link rel=\"canonical\" href=\"https:\/\/www.salvemsabadia.com\/el-projecte-de-voluntaris-destiu-impulsat-per-lassociacio-salvem-sa-badia-rep-una-subvencio-del-consell-insular-deivissa\/\" \/>\n<meta property=\"og:locale\" content=\"es_ES\" \/>\n<meta property=\"og:type\" content=\"article\" \/>\n<meta property=\"og:title\" content=\"El proyecto de voluntarios de verano impulsado por la Asociaci\u00f3n Salvem sa Badia recibe una subvenci\u00f3n del Consell Insular d\u2019Eivissa - Salvem Sa Badia de Portmany\" \/>\n<meta property=\"og:description\" content=\"\u2018Es Voluntaris de sa Badia\u2019, que la Asociaci\u00f3n Salvem sa Badia de Portmany impulsa a trav\u00e9s de la iniciativa \u2018Estim sa Badia\u2019, ha recibido una subvenci\u00f3n del Consell Insular d\u2019Eivissa...\" \/>\n<meta property=\"og:url\" content=\"https:\/\/www.salvemsabadia.com\/el-projecte-de-voluntaris-destiu-impulsat-per-lassociacio-salvem-sa-badia-rep-una-subvencio-del-consell-insular-deivissa\/\" \/>\n<meta property=\"og:site_name\" content=\"Salvem Sa Badia de Portmany\" \/>\n<meta property=\"article:published_time\" content=\"2025-10-30T10:05:40+00:00\" \/>\n<meta property=\"og:image\" content=\"https:\/\/www.salvemsabadia.com\/wp-content\/uploads\/2025\/10\/P7160513rec.jpg\" \/>\n\t<meta property=\"og:image:width\" content=\"1400\" \/>\n\t<meta property=\"og:image:height\" content=\"933\" \/>\n\t<meta property=\"og:image:type\" content=\"image\/jpeg\" \/>\n<meta name=\"author\" content=\"Salvem sa Badia\" \/>\n<meta name=\"twitter:card\" content=\"summary_large_image\" \/>\n<meta name=\"twitter:label1\" content=\"Escrito por\" \/>\n\t<meta name=\"twitter:data1\" content=\"Salvem sa Badia\" \/>\n\t<meta name=\"twitter:label2\" content=\"Tiempo de lectura\" \/>\n\t<meta name=\"twitter:data2\" content=\"2 minutos\" \/>\n<script type=\"application\/ld+json\" class=\"yoast-schema-graph\">{\"@context\":\"https:\/\/schema.org\",\"@graph\":[{\"@type\":\"Article\",\"@id\":\"https:\/\/www.salvemsabadia.com\/el-projecte-de-voluntaris-destiu-impulsat-per-lassociacio-salvem-sa-badia-rep-una-subvencio-del-consell-insular-deivissa\/#article\",\"isPartOf\":{\"@id\":\"https:\/\/www.salvemsabadia.com\/el-projecte-de-voluntaris-destiu-impulsat-per-lassociacio-salvem-sa-badia-rep-una-subvencio-del-consell-insular-deivissa\/\"},\"author\":{\"name\":\"Salvem sa Badia\",\"@id\":\"https:\/\/www.salvemsabadia.com\/#\/schema\/person\/5d08c5118adcb4140d13bde4826ba122\"},\"headline\":\"El proyecto de voluntarios de verano impulsado por la Asociaci\u00f3n Salvem sa Badia recibe una subvenci\u00f3n del Consell Insular d\u2019Eivissa\",\"datePublished\":\"2025-10-30T10:05:40+00:00\",\"mainEntityOfPage\":{\"@id\":\"https:\/\/www.salvemsabadia.com\/el-projecte-de-voluntaris-destiu-impulsat-per-lassociacio-salvem-sa-badia-rep-una-subvencio-del-consell-insular-deivissa\/\"},\"wordCount\":405,\"publisher\":{\"@id\":\"https:\/\/www.salvemsabadia.com\/#organization\"},\"image\":{\"@id\":\"https:\/\/www.salvemsabadia.com\/el-projecte-de-voluntaris-destiu-impulsat-per-lassociacio-salvem-sa-badia-rep-una-subvencio-del-consell-insular-deivissa\/#primaryimage\"},\"thumbnailUrl\":\"https:\/\/www.salvemsabadia.com\/wp-content\/uploads\/2025\/10\/P7160513rec.jpg\",\"articleSection\":[\"Biodiversidad\",\"Destacado\",\"Fondeo irregular\",\"Posidonia\",\"Salvem Sa Badia\",\"Turismo\"],\"inLanguage\":\"es\"},{\"@type\":\"WebPage\",\"@id\":\"https:\/\/www.salvemsabadia.com\/el-projecte-de-voluntaris-destiu-impulsat-per-lassociacio-salvem-sa-badia-rep-una-subvencio-del-consell-insular-deivissa\/\",\"url\":\"https:\/\/www.salvemsabadia.com\/el-projecte-de-voluntaris-destiu-impulsat-per-lassociacio-salvem-sa-badia-rep-una-subvencio-del-consell-insular-deivissa\/\",\"name\":\"El proyecto de voluntarios de verano impulsado por la Asociaci\u00f3n Salvem sa Badia recibe una subvenci\u00f3n del Consell Insular d\u2019Eivissa - Salvem Sa Badia de Portmany\",\"isPartOf\":{\"@id\":\"https:\/\/www.salvemsabadia.com\/#website\"},\"primaryImageOfPage\":{\"@id\":\"https:\/\/www.salvemsabadia.com\/el-projecte-de-voluntaris-destiu-impulsat-per-lassociacio-salvem-sa-badia-rep-una-subvencio-del-consell-insular-deivissa\/#primaryimage\"},\"image\":{\"@id\":\"https:\/\/www.salvemsabadia.com\/el-projecte-de-voluntaris-destiu-impulsat-per-lassociacio-salvem-sa-badia-rep-una-subvencio-del-consell-insular-deivissa\/#primaryimage\"},\"thumbnailUrl\":\"https:\/\/www.salvemsabadia.com\/wp-content\/uploads\/2025\/10\/P7160513rec.jpg\",\"datePublished\":\"2025-10-30T10:05:40+00:00\",\"breadcrumb\":{\"@id\":\"https:\/\/www.salvemsabadia.com\/el-projecte-de-voluntaris-destiu-impulsat-per-lassociacio-salvem-sa-badia-rep-una-subvencio-del-consell-insular-deivissa\/#breadcrumb\"},\"inLanguage\":\"es\",\"potentialAction\":[{\"@type\":\"ReadAction\",\"target\":[\"https:\/\/www.salvemsabadia.com\/el-projecte-de-voluntaris-destiu-impulsat-per-lassociacio-salvem-sa-badia-rep-una-subvencio-del-consell-insular-deivissa\/\"]}]},{\"@type\":\"ImageObject\",\"inLanguage\":\"es\",\"@id\":\"https:\/\/www.salvemsabadia.com\/el-projecte-de-voluntaris-destiu-impulsat-per-lassociacio-salvem-sa-badia-rep-una-subvencio-del-consell-insular-deivissa\/#primaryimage\",\"url\":\"https:\/\/www.salvemsabadia.com\/wp-content\/uploads\/2025\/10\/P7160513rec.jpg\",\"contentUrl\":\"https:\/\/www.salvemsabadia.com\/wp-content\/uploads\/2025\/10\/P7160513rec.jpg\",\"width\":1400,\"height\":933},{\"@type\":\"BreadcrumbList\",\"@id\":\"https:\/\/www.salvemsabadia.com\/el-projecte-de-voluntaris-destiu-impulsat-per-lassociacio-salvem-sa-badia-rep-una-subvencio-del-consell-insular-deivissa\/#breadcrumb\",\"itemListElement\":[{\"@type\":\"ListItem\",\"position\":1,\"name\":\"Portada\",\"item\":\"https:\/\/www.salvemsabadia.com\/es\/\"},{\"@type\":\"ListItem\",\"position\":2,\"name\":\"El proyecto de voluntarios de verano impulsado por la Asociaci\u00f3n Salvem sa Badia recibe una subvenci\u00f3n del Consell Insular d\u2019Eivissa\"}]},{\"@type\":\"WebSite\",\"@id\":\"https:\/\/www.salvemsabadia.com\/#website\",\"url\":\"https:\/\/www.salvemsabadia.com\/\",\"name\":\"Salvem Sa Badia de Portmany\",\"description\":\"\",\"publisher\":{\"@id\":\"https:\/\/www.salvemsabadia.com\/#organization\"},\"potentialAction\":[{\"@type\":\"SearchAction\",\"target\":{\"@type\":\"EntryPoint\",\"urlTemplate\":\"https:\/\/www.salvemsabadia.com\/?s={search_term_string}\"},\"query-input\":{\"@type\":\"PropertyValueSpecification\",\"valueRequired\":true,\"valueName\":\"search_term_string\"}}],\"inLanguage\":\"es\"},{\"@type\":\"Organization\",\"@id\":\"https:\/\/www.salvemsabadia.com\/#organization\",\"name\":\"Salvem Sa Badia de Portmany\",\"url\":\"https:\/\/www.salvemsabadia.com\/\",\"logo\":{\"@type\":\"ImageObject\",\"inLanguage\":\"es\",\"@id\":\"https:\/\/www.salvemsabadia.com\/#\/schema\/logo\/image\/\",\"url\":\"https:\/\/www.salvemsabadia.com\/wp-content\/uploads\/2020\/03\/logo.png\",\"contentUrl\":\"https:\/\/www.salvemsabadia.com\/wp-content\/uploads\/2020\/03\/logo.png\",\"width\":188,\"height\":151,\"caption\":\"Salvem Sa Badia de Portmany\"},\"image\":{\"@id\":\"https:\/\/www.salvemsabadia.com\/#\/schema\/logo\/image\/\"}},{\"@type\":\"Person\",\"@id\":\"https:\/\/www.salvemsabadia.com\/#\/schema\/person\/5d08c5118adcb4140d13bde4826ba122\",\"name\":\"Salvem sa Badia\",\"image\":{\"@type\":\"ImageObject\",\"inLanguage\":\"es\",\"@id\":\"https:\/\/www.salvemsabadia.com\/#\/schema\/person\/image\/\",\"url\":\"https:\/\/secure.gravatar.com\/avatar\/d569ee5739a9c7022470ea472c9b4b9cf476e15f1be71e5242c911d673d14ad9?s=96&d=mm&r=g\",\"contentUrl\":\"https:\/\/secure.gravatar.com\/avatar\/d569ee5739a9c7022470ea472c9b4b9cf476e15f1be71e5242c911d673d14ad9?s=96&d=mm&r=g\",\"caption\":\"Salvem sa Badia\"}}]}<\/script>\n<!-- \/ Yoast SEO plugin. -->","yoast_head_json":{"title":"El proyecto de voluntarios de verano impulsado por la Asociaci\u00f3n Salvem sa Badia recibe una subvenci\u00f3n del Consell Insular d\u2019Eivissa - Salvem Sa Badia de Portmany","robots":{"index":"index","follow":"follow","max-snippet":"max-snippet:-1","max-image-preview":"max-image-preview:large","max-video-preview":"max-video-preview:-1"},"canonical":"https:\/\/www.salvemsabadia.com\/el-projecte-de-voluntaris-destiu-impulsat-per-lassociacio-salvem-sa-badia-rep-una-subvencio-del-consell-insular-deivissa\/","og_locale":"es_ES","og_type":"article","og_title":"El proyecto de voluntarios de verano impulsado por la Asociaci\u00f3n Salvem sa Badia recibe una subvenci\u00f3n del Consell Insular d\u2019Eivissa - Salvem Sa Badia de Portmany","og_description":"\u2018Es Voluntaris de sa Badia\u2019, que la Asociaci\u00f3n Salvem sa Badia de Portmany impulsa a trav\u00e9s de la iniciativa \u2018Estim sa Badia\u2019, ha recibido una subvenci\u00f3n del Consell Insular d\u2019Eivissa...","og_url":"https:\/\/www.salvemsabadia.com\/el-projecte-de-voluntaris-destiu-impulsat-per-lassociacio-salvem-sa-badia-rep-una-subvencio-del-consell-insular-deivissa\/","og_site_name":"Salvem Sa Badia de Portmany","article_published_time":"2025-10-30T10:05:40+00:00","og_image":[{"width":1400,"height":933,"url":"https:\/\/www.salvemsabadia.com\/wp-content\/uploads\/2025\/10\/P7160513rec.jpg","type":"image\/jpeg"}],"author":"Salvem sa Badia","twitter_card":"summary_large_image","twitter_misc":{"Escrito por":"Salvem sa Badia","Tiempo de lectura":"2 minutos"},"schema":{"@context":"https:\/\/schema.org","@graph":[{"@type":"Article","@id":"https:\/\/www.salvemsabadia.com\/el-projecte-de-voluntaris-destiu-impulsat-per-lassociacio-salvem-sa-badia-rep-una-subvencio-del-consell-insular-deivissa\/#article","isPartOf":{"@id":"https:\/\/www.salvemsabadia.com\/el-projecte-de-voluntaris-destiu-impulsat-per-lassociacio-salvem-sa-badia-rep-una-subvencio-del-consell-insular-deivissa\/"},"author":{"name":"Salvem sa Badia","@id":"https:\/\/www.salvemsabadia.com\/#\/schema\/person\/5d08c5118adcb4140d13bde4826ba122"},"headline":"El proyecto de voluntarios de verano impulsado por la Asociaci\u00f3n Salvem sa Badia recibe una subvenci\u00f3n del Consell Insular d\u2019Eivissa","datePublished":"2025-10-30T10:05:40+00:00","mainEntityOfPage":{"@id":"https:\/\/www.salvemsabadia.com\/el-projecte-de-voluntaris-destiu-impulsat-per-lassociacio-salvem-sa-badia-rep-una-subvencio-del-consell-insular-deivissa\/"},"wordCount":405,"publisher":{"@id":"https:\/\/www.salvemsabadia.com\/#organization"},"image":{"@id":"https:\/\/www.salvemsabadia.com\/el-projecte-de-voluntaris-destiu-impulsat-per-lassociacio-salvem-sa-badia-rep-una-subvencio-del-consell-insular-deivissa\/#primaryimage"},"thumbnailUrl":"https:\/\/www.salvemsabadia.com\/wp-content\/uploads\/2025\/10\/P7160513rec.jpg","articleSection":["Biodiversidad","Destacado","Fondeo irregular","Posidonia","Salvem Sa Badia","Turismo"],"inLanguage":"es"},{"@type":"WebPage","@id":"https:\/\/www.salvemsabadia.com\/el-projecte-de-voluntaris-destiu-impulsat-per-lassociacio-salvem-sa-badia-rep-una-subvencio-del-consell-insular-deivissa\/","url":"https:\/\/www.salvemsabadia.com\/el-projecte-de-voluntaris-destiu-impulsat-per-lassociacio-salvem-sa-badia-rep-una-subvencio-del-consell-insular-deivissa\/","name":"El proyecto de voluntarios de verano impulsado por la Asociaci\u00f3n Salvem sa Badia recibe una subvenci\u00f3n del Consell Insular d\u2019Eivissa - Salvem Sa Badia de Portmany","isPartOf":{"@id":"https:\/\/www.salvemsabadia.com\/#website"},"primaryImageOfPage":{"@id":"https:\/\/www.salvemsabadia.com\/el-projecte-de-voluntaris-destiu-impulsat-per-lassociacio-salvem-sa-badia-rep-una-subvencio-del-consell-insular-deivissa\/#primaryimage"},"image":{"@id":"https:\/\/www.salvemsabadia.com\/el-projecte-de-voluntaris-destiu-impulsat-per-lassociacio-salvem-sa-badia-rep-una-subvencio-del-consell-insular-deivissa\/#primaryimage"},"thumbnailUrl":"https:\/\/www.salvemsabadia.com\/wp-content\/uploads\/2025\/10\/P7160513rec.jpg","datePublished":"2025-10-30T10:05:40+00:00","breadcrumb":{"@id":"https:\/\/www.salvemsabadia.com\/el-projecte-de-voluntaris-destiu-impulsat-per-lassociacio-salvem-sa-badia-rep-una-subvencio-del-consell-insular-deivissa\/#breadcrumb"},"inLanguage":"es","potentialAction":[{"@type":"ReadAction","target":["https:\/\/www.salvemsabadia.com\/el-projecte-de-voluntaris-destiu-impulsat-per-lassociacio-salvem-sa-badia-rep-una-subvencio-del-consell-insular-deivissa\/"]}]},{"@type":"ImageObject","inLanguage":"es","@id":"https:\/\/www.salvemsabadia.com\/el-projecte-de-voluntaris-destiu-impulsat-per-lassociacio-salvem-sa-badia-rep-una-subvencio-del-consell-insular-deivissa\/#primaryimage","url":"https:\/\/www.salvemsabadia.com\/wp-content\/uploads\/2025\/10\/P7160513rec.jpg","contentUrl":"https:\/\/www.salvemsabadia.com\/wp-content\/uploads\/2025\/10\/P7160513rec.jpg","width":1400,"height":933},{"@type":"BreadcrumbList","@id":"https:\/\/www.salvemsabadia.com\/el-projecte-de-voluntaris-destiu-impulsat-per-lassociacio-salvem-sa-badia-rep-una-subvencio-del-consell-insular-deivissa\/#breadcrumb","itemListElement":[{"@type":"ListItem","position":1,"name":"Portada","item":"https:\/\/www.salvemsabadia.com\/es\/"},{"@type":"ListItem","position":2,"name":"El proyecto de voluntarios de verano impulsado por la Asociaci\u00f3n Salvem sa Badia recibe una subvenci\u00f3n del Consell Insular d\u2019Eivissa"}]},{"@type":"WebSite","@id":"https:\/\/www.salvemsabadia.com\/#website","url":"https:\/\/www.salvemsabadia.com\/","name":"Salvem Sa Badia de Portmany","description":"","publisher":{"@id":"https:\/\/www.salvemsabadia.com\/#organization"},"potentialAction":[{"@type":"SearchAction","target":{"@type":"EntryPoint","urlTemplate":"https:\/\/www.salvemsabadia.com\/?s={search_term_string}"},"query-input":{"@type":"PropertyValueSpecification","valueRequired":true,"valueName":"search_term_string"}}],"inLanguage":"es"},{"@type":"Organization","@id":"https:\/\/www.salvemsabadia.com\/#organization","name":"Salvem Sa Badia de Portmany","url":"https:\/\/www.salvemsabadia.com\/","logo":{"@type":"ImageObject","inLanguage":"es","@id":"https:\/\/www.salvemsabadia.com\/#\/schema\/logo\/image\/","url":"https:\/\/www.salvemsabadia.com\/wp-content\/uploads\/2020\/03\/logo.png","contentUrl":"https:\/\/www.salvemsabadia.com\/wp-content\/uploads\/2020\/03\/logo.png","width":188,"height":151,"caption":"Salvem Sa Badia de Portmany"},"image":{"@id":"https:\/\/www.salvemsabadia.com\/#\/schema\/logo\/image\/"}},{"@type":"Person","@id":"https:\/\/www.salvemsabadia.com\/#\/schema\/person\/5d08c5118adcb4140d13bde4826ba122","name":"Salvem sa Badia","image":{"@type":"ImageObject","inLanguage":"es","@id":"https:\/\/www.salvemsabadia.com\/#\/schema\/person\/image\/","url":"https:\/\/secure.gravatar.com\/avatar\/d569ee5739a9c7022470ea472c9b4b9cf476e15f1be71e5242c911d673d14ad9?s=96&d=mm&r=g","contentUrl":"https:\/\/secure.gravatar.com\/avatar\/d569ee5739a9c7022470ea472c9b4b9cf476e15f1be71e5242c911d673d14ad9?s=96&d=mm&r=g","caption":"Salvem sa Badia"}}]}},"_links":{"self":[{"href":"https:\/\/www.salvemsabadia.com\/es\/wp-json\/wp\/v2\/posts\/5802","targetHints":{"allow":["GET"]}}],"collection":[{"href":"https:\/\/www.salvemsabadia.com\/es\/wp-json\/wp\/v2\/posts"}],"about":[{"href":"https:\/\/www.salvemsabadia.com\/es\/wp-json\/wp\/v2\/types\/post"}],"author":[{"embeddable":true,"href":"https:\/\/www.salvemsabadia.com\/es\/wp-json\/wp\/v2\/users\/2"}],"replies":[{"embeddable":true,"href":"https:\/\/www.salvemsabadia.com\/es\/wp-json\/wp\/v2\/comments?post=5802"}],"version-history":[{"count":0,"href":"https:\/\/www.salvemsabadia.com\/es\/wp-json\/wp\/v2\/posts\/5802\/revisions"}],"wp:featuredmedia":[{"embeddable":true,"href":"https:\/\/www.salvemsabadia.com\/es\/wp-json\/wp\/v2\/media\/5807"}],"wp:attachment":[{"href":"https:\/\/www.salvemsabadia.com\/es\/wp-json\/wp\/v2\/media?parent=5802"}],"wp:term":[{"taxonomy":"category","embeddable":true,"href":"https:\/\/www.salvemsabadia.com\/es\/wp-json\/wp\/v2\/categories?post=5802"},{"taxonomy":"post_tag","embeddable":true,"href":"https:\/\/www.salvemsabadia.com\/es\/wp-json\/wp\/v2\/tags?post=5802"}],"curies":[{"name":"wp","href":"https:\/\/api.w.org\/{rel}","templated":true}]}}