{"id":5894,"date":"2025-12-02T13:09:48","date_gmt":"2025-12-02T12:09:48","guid":{"rendered":"https:\/\/www.salvemsabadia.com\/?p=5894"},"modified":"2025-12-02T13:14:36","modified_gmt":"2025-12-02T12:14:36","slug":"treinta-personas-asisten-a-la-jornada-de-observacion-astronomica-tresors-de-sa-badia-en-platges-de-comte","status":"publish","type":"post","link":"https:\/\/www.salvemsabadia.com\/es\/treinta-personas-asisten-a-la-jornada-de-observacion-astronomica-tresors-de-sa-badia-en-platges-de-comte\/","title":{"rendered":"Treinta personas asisten a la jornada de observaci\u00f3n astron\u00f3mica Tresors de sa Badia, en Platges de Comte"},"content":{"rendered":"<p><img loading=\"lazy\" decoding=\"async\" class=\"alignnone size-full wp-image-5897\" src=\"https:\/\/www.salvemsabadia.com\/wp-content\/uploads\/2025\/12\/tresors-comte-3-rec.jpg\" alt=\"\" width=\"1400\" height=\"933\" srcset=\"https:\/\/www.salvemsabadia.com\/wp-content\/uploads\/2025\/12\/tresors-comte-3-rec.jpg 1400w, https:\/\/www.salvemsabadia.com\/wp-content\/uploads\/2025\/12\/tresors-comte-3-rec-300x200.jpg 300w, https:\/\/www.salvemsabadia.com\/wp-content\/uploads\/2025\/12\/tresors-comte-3-rec-1024x682.jpg 1024w, https:\/\/www.salvemsabadia.com\/wp-content\/uploads\/2025\/12\/tresors-comte-3-rec-768x512.jpg 768w, https:\/\/www.salvemsabadia.com\/wp-content\/uploads\/2025\/12\/tresors-comte-3-rec-900x600.jpg 900w\" sizes=\"auto, (max-width: 1400px) 100vw, 1400px\" \/>El pasado s\u00e1bado, 29 de noviembre, se celebr\u00f3 en Platges de Comte una nueva jornada de la iniciativa \u2018Tresors de sa Badia\u2019, que organiza Salvem sa Badia de Portmany y que est\u00e1 orientada tanto a socios, que pueden disfrutarla de manera gratuita, como a particulares en general. Esta actividad familiar al aire libre, titulada \u2018Luna y Posidonia\u2019, consisti\u00f3 en una observaci\u00f3n astron\u00f3mica guiada con telescopio y comenz\u00f3 sobre las 18 horas, bajo la direcci\u00f3n de la bi\u00f3loga y monitora Starlight Teresa Mar\u00ed.<\/p>\n<p>La treintena de personas que asistieron, muchas de las cuales adelantaron su presencia para disfrutar de la puesta de sol, tuvieron a su disposici\u00f3n el telescopio de la monitora. Tambi\u00e9n asisti\u00f3 un representante del High Fidelity Collective, entidad que se dedica a la creaci\u00f3n de equipos y a la organizaci\u00f3n de eventos, que apoy\u00f3 la jornada aportando unos prism\u00e1ticos de largo alcance para ofrecer un segundo punto de vista de los astros.<\/p>\n<p><img loading=\"lazy\" decoding=\"async\" class=\"alignnone size-full wp-image-5895\" src=\"https:\/\/www.salvemsabadia.com\/wp-content\/uploads\/2025\/12\/tresors-comte-2-rec.jpg\" alt=\"\" width=\"1400\" height=\"934\" srcset=\"https:\/\/www.salvemsabadia.com\/wp-content\/uploads\/2025\/12\/tresors-comte-2-rec.jpg 1400w, https:\/\/www.salvemsabadia.com\/wp-content\/uploads\/2025\/12\/tresors-comte-2-rec-300x200.jpg 300w, https:\/\/www.salvemsabadia.com\/wp-content\/uploads\/2025\/12\/tresors-comte-2-rec-1024x683.jpg 1024w, https:\/\/www.salvemsabadia.com\/wp-content\/uploads\/2025\/12\/tresors-comte-2-rec-768x512.jpg 768w, https:\/\/www.salvemsabadia.com\/wp-content\/uploads\/2025\/12\/tresors-comte-2-rec-900x600.jpg 900w\" sizes=\"auto, (max-width: 1400px) 100vw, 1400px\" \/>La actividad se hab\u00eda tenido que posponer el pasado octubre a causa del mal tiempo, pero en esta ocasi\u00f3n los asistentes pudieron disfrutarla en todo su esplendor. Teresa ofreci\u00f3 una introducci\u00f3n sobre la contaminaci\u00f3n lum\u00ednica, tanto artificial como natural, detallando con ejemplos c\u00f3mo el cambio de luz nocturna a lo largo del ciclo lunar influye en el comportamiento de los organismos.<\/p>\n<p>A continuaci\u00f3n, los participantes pudieron observar la luna en fase creciente, que es el momento id\u00f3neo por el incremento de contraste, y tambi\u00e9n el planeta Saturno. La monitora tambi\u00e9n aludi\u00f3 a Casiopea, Andr\u00f3meda, Perseo y Cefeo, y a la relaci\u00f3n entre estos personajes de la mitolog\u00eda griega y las constelaciones asociadas a ellos. Existe innumerable literatura y leyendas de rivalidades, historias de amor y castigos divinos asociadas a dicha cosmogon\u00eda. Entre los asistentes hab\u00eda ocho menores de edad, siendo la m\u00e1s peque\u00f1a una ni\u00f1a de tres a\u00f1os. La jornada termin\u00f3 con infusiones calientes y galletas, y Salvem sa Badia pudo dar la bienvenida a seis nuevos socios.<\/p>\n<p><img loading=\"lazy\" decoding=\"async\" class=\"alignnone size-full wp-image-5899\" src=\"https:\/\/www.salvemsabadia.com\/wp-content\/uploads\/2025\/12\/cartel.jpeg\" alt=\"\" width=\"1440\" height=\"1800\" srcset=\"https:\/\/www.salvemsabadia.com\/wp-content\/uploads\/2025\/12\/cartel.jpeg 1440w, https:\/\/www.salvemsabadia.com\/wp-content\/uploads\/2025\/12\/cartel-240x300.jpeg 240w, https:\/\/www.salvemsabadia.com\/wp-content\/uploads\/2025\/12\/cartel-819x1024.jpeg 819w, https:\/\/www.salvemsabadia.com\/wp-content\/uploads\/2025\/12\/cartel-768x960.jpeg 768w, https:\/\/www.salvemsabadia.com\/wp-content\/uploads\/2025\/12\/cartel-1229x1536.jpeg 1229w\" sizes=\"auto, (max-width: 1440px) 100vw, 1440px\" \/><\/p>\n","protected":false},"excerpt":{"rendered":"<p>El pasado s\u00e1bado, 29 de noviembre, se celebr\u00f3 en Platges de Comte una nueva jornada de la iniciativa \u2018Tresors de sa Badia\u2019, que organiza Salvem sa Badia de Portmany y&#8230;<\/p>\n","protected":false},"author":2,"featured_media":5897,"comment_status":"closed","ping_status":"closed","sticky":false,"template":"","format":"standard","meta":{"give_campaign_id":0,"footnotes":""},"categories":[205,106,213,10],"tags":[],"class_list":{"0":"post-5894","1":"post","2":"type-post","3":"status-publish","4":"format-standard","5":"has-post-thumbnail","7":"category-cultura","8":"category-destacado","9":"category-posidonia","10":"category-salvem-sa-badia"},"yoast_head":"<!-- This site is optimized with the Yoast SEO plugin v26.8 - https:\/\/yoast.com\/product\/yoast-seo-wordpress\/ -->\n<title>Treinta personas asisten a la jornada de observaci\u00f3n astron\u00f3mica Tresors de sa Badia, en Platges de Comte - Salvem Sa Badia de Portmany<\/title>\n<meta name=\"robots\" content=\"index, follow, max-snippet:-1, max-image-preview:large, max-video-preview:-1\" \/>\n<link rel=\"canonical\" href=\"https:\/\/www.salvemsabadia.com\/trenta-persones-assisteixen-a-la-jornada-dobservacio-astronomica-tresors-de-sa-badia-a-platges-de-comte\/\" \/>\n<meta property=\"og:locale\" content=\"es_ES\" \/>\n<meta property=\"og:type\" content=\"article\" \/>\n<meta property=\"og:title\" content=\"Treinta personas asisten a la jornada de observaci\u00f3n astron\u00f3mica Tresors de sa Badia, en Platges de Comte - Salvem Sa Badia de Portmany\" \/>\n<meta property=\"og:description\" content=\"El pasado s\u00e1bado, 29 de noviembre, se celebr\u00f3 en Platges de Comte una nueva jornada de la iniciativa \u2018Tresors de sa Badia\u2019, que organiza Salvem sa Badia de Portmany y...\" \/>\n<meta property=\"og:url\" content=\"https:\/\/www.salvemsabadia.com\/trenta-persones-assisteixen-a-la-jornada-dobservacio-astronomica-tresors-de-sa-badia-a-platges-de-comte\/\" \/>\n<meta property=\"og:site_name\" content=\"Salvem Sa Badia de Portmany\" \/>\n<meta property=\"article:published_time\" content=\"2025-12-02T12:09:48+00:00\" \/>\n<meta property=\"article:modified_time\" content=\"2025-12-02T12:14:36+00:00\" \/>\n<meta property=\"og:image\" content=\"https:\/\/www.salvemsabadia.com\/wp-content\/uploads\/2025\/12\/tresors-comte-3-rec.jpg\" \/>\n\t<meta property=\"og:image:width\" content=\"1400\" \/>\n\t<meta property=\"og:image:height\" content=\"933\" \/>\n\t<meta property=\"og:image:type\" content=\"image\/jpeg\" \/>\n<meta name=\"author\" content=\"Salvem sa Badia\" \/>\n<meta name=\"twitter:card\" content=\"summary_large_image\" \/>\n<meta name=\"twitter:label1\" content=\"Escrito por\" \/>\n\t<meta name=\"twitter:data1\" content=\"Salvem sa Badia\" \/>\n\t<meta name=\"twitter:label2\" content=\"Tiempo de lectura\" \/>\n\t<meta name=\"twitter:data2\" content=\"2 minutos\" \/>\n<script type=\"application\/ld+json\" class=\"yoast-schema-graph\">{\"@context\":\"https:\/\/schema.org\",\"@graph\":[{\"@type\":\"Article\",\"@id\":\"https:\/\/www.salvemsabadia.com\/trenta-persones-assisteixen-a-la-jornada-dobservacio-astronomica-tresors-de-sa-badia-a-platges-de-comte\/#article\",\"isPartOf\":{\"@id\":\"https:\/\/www.salvemsabadia.com\/trenta-persones-assisteixen-a-la-jornada-dobservacio-astronomica-tresors-de-sa-badia-a-platges-de-comte\/\"},\"author\":{\"name\":\"Salvem sa Badia\",\"@id\":\"https:\/\/www.salvemsabadia.com\/#\/schema\/person\/5d08c5118adcb4140d13bde4826ba122\"},\"headline\":\"Treinta personas asisten a la jornada de observaci\u00f3n astron\u00f3mica Tresors de sa Badia, en Platges de Comte\",\"datePublished\":\"2025-12-02T12:09:48+00:00\",\"dateModified\":\"2025-12-02T12:14:36+00:00\",\"mainEntityOfPage\":{\"@id\":\"https:\/\/www.salvemsabadia.com\/trenta-persones-assisteixen-a-la-jornada-dobservacio-astronomica-tresors-de-sa-badia-a-platges-de-comte\/\"},\"wordCount\":368,\"publisher\":{\"@id\":\"https:\/\/www.salvemsabadia.com\/#organization\"},\"image\":{\"@id\":\"https:\/\/www.salvemsabadia.com\/trenta-persones-assisteixen-a-la-jornada-dobservacio-astronomica-tresors-de-sa-badia-a-platges-de-comte\/#primaryimage\"},\"thumbnailUrl\":\"https:\/\/www.salvemsabadia.com\/wp-content\/uploads\/2025\/12\/tresors-comte-3-rec.jpg\",\"articleSection\":[\"Cultura\",\"Destacado\",\"Posidonia\",\"Salvem Sa Badia\"],\"inLanguage\":\"es\"},{\"@type\":\"WebPage\",\"@id\":\"https:\/\/www.salvemsabadia.com\/trenta-persones-assisteixen-a-la-jornada-dobservacio-astronomica-tresors-de-sa-badia-a-platges-de-comte\/\",\"url\":\"https:\/\/www.salvemsabadia.com\/trenta-persones-assisteixen-a-la-jornada-dobservacio-astronomica-tresors-de-sa-badia-a-platges-de-comte\/\",\"name\":\"Treinta personas asisten a la jornada de observaci\u00f3n astron\u00f3mica Tresors de sa Badia, en Platges de Comte - Salvem Sa Badia de Portmany\",\"isPartOf\":{\"@id\":\"https:\/\/www.salvemsabadia.com\/#website\"},\"primaryImageOfPage\":{\"@id\":\"https:\/\/www.salvemsabadia.com\/trenta-persones-assisteixen-a-la-jornada-dobservacio-astronomica-tresors-de-sa-badia-a-platges-de-comte\/#primaryimage\"},\"image\":{\"@id\":\"https:\/\/www.salvemsabadia.com\/trenta-persones-assisteixen-a-la-jornada-dobservacio-astronomica-tresors-de-sa-badia-a-platges-de-comte\/#primaryimage\"},\"thumbnailUrl\":\"https:\/\/www.salvemsabadia.com\/wp-content\/uploads\/2025\/12\/tresors-comte-3-rec.jpg\",\"datePublished\":\"2025-12-02T12:09:48+00:00\",\"dateModified\":\"2025-12-02T12:14:36+00:00\",\"breadcrumb\":{\"@id\":\"https:\/\/www.salvemsabadia.com\/trenta-persones-assisteixen-a-la-jornada-dobservacio-astronomica-tresors-de-sa-badia-a-platges-de-comte\/#breadcrumb\"},\"inLanguage\":\"es\",\"potentialAction\":[{\"@type\":\"ReadAction\",\"target\":[\"https:\/\/www.salvemsabadia.com\/trenta-persones-assisteixen-a-la-jornada-dobservacio-astronomica-tresors-de-sa-badia-a-platges-de-comte\/\"]}]},{\"@type\":\"ImageObject\",\"inLanguage\":\"es\",\"@id\":\"https:\/\/www.salvemsabadia.com\/trenta-persones-assisteixen-a-la-jornada-dobservacio-astronomica-tresors-de-sa-badia-a-platges-de-comte\/#primaryimage\",\"url\":\"https:\/\/www.salvemsabadia.com\/wp-content\/uploads\/2025\/12\/tresors-comte-3-rec.jpg\",\"contentUrl\":\"https:\/\/www.salvemsabadia.com\/wp-content\/uploads\/2025\/12\/tresors-comte-3-rec.jpg\",\"width\":1400,\"height\":933},{\"@type\":\"BreadcrumbList\",\"@id\":\"https:\/\/www.salvemsabadia.com\/trenta-persones-assisteixen-a-la-jornada-dobservacio-astronomica-tresors-de-sa-badia-a-platges-de-comte\/#breadcrumb\",\"itemListElement\":[{\"@type\":\"ListItem\",\"position\":1,\"name\":\"Portada\",\"item\":\"https:\/\/www.salvemsabadia.com\/es\/\"},{\"@type\":\"ListItem\",\"position\":2,\"name\":\"Treinta personas asisten a la jornada de observaci\u00f3n astron\u00f3mica Tresors de sa Badia, en Platges de Comte\"}]},{\"@type\":\"WebSite\",\"@id\":\"https:\/\/www.salvemsabadia.com\/#website\",\"url\":\"https:\/\/www.salvemsabadia.com\/\",\"name\":\"Salvem Sa Badia de Portmany\",\"description\":\"\",\"publisher\":{\"@id\":\"https:\/\/www.salvemsabadia.com\/#organization\"},\"potentialAction\":[{\"@type\":\"SearchAction\",\"target\":{\"@type\":\"EntryPoint\",\"urlTemplate\":\"https:\/\/www.salvemsabadia.com\/?s={search_term_string}\"},\"query-input\":{\"@type\":\"PropertyValueSpecification\",\"valueRequired\":true,\"valueName\":\"search_term_string\"}}],\"inLanguage\":\"es\"},{\"@type\":\"Organization\",\"@id\":\"https:\/\/www.salvemsabadia.com\/#organization\",\"name\":\"Salvem Sa Badia de Portmany\",\"url\":\"https:\/\/www.salvemsabadia.com\/\",\"logo\":{\"@type\":\"ImageObject\",\"inLanguage\":\"es\",\"@id\":\"https:\/\/www.salvemsabadia.com\/#\/schema\/logo\/image\/\",\"url\":\"https:\/\/www.salvemsabadia.com\/wp-content\/uploads\/2020\/03\/logo.png\",\"contentUrl\":\"https:\/\/www.salvemsabadia.com\/wp-content\/uploads\/2020\/03\/logo.png\",\"width\":188,\"height\":151,\"caption\":\"Salvem Sa Badia de Portmany\"},\"image\":{\"@id\":\"https:\/\/www.salvemsabadia.com\/#\/schema\/logo\/image\/\"}},{\"@type\":\"Person\",\"@id\":\"https:\/\/www.salvemsabadia.com\/#\/schema\/person\/5d08c5118adcb4140d13bde4826ba122\",\"name\":\"Salvem sa Badia\",\"image\":{\"@type\":\"ImageObject\",\"inLanguage\":\"es\",\"@id\":\"https:\/\/www.salvemsabadia.com\/#\/schema\/person\/image\/\",\"url\":\"https:\/\/secure.gravatar.com\/avatar\/d569ee5739a9c7022470ea472c9b4b9cf476e15f1be71e5242c911d673d14ad9?s=96&d=mm&r=g\",\"contentUrl\":\"https:\/\/secure.gravatar.com\/avatar\/d569ee5739a9c7022470ea472c9b4b9cf476e15f1be71e5242c911d673d14ad9?s=96&d=mm&r=g\",\"caption\":\"Salvem sa Badia\"}}]}<\/script>\n<!-- \/ Yoast SEO plugin. -->","yoast_head_json":{"title":"Treinta personas asisten a la jornada de observaci\u00f3n astron\u00f3mica Tresors de sa Badia, en Platges de Comte - Salvem Sa Badia de Portmany","robots":{"index":"index","follow":"follow","max-snippet":"max-snippet:-1","max-image-preview":"max-image-preview:large","max-video-preview":"max-video-preview:-1"},"canonical":"https:\/\/www.salvemsabadia.com\/trenta-persones-assisteixen-a-la-jornada-dobservacio-astronomica-tresors-de-sa-badia-a-platges-de-comte\/","og_locale":"es_ES","og_type":"article","og_title":"Treinta personas asisten a la jornada de observaci\u00f3n astron\u00f3mica Tresors de sa Badia, en Platges de Comte - Salvem Sa Badia de Portmany","og_description":"El pasado s\u00e1bado, 29 de noviembre, se celebr\u00f3 en Platges de Comte una nueva jornada de la iniciativa \u2018Tresors de sa Badia\u2019, que organiza Salvem sa Badia de Portmany y...","og_url":"https:\/\/www.salvemsabadia.com\/trenta-persones-assisteixen-a-la-jornada-dobservacio-astronomica-tresors-de-sa-badia-a-platges-de-comte\/","og_site_name":"Salvem Sa Badia de Portmany","article_published_time":"2025-12-02T12:09:48+00:00","article_modified_time":"2025-12-02T12:14:36+00:00","og_image":[{"width":1400,"height":933,"url":"https:\/\/www.salvemsabadia.com\/wp-content\/uploads\/2025\/12\/tresors-comte-3-rec.jpg","type":"image\/jpeg"}],"author":"Salvem sa Badia","twitter_card":"summary_large_image","twitter_misc":{"Escrito por":"Salvem sa Badia","Tiempo de lectura":"2 minutos"},"schema":{"@context":"https:\/\/schema.org","@graph":[{"@type":"Article","@id":"https:\/\/www.salvemsabadia.com\/trenta-persones-assisteixen-a-la-jornada-dobservacio-astronomica-tresors-de-sa-badia-a-platges-de-comte\/#article","isPartOf":{"@id":"https:\/\/www.salvemsabadia.com\/trenta-persones-assisteixen-a-la-jornada-dobservacio-astronomica-tresors-de-sa-badia-a-platges-de-comte\/"},"author":{"name":"Salvem sa Badia","@id":"https:\/\/www.salvemsabadia.com\/#\/schema\/person\/5d08c5118adcb4140d13bde4826ba122"},"headline":"Treinta personas asisten a la jornada de observaci\u00f3n astron\u00f3mica Tresors de sa Badia, en Platges de Comte","datePublished":"2025-12-02T12:09:48+00:00","dateModified":"2025-12-02T12:14:36+00:00","mainEntityOfPage":{"@id":"https:\/\/www.salvemsabadia.com\/trenta-persones-assisteixen-a-la-jornada-dobservacio-astronomica-tresors-de-sa-badia-a-platges-de-comte\/"},"wordCount":368,"publisher":{"@id":"https:\/\/www.salvemsabadia.com\/#organization"},"image":{"@id":"https:\/\/www.salvemsabadia.com\/trenta-persones-assisteixen-a-la-jornada-dobservacio-astronomica-tresors-de-sa-badia-a-platges-de-comte\/#primaryimage"},"thumbnailUrl":"https:\/\/www.salvemsabadia.com\/wp-content\/uploads\/2025\/12\/tresors-comte-3-rec.jpg","articleSection":["Cultura","Destacado","Posidonia","Salvem Sa Badia"],"inLanguage":"es"},{"@type":"WebPage","@id":"https:\/\/www.salvemsabadia.com\/trenta-persones-assisteixen-a-la-jornada-dobservacio-astronomica-tresors-de-sa-badia-a-platges-de-comte\/","url":"https:\/\/www.salvemsabadia.com\/trenta-persones-assisteixen-a-la-jornada-dobservacio-astronomica-tresors-de-sa-badia-a-platges-de-comte\/","name":"Treinta personas asisten a la jornada de observaci\u00f3n astron\u00f3mica Tresors de sa Badia, en Platges de Comte - Salvem Sa Badia de Portmany","isPartOf":{"@id":"https:\/\/www.salvemsabadia.com\/#website"},"primaryImageOfPage":{"@id":"https:\/\/www.salvemsabadia.com\/trenta-persones-assisteixen-a-la-jornada-dobservacio-astronomica-tresors-de-sa-badia-a-platges-de-comte\/#primaryimage"},"image":{"@id":"https:\/\/www.salvemsabadia.com\/trenta-persones-assisteixen-a-la-jornada-dobservacio-astronomica-tresors-de-sa-badia-a-platges-de-comte\/#primaryimage"},"thumbnailUrl":"https:\/\/www.salvemsabadia.com\/wp-content\/uploads\/2025\/12\/tresors-comte-3-rec.jpg","datePublished":"2025-12-02T12:09:48+00:00","dateModified":"2025-12-02T12:14:36+00:00","breadcrumb":{"@id":"https:\/\/www.salvemsabadia.com\/trenta-persones-assisteixen-a-la-jornada-dobservacio-astronomica-tresors-de-sa-badia-a-platges-de-comte\/#breadcrumb"},"inLanguage":"es","potentialAction":[{"@type":"ReadAction","target":["https:\/\/www.salvemsabadia.com\/trenta-persones-assisteixen-a-la-jornada-dobservacio-astronomica-tresors-de-sa-badia-a-platges-de-comte\/"]}]},{"@type":"ImageObject","inLanguage":"es","@id":"https:\/\/www.salvemsabadia.com\/trenta-persones-assisteixen-a-la-jornada-dobservacio-astronomica-tresors-de-sa-badia-a-platges-de-comte\/#primaryimage","url":"https:\/\/www.salvemsabadia.com\/wp-content\/uploads\/2025\/12\/tresors-comte-3-rec.jpg","contentUrl":"https:\/\/www.salvemsabadia.com\/wp-content\/uploads\/2025\/12\/tresors-comte-3-rec.jpg","width":1400,"height":933},{"@type":"BreadcrumbList","@id":"https:\/\/www.salvemsabadia.com\/trenta-persones-assisteixen-a-la-jornada-dobservacio-astronomica-tresors-de-sa-badia-a-platges-de-comte\/#breadcrumb","itemListElement":[{"@type":"ListItem","position":1,"name":"Portada","item":"https:\/\/www.salvemsabadia.com\/es\/"},{"@type":"ListItem","position":2,"name":"Treinta personas asisten a la jornada de observaci\u00f3n astron\u00f3mica Tresors de sa Badia, en Platges de Comte"}]},{"@type":"WebSite","@id":"https:\/\/www.salvemsabadia.com\/#website","url":"https:\/\/www.salvemsabadia.com\/","name":"Salvem Sa Badia de Portmany","description":"","publisher":{"@id":"https:\/\/www.salvemsabadia.com\/#organization"},"potentialAction":[{"@type":"SearchAction","target":{"@type":"EntryPoint","urlTemplate":"https:\/\/www.salvemsabadia.com\/?s={search_term_string}"},"query-input":{"@type":"PropertyValueSpecification","valueRequired":true,"valueName":"search_term_string"}}],"inLanguage":"es"},{"@type":"Organization","@id":"https:\/\/www.salvemsabadia.com\/#organization","name":"Salvem Sa Badia de Portmany","url":"https:\/\/www.salvemsabadia.com\/","logo":{"@type":"ImageObject","inLanguage":"es","@id":"https:\/\/www.salvemsabadia.com\/#\/schema\/logo\/image\/","url":"https:\/\/www.salvemsabadia.com\/wp-content\/uploads\/2020\/03\/logo.png","contentUrl":"https:\/\/www.salvemsabadia.com\/wp-content\/uploads\/2020\/03\/logo.png","width":188,"height":151,"caption":"Salvem Sa Badia de Portmany"},"image":{"@id":"https:\/\/www.salvemsabadia.com\/#\/schema\/logo\/image\/"}},{"@type":"Person","@id":"https:\/\/www.salvemsabadia.com\/#\/schema\/person\/5d08c5118adcb4140d13bde4826ba122","name":"Salvem sa Badia","image":{"@type":"ImageObject","inLanguage":"es","@id":"https:\/\/www.salvemsabadia.com\/#\/schema\/person\/image\/","url":"https:\/\/secure.gravatar.com\/avatar\/d569ee5739a9c7022470ea472c9b4b9cf476e15f1be71e5242c911d673d14ad9?s=96&d=mm&r=g","contentUrl":"https:\/\/secure.gravatar.com\/avatar\/d569ee5739a9c7022470ea472c9b4b9cf476e15f1be71e5242c911d673d14ad9?s=96&d=mm&r=g","caption":"Salvem sa Badia"}}]}},"_links":{"self":[{"href":"https:\/\/www.salvemsabadia.com\/es\/wp-json\/wp\/v2\/posts\/5894","targetHints":{"allow":["GET"]}}],"collection":[{"href":"https:\/\/www.salvemsabadia.com\/es\/wp-json\/wp\/v2\/posts"}],"about":[{"href":"https:\/\/www.salvemsabadia.com\/es\/wp-json\/wp\/v2\/types\/post"}],"author":[{"embeddable":true,"href":"https:\/\/www.salvemsabadia.com\/es\/wp-json\/wp\/v2\/users\/2"}],"replies":[{"embeddable":true,"href":"https:\/\/www.salvemsabadia.com\/es\/wp-json\/wp\/v2\/comments?post=5894"}],"version-history":[{"count":0,"href":"https:\/\/www.salvemsabadia.com\/es\/wp-json\/wp\/v2\/posts\/5894\/revisions"}],"wp:featuredmedia":[{"embeddable":true,"href":"https:\/\/www.salvemsabadia.com\/es\/wp-json\/wp\/v2\/media\/5897"}],"wp:attachment":[{"href":"https:\/\/www.salvemsabadia.com\/es\/wp-json\/wp\/v2\/media?parent=5894"}],"wp:term":[{"taxonomy":"category","embeddable":true,"href":"https:\/\/www.salvemsabadia.com\/es\/wp-json\/wp\/v2\/categories?post=5894"},{"taxonomy":"post_tag","embeddable":true,"href":"https:\/\/www.salvemsabadia.com\/es\/wp-json\/wp\/v2\/tags?post=5894"}],"curies":[{"name":"wp","href":"https:\/\/api.w.org\/{rel}","templated":true}]}}