{"id":5906,"date":"2025-12-02T13:16:15","date_gmt":"2025-12-02T12:16:15","guid":{"rendered":"https:\/\/www.salvemsabadia.com\/?p=5906"},"modified":"2025-12-02T13:18:08","modified_gmt":"2025-12-02T12:18:08","slug":"salvem-sa-badia-multiplica-sus-socios-en-el-ultimo-ano-y-ya-supera-el-centenar","status":"publish","type":"post","link":"https:\/\/www.salvemsabadia.com\/es\/salvem-sa-badia-multiplica-sus-socios-en-el-ultimo-ano-y-ya-supera-el-centenar\/","title":{"rendered":"Salvem sa Badia multiplica sus socios en el \u00faltimo a\u00f1o y ya supera el centenar"},"content":{"rendered":"<p><img loading=\"lazy\" decoding=\"async\" class=\"alignnone size-full wp-image-5907\" src=\"https:\/\/www.salvemsabadia.com\/wp-content\/uploads\/2025\/12\/parada-ssbp-rec.jpg\" alt=\"\" width=\"1400\" height=\"932\" srcset=\"https:\/\/www.salvemsabadia.com\/wp-content\/uploads\/2025\/12\/parada-ssbp-rec.jpg 1400w, https:\/\/www.salvemsabadia.com\/wp-content\/uploads\/2025\/12\/parada-ssbp-rec-300x200.jpg 300w, https:\/\/www.salvemsabadia.com\/wp-content\/uploads\/2025\/12\/parada-ssbp-rec-1024x682.jpg 1024w, https:\/\/www.salvemsabadia.com\/wp-content\/uploads\/2025\/12\/parada-ssbp-rec-768x511.jpg 768w, https:\/\/www.salvemsabadia.com\/wp-content\/uploads\/2025\/12\/parada-ssbp-rec-900x600.jpg 900w\" sizes=\"auto, (max-width: 1400px) 100vw, 1400px\" \/>La Asociaci\u00f3n Salvem sa Badia de Portmany ha conseguido estos d\u00edas el importante hito de superar el centenar de socios. A d\u00eda de hoy, un total de 104 personas ya forman parte de la entidad, gracias a que se ha podido multiplicar el n\u00famero de miembros a lo largo de 2025, al lograr que se sumen 61 nuevos socios, la mitad de ellos j\u00f3venes que formaron parte del voluntariado de verano y que acabaron inscribi\u00e9ndose tambi\u00e9n como asociados.<\/p>\n<p>Para este incremento de la masa social de Salvem sa Badia de Portmany ha sido esencial el trabajo desarrollado en las jornadas Tresors de s Badia, a trav\u00e9s de las cuales se han sumado 11 nuevos socios. Asimismo, la fiesta cultural que se desarroll\u00f3 en el CEIP Sant Antoni permiti\u00f3 la incorporaci\u00f3n de otros siete y el resto ha acudido a SSBP por iniciativa propia. La entidad comenz\u00f3 con 29 socios en 2022, logrando otros 8 al a\u00f1o siguiente y cinco m\u00e1s el pasado 2024.<\/p>\n<div style=\"width: 720px;\" class=\"wp-video\"><video class=\"wp-video-shortcode\" id=\"video-5906-1\" width=\"720\" height=\"1280\" preload=\"metadata\" controls=\"controls\"><source type=\"video\/mp4\" src=\"https:\/\/www.salvemsabadia.com\/wp-content\/uploads\/2025\/12\/Colgar-este-Reel-en-vez-de-fotos.mp4?_=1\" \/><a href=\"https:\/\/www.salvemsabadia.com\/wp-content\/uploads\/2025\/12\/Colgar-este-Reel-en-vez-de-fotos.mp4\">https:\/\/www.salvemsabadia.com\/wp-content\/uploads\/2025\/12\/Colgar-este-Reel-en-vez-de-fotos.mp4<\/a><\/video><\/div>\n","protected":false},"excerpt":{"rendered":"<p>La Asociaci\u00f3n Salvem sa Badia de Portmany ha conseguido estos d\u00edas el importante hito de superar el centenar de socios. A d\u00eda de hoy, un total de 104 personas ya&#8230;<\/p>\n","protected":false},"author":2,"featured_media":5907,"comment_status":"closed","ping_status":"closed","sticky":false,"template":"","format":"standard","meta":{"give_campaign_id":0,"footnotes":""},"categories":[106,10],"tags":[],"class_list":{"0":"post-5906","1":"post","2":"type-post","3":"status-publish","4":"format-standard","5":"has-post-thumbnail","7":"category-destacado","8":"category-salvem-sa-badia"},"yoast_head":"<!-- This site is optimized with the Yoast SEO plugin v26.8 - https:\/\/yoast.com\/product\/yoast-seo-wordpress\/ -->\n<title>Salvem sa Badia multiplica sus socios en el \u00faltimo a\u00f1o y ya supera el centenar - Salvem Sa Badia de Portmany<\/title>\n<meta name=\"robots\" content=\"index, follow, max-snippet:-1, max-image-preview:large, max-video-preview:-1\" \/>\n<link rel=\"canonical\" href=\"https:\/\/www.salvemsabadia.com\/salvem-sa-badia-multiplica-els-socis-el-darrer-any-i-ja-supera-el-centenar\/\" \/>\n<meta property=\"og:locale\" content=\"es_ES\" \/>\n<meta property=\"og:type\" content=\"article\" \/>\n<meta property=\"og:title\" content=\"Salvem sa Badia multiplica sus socios en el \u00faltimo a\u00f1o y ya supera el centenar - Salvem Sa Badia de Portmany\" \/>\n<meta property=\"og:description\" content=\"La Asociaci\u00f3n Salvem sa Badia de Portmany ha conseguido estos d\u00edas el importante hito de superar el centenar de socios. A d\u00eda de hoy, un total de 104 personas ya...\" \/>\n<meta property=\"og:url\" content=\"https:\/\/www.salvemsabadia.com\/salvem-sa-badia-multiplica-els-socis-el-darrer-any-i-ja-supera-el-centenar\/\" \/>\n<meta property=\"og:site_name\" content=\"Salvem Sa Badia de Portmany\" \/>\n<meta property=\"article:published_time\" content=\"2025-12-02T12:16:15+00:00\" \/>\n<meta property=\"article:modified_time\" content=\"2025-12-02T12:18:08+00:00\" \/>\n<meta property=\"og:image\" content=\"https:\/\/www.salvemsabadia.com\/wp-content\/uploads\/2025\/12\/parada-ssbp-rec.jpg\" \/>\n\t<meta property=\"og:image:width\" content=\"1400\" \/>\n\t<meta property=\"og:image:height\" content=\"932\" \/>\n\t<meta property=\"og:image:type\" content=\"image\/jpeg\" \/>\n<meta name=\"author\" content=\"Salvem sa Badia\" \/>\n<meta name=\"twitter:card\" content=\"summary_large_image\" \/>\n<meta name=\"twitter:label1\" content=\"Escrito por\" \/>\n\t<meta name=\"twitter:data1\" content=\"Salvem sa Badia\" \/>\n\t<meta name=\"twitter:label2\" content=\"Tiempo de lectura\" \/>\n\t<meta name=\"twitter:data2\" content=\"1 minuto\" \/>\n<script type=\"application\/ld+json\" class=\"yoast-schema-graph\">{\"@context\":\"https:\/\/schema.org\",\"@graph\":[{\"@type\":\"Article\",\"@id\":\"https:\/\/www.salvemsabadia.com\/salvem-sa-badia-multiplica-els-socis-el-darrer-any-i-ja-supera-el-centenar\/#article\",\"isPartOf\":{\"@id\":\"https:\/\/www.salvemsabadia.com\/salvem-sa-badia-multiplica-els-socis-el-darrer-any-i-ja-supera-el-centenar\/\"},\"author\":{\"name\":\"Salvem sa Badia\",\"@id\":\"https:\/\/www.salvemsabadia.com\/#\/schema\/person\/5d08c5118adcb4140d13bde4826ba122\"},\"headline\":\"Salvem sa Badia multiplica sus socios en el \u00faltimo a\u00f1o y ya supera el centenar\",\"datePublished\":\"2025-12-02T12:16:15+00:00\",\"dateModified\":\"2025-12-02T12:18:08+00:00\",\"mainEntityOfPage\":{\"@id\":\"https:\/\/www.salvemsabadia.com\/salvem-sa-badia-multiplica-els-socis-el-darrer-any-i-ja-supera-el-centenar\/\"},\"wordCount\":195,\"publisher\":{\"@id\":\"https:\/\/www.salvemsabadia.com\/#organization\"},\"image\":{\"@id\":\"https:\/\/www.salvemsabadia.com\/salvem-sa-badia-multiplica-els-socis-el-darrer-any-i-ja-supera-el-centenar\/#primaryimage\"},\"thumbnailUrl\":\"https:\/\/www.salvemsabadia.com\/wp-content\/uploads\/2025\/12\/parada-ssbp-rec.jpg\",\"articleSection\":[\"Destacado\",\"Salvem Sa Badia\"],\"inLanguage\":\"es\"},{\"@type\":\"WebPage\",\"@id\":\"https:\/\/www.salvemsabadia.com\/salvem-sa-badia-multiplica-els-socis-el-darrer-any-i-ja-supera-el-centenar\/\",\"url\":\"https:\/\/www.salvemsabadia.com\/salvem-sa-badia-multiplica-els-socis-el-darrer-any-i-ja-supera-el-centenar\/\",\"name\":\"Salvem sa Badia multiplica sus socios en el \u00faltimo a\u00f1o y ya supera el centenar - Salvem Sa Badia de Portmany\",\"isPartOf\":{\"@id\":\"https:\/\/www.salvemsabadia.com\/#website\"},\"primaryImageOfPage\":{\"@id\":\"https:\/\/www.salvemsabadia.com\/salvem-sa-badia-multiplica-els-socis-el-darrer-any-i-ja-supera-el-centenar\/#primaryimage\"},\"image\":{\"@id\":\"https:\/\/www.salvemsabadia.com\/salvem-sa-badia-multiplica-els-socis-el-darrer-any-i-ja-supera-el-centenar\/#primaryimage\"},\"thumbnailUrl\":\"https:\/\/www.salvemsabadia.com\/wp-content\/uploads\/2025\/12\/parada-ssbp-rec.jpg\",\"datePublished\":\"2025-12-02T12:16:15+00:00\",\"dateModified\":\"2025-12-02T12:18:08+00:00\",\"breadcrumb\":{\"@id\":\"https:\/\/www.salvemsabadia.com\/salvem-sa-badia-multiplica-els-socis-el-darrer-any-i-ja-supera-el-centenar\/#breadcrumb\"},\"inLanguage\":\"es\",\"potentialAction\":[{\"@type\":\"ReadAction\",\"target\":[\"https:\/\/www.salvemsabadia.com\/salvem-sa-badia-multiplica-els-socis-el-darrer-any-i-ja-supera-el-centenar\/\"]}]},{\"@type\":\"ImageObject\",\"inLanguage\":\"es\",\"@id\":\"https:\/\/www.salvemsabadia.com\/salvem-sa-badia-multiplica-els-socis-el-darrer-any-i-ja-supera-el-centenar\/#primaryimage\",\"url\":\"https:\/\/www.salvemsabadia.com\/wp-content\/uploads\/2025\/12\/parada-ssbp-rec.jpg\",\"contentUrl\":\"https:\/\/www.salvemsabadia.com\/wp-content\/uploads\/2025\/12\/parada-ssbp-rec.jpg\",\"width\":1400,\"height\":932},{\"@type\":\"BreadcrumbList\",\"@id\":\"https:\/\/www.salvemsabadia.com\/salvem-sa-badia-multiplica-els-socis-el-darrer-any-i-ja-supera-el-centenar\/#breadcrumb\",\"itemListElement\":[{\"@type\":\"ListItem\",\"position\":1,\"name\":\"Portada\",\"item\":\"https:\/\/www.salvemsabadia.com\/es\/\"},{\"@type\":\"ListItem\",\"position\":2,\"name\":\"Salvem sa Badia multiplica sus socios en el \u00faltimo a\u00f1o y ya supera el centenar\"}]},{\"@type\":\"WebSite\",\"@id\":\"https:\/\/www.salvemsabadia.com\/#website\",\"url\":\"https:\/\/www.salvemsabadia.com\/\",\"name\":\"Salvem Sa Badia de Portmany\",\"description\":\"\",\"publisher\":{\"@id\":\"https:\/\/www.salvemsabadia.com\/#organization\"},\"potentialAction\":[{\"@type\":\"SearchAction\",\"target\":{\"@type\":\"EntryPoint\",\"urlTemplate\":\"https:\/\/www.salvemsabadia.com\/?s={search_term_string}\"},\"query-input\":{\"@type\":\"PropertyValueSpecification\",\"valueRequired\":true,\"valueName\":\"search_term_string\"}}],\"inLanguage\":\"es\"},{\"@type\":\"Organization\",\"@id\":\"https:\/\/www.salvemsabadia.com\/#organization\",\"name\":\"Salvem Sa Badia de Portmany\",\"url\":\"https:\/\/www.salvemsabadia.com\/\",\"logo\":{\"@type\":\"ImageObject\",\"inLanguage\":\"es\",\"@id\":\"https:\/\/www.salvemsabadia.com\/#\/schema\/logo\/image\/\",\"url\":\"https:\/\/www.salvemsabadia.com\/wp-content\/uploads\/2020\/03\/logo.png\",\"contentUrl\":\"https:\/\/www.salvemsabadia.com\/wp-content\/uploads\/2020\/03\/logo.png\",\"width\":188,\"height\":151,\"caption\":\"Salvem Sa Badia de Portmany\"},\"image\":{\"@id\":\"https:\/\/www.salvemsabadia.com\/#\/schema\/logo\/image\/\"}},{\"@type\":\"Person\",\"@id\":\"https:\/\/www.salvemsabadia.com\/#\/schema\/person\/5d08c5118adcb4140d13bde4826ba122\",\"name\":\"Salvem sa Badia\",\"image\":{\"@type\":\"ImageObject\",\"inLanguage\":\"es\",\"@id\":\"https:\/\/www.salvemsabadia.com\/#\/schema\/person\/image\/\",\"url\":\"https:\/\/secure.gravatar.com\/avatar\/d569ee5739a9c7022470ea472c9b4b9cf476e15f1be71e5242c911d673d14ad9?s=96&d=mm&r=g\",\"contentUrl\":\"https:\/\/secure.gravatar.com\/avatar\/d569ee5739a9c7022470ea472c9b4b9cf476e15f1be71e5242c911d673d14ad9?s=96&d=mm&r=g\",\"caption\":\"Salvem sa Badia\"}}]}<\/script>\n<!-- \/ Yoast SEO plugin. -->","yoast_head_json":{"title":"Salvem sa Badia multiplica sus socios en el \u00faltimo a\u00f1o y ya supera el centenar - Salvem Sa Badia de Portmany","robots":{"index":"index","follow":"follow","max-snippet":"max-snippet:-1","max-image-preview":"max-image-preview:large","max-video-preview":"max-video-preview:-1"},"canonical":"https:\/\/www.salvemsabadia.com\/salvem-sa-badia-multiplica-els-socis-el-darrer-any-i-ja-supera-el-centenar\/","og_locale":"es_ES","og_type":"article","og_title":"Salvem sa Badia multiplica sus socios en el \u00faltimo a\u00f1o y ya supera el centenar - Salvem Sa Badia de Portmany","og_description":"La Asociaci\u00f3n Salvem sa Badia de Portmany ha conseguido estos d\u00edas el importante hito de superar el centenar de socios. A d\u00eda de hoy, un total de 104 personas ya...","og_url":"https:\/\/www.salvemsabadia.com\/salvem-sa-badia-multiplica-els-socis-el-darrer-any-i-ja-supera-el-centenar\/","og_site_name":"Salvem Sa Badia de Portmany","article_published_time":"2025-12-02T12:16:15+00:00","article_modified_time":"2025-12-02T12:18:08+00:00","og_image":[{"width":1400,"height":932,"url":"https:\/\/www.salvemsabadia.com\/wp-content\/uploads\/2025\/12\/parada-ssbp-rec.jpg","type":"image\/jpeg"}],"author":"Salvem sa Badia","twitter_card":"summary_large_image","twitter_misc":{"Escrito por":"Salvem sa Badia","Tiempo de lectura":"1 minuto"},"schema":{"@context":"https:\/\/schema.org","@graph":[{"@type":"Article","@id":"https:\/\/www.salvemsabadia.com\/salvem-sa-badia-multiplica-els-socis-el-darrer-any-i-ja-supera-el-centenar\/#article","isPartOf":{"@id":"https:\/\/www.salvemsabadia.com\/salvem-sa-badia-multiplica-els-socis-el-darrer-any-i-ja-supera-el-centenar\/"},"author":{"name":"Salvem sa Badia","@id":"https:\/\/www.salvemsabadia.com\/#\/schema\/person\/5d08c5118adcb4140d13bde4826ba122"},"headline":"Salvem sa Badia multiplica sus socios en el \u00faltimo a\u00f1o y ya supera el centenar","datePublished":"2025-12-02T12:16:15+00:00","dateModified":"2025-12-02T12:18:08+00:00","mainEntityOfPage":{"@id":"https:\/\/www.salvemsabadia.com\/salvem-sa-badia-multiplica-els-socis-el-darrer-any-i-ja-supera-el-centenar\/"},"wordCount":195,"publisher":{"@id":"https:\/\/www.salvemsabadia.com\/#organization"},"image":{"@id":"https:\/\/www.salvemsabadia.com\/salvem-sa-badia-multiplica-els-socis-el-darrer-any-i-ja-supera-el-centenar\/#primaryimage"},"thumbnailUrl":"https:\/\/www.salvemsabadia.com\/wp-content\/uploads\/2025\/12\/parada-ssbp-rec.jpg","articleSection":["Destacado","Salvem Sa Badia"],"inLanguage":"es"},{"@type":"WebPage","@id":"https:\/\/www.salvemsabadia.com\/salvem-sa-badia-multiplica-els-socis-el-darrer-any-i-ja-supera-el-centenar\/","url":"https:\/\/www.salvemsabadia.com\/salvem-sa-badia-multiplica-els-socis-el-darrer-any-i-ja-supera-el-centenar\/","name":"Salvem sa Badia multiplica sus socios en el \u00faltimo a\u00f1o y ya supera el centenar - Salvem Sa Badia de Portmany","isPartOf":{"@id":"https:\/\/www.salvemsabadia.com\/#website"},"primaryImageOfPage":{"@id":"https:\/\/www.salvemsabadia.com\/salvem-sa-badia-multiplica-els-socis-el-darrer-any-i-ja-supera-el-centenar\/#primaryimage"},"image":{"@id":"https:\/\/www.salvemsabadia.com\/salvem-sa-badia-multiplica-els-socis-el-darrer-any-i-ja-supera-el-centenar\/#primaryimage"},"thumbnailUrl":"https:\/\/www.salvemsabadia.com\/wp-content\/uploads\/2025\/12\/parada-ssbp-rec.jpg","datePublished":"2025-12-02T12:16:15+00:00","dateModified":"2025-12-02T12:18:08+00:00","breadcrumb":{"@id":"https:\/\/www.salvemsabadia.com\/salvem-sa-badia-multiplica-els-socis-el-darrer-any-i-ja-supera-el-centenar\/#breadcrumb"},"inLanguage":"es","potentialAction":[{"@type":"ReadAction","target":["https:\/\/www.salvemsabadia.com\/salvem-sa-badia-multiplica-els-socis-el-darrer-any-i-ja-supera-el-centenar\/"]}]},{"@type":"ImageObject","inLanguage":"es","@id":"https:\/\/www.salvemsabadia.com\/salvem-sa-badia-multiplica-els-socis-el-darrer-any-i-ja-supera-el-centenar\/#primaryimage","url":"https:\/\/www.salvemsabadia.com\/wp-content\/uploads\/2025\/12\/parada-ssbp-rec.jpg","contentUrl":"https:\/\/www.salvemsabadia.com\/wp-content\/uploads\/2025\/12\/parada-ssbp-rec.jpg","width":1400,"height":932},{"@type":"BreadcrumbList","@id":"https:\/\/www.salvemsabadia.com\/salvem-sa-badia-multiplica-els-socis-el-darrer-any-i-ja-supera-el-centenar\/#breadcrumb","itemListElement":[{"@type":"ListItem","position":1,"name":"Portada","item":"https:\/\/www.salvemsabadia.com\/es\/"},{"@type":"ListItem","position":2,"name":"Salvem sa Badia multiplica sus socios en el \u00faltimo a\u00f1o y ya supera el centenar"}]},{"@type":"WebSite","@id":"https:\/\/www.salvemsabadia.com\/#website","url":"https:\/\/www.salvemsabadia.com\/","name":"Salvem Sa Badia de Portmany","description":"","publisher":{"@id":"https:\/\/www.salvemsabadia.com\/#organization"},"potentialAction":[{"@type":"SearchAction","target":{"@type":"EntryPoint","urlTemplate":"https:\/\/www.salvemsabadia.com\/?s={search_term_string}"},"query-input":{"@type":"PropertyValueSpecification","valueRequired":true,"valueName":"search_term_string"}}],"inLanguage":"es"},{"@type":"Organization","@id":"https:\/\/www.salvemsabadia.com\/#organization","name":"Salvem Sa Badia de Portmany","url":"https:\/\/www.salvemsabadia.com\/","logo":{"@type":"ImageObject","inLanguage":"es","@id":"https:\/\/www.salvemsabadia.com\/#\/schema\/logo\/image\/","url":"https:\/\/www.salvemsabadia.com\/wp-content\/uploads\/2020\/03\/logo.png","contentUrl":"https:\/\/www.salvemsabadia.com\/wp-content\/uploads\/2020\/03\/logo.png","width":188,"height":151,"caption":"Salvem Sa Badia de Portmany"},"image":{"@id":"https:\/\/www.salvemsabadia.com\/#\/schema\/logo\/image\/"}},{"@type":"Person","@id":"https:\/\/www.salvemsabadia.com\/#\/schema\/person\/5d08c5118adcb4140d13bde4826ba122","name":"Salvem sa Badia","image":{"@type":"ImageObject","inLanguage":"es","@id":"https:\/\/www.salvemsabadia.com\/#\/schema\/person\/image\/","url":"https:\/\/secure.gravatar.com\/avatar\/d569ee5739a9c7022470ea472c9b4b9cf476e15f1be71e5242c911d673d14ad9?s=96&d=mm&r=g","contentUrl":"https:\/\/secure.gravatar.com\/avatar\/d569ee5739a9c7022470ea472c9b4b9cf476e15f1be71e5242c911d673d14ad9?s=96&d=mm&r=g","caption":"Salvem sa Badia"}}]}},"_links":{"self":[{"href":"https:\/\/www.salvemsabadia.com\/es\/wp-json\/wp\/v2\/posts\/5906","targetHints":{"allow":["GET"]}}],"collection":[{"href":"https:\/\/www.salvemsabadia.com\/es\/wp-json\/wp\/v2\/posts"}],"about":[{"href":"https:\/\/www.salvemsabadia.com\/es\/wp-json\/wp\/v2\/types\/post"}],"author":[{"embeddable":true,"href":"https:\/\/www.salvemsabadia.com\/es\/wp-json\/wp\/v2\/users\/2"}],"replies":[{"embeddable":true,"href":"https:\/\/www.salvemsabadia.com\/es\/wp-json\/wp\/v2\/comments?post=5906"}],"version-history":[{"count":0,"href":"https:\/\/www.salvemsabadia.com\/es\/wp-json\/wp\/v2\/posts\/5906\/revisions"}],"wp:featuredmedia":[{"embeddable":true,"href":"https:\/\/www.salvemsabadia.com\/es\/wp-json\/wp\/v2\/media\/5907"}],"wp:attachment":[{"href":"https:\/\/www.salvemsabadia.com\/es\/wp-json\/wp\/v2\/media?parent=5906"}],"wp:term":[{"taxonomy":"category","embeddable":true,"href":"https:\/\/www.salvemsabadia.com\/es\/wp-json\/wp\/v2\/categories?post=5906"},{"taxonomy":"post_tag","embeddable":true,"href":"https:\/\/www.salvemsabadia.com\/es\/wp-json\/wp\/v2\/tags?post=5906"}],"curies":[{"name":"wp","href":"https:\/\/api.w.org\/{rel}","templated":true}]}}