{"id":6052,"date":"2026-03-11T10:08:45","date_gmt":"2026-03-11T09:08:45","guid":{"rendered":"https:\/\/www.salvemsabadia.com\/?p=6052"},"modified":"2026-03-11T10:11:24","modified_gmt":"2026-03-11T09:11:24","slug":"salvem-sa-badia-organiza-una-jornada-abierta-sobre-el-eclipse-total-con-la-divulgadora-susana-malon-y-la-agrupacion-astronomica-de-ibiza","status":"publish","type":"post","link":"https:\/\/www.salvemsabadia.com\/es\/salvem-sa-badia-organiza-una-jornada-abierta-sobre-el-eclipse-total-con-la-divulgadora-susana-malon-y-la-agrupacion-astronomica-de-ibiza\/","title":{"rendered":"Salvem sa Badia organiza una jornada abierta sobre el eclipse total, con la divulgadora Susana Mal\u00f3n y la Agrupaci\u00f3n Astron\u00f3mica de Ibiza"},"content":{"rendered":"<p><img loading=\"lazy\" decoding=\"async\" class=\"alignnone size-full wp-image-6039\" src=\"https:\/\/www.salvemsabadia.com\/wp-content\/uploads\/2026\/03\/jongsun-lee-F-pSZO_jeE8-unsplash.-recjpg.jpg\" alt=\"\" width=\"1400\" height=\"933\" srcset=\"https:\/\/www.salvemsabadia.com\/wp-content\/uploads\/2026\/03\/jongsun-lee-F-pSZO_jeE8-unsplash.-recjpg.jpg 1400w, https:\/\/www.salvemsabadia.com\/wp-content\/uploads\/2026\/03\/jongsun-lee-F-pSZO_jeE8-unsplash.-recjpg-300x200.jpg 300w, https:\/\/www.salvemsabadia.com\/wp-content\/uploads\/2026\/03\/jongsun-lee-F-pSZO_jeE8-unsplash.-recjpg-1024x682.jpg 1024w, https:\/\/www.salvemsabadia.com\/wp-content\/uploads\/2026\/03\/jongsun-lee-F-pSZO_jeE8-unsplash.-recjpg-768x512.jpg 768w, https:\/\/www.salvemsabadia.com\/wp-content\/uploads\/2026\/03\/jongsun-lee-F-pSZO_jeE8-unsplash.-recjpg-900x600.jpg 900w\" sizes=\"auto, (max-width: 1400px) 100vw, 1400px\" \/>Este s\u00e1bado, 14 de marzo, la Asociaci\u00f3n Salvem sa Badia de Portmany celebra una jornada de conferencias sobre observaci\u00f3n astron\u00f3mica y el eclipse total que tendr\u00e1 lugar este verano. El evento contar\u00e1 con la participaci\u00f3n de la divulgadora cient\u00edfica Susana Mal\u00f3n, una autoridad sobre los efectos de la contaminaci\u00f3n lum\u00ednica y las formas de prevenirla, que ofrecer\u00e1 una ponencia titulada \u2018Conservar el cielo estrellado\u2019.<\/p>\n<p>Dado que la Bah\u00eda de Portmany es un destino muy conocido por su puesta de sol, resulta f\u00e1cil predecir que el d\u00eda del eclipse, que coincidir\u00e1 con el atardecer, recibir\u00e1 una gran afluencia de p\u00fablico. Por esta raz\u00f3n, Chus Palomeque y Pedro P\u00e9rez, de la Agrupaci\u00f3n Astron\u00f3mica de Ibiza (AEE), tambi\u00e9n realizar\u00e1n una presentaci\u00f3n sobre el fen\u00f3meno del 12 de agosto. Su presencia guarda relaci\u00f3n con la voluntad de colaborar desde Salvem sa Badia con el trabajo de prevenci\u00f3n que lleva a cabo la AAE.<\/p>\n<p>El evento comenzar\u00e1 a las 17,30 horas y se desarrollar\u00e1 en el sal\u00f3n social del Club N\u00e0utic Sant Antoni, con acceso libre hasta completar aforo. Cada una de las charlas tiene una duraci\u00f3n aproximada de 45 minutos y el programa tambi\u00e9n incluye una introducci\u00f3n sobre la labor que realiza Salvem sa Badia. La jornada concluir\u00e1 con un aperitivo. Los padres que quieran asistir a las ponencias podr\u00e1n dejar a sus hijos e hijas en los talleres ambientales que Guardianes de la Mar desarrollar\u00e1n en paralelo. Para reservar plazas s\u00f3lo hay que escribir un correo electr\u00f3nico a guardianesdelamar@gmail.com. El evento se realiza con el apoyo del Club N\u00e0utic Sant Antoni, la Agrupaci\u00f3n Astron\u00f3mica de Ibiza y High Fidelity Collective.<\/p>\n<div id=\"attachment_6037\" style=\"width: 1410px\" class=\"wp-caption alignnone\"><img loading=\"lazy\" decoding=\"async\" aria-describedby=\"caption-attachment-6037\" class=\"size-full wp-image-6037\" src=\"https:\/\/www.salvemsabadia.com\/wp-content\/uploads\/2026\/03\/susana-malon-rec.jpg\" alt=\"\" width=\"1400\" height=\"933\" srcset=\"https:\/\/www.salvemsabadia.com\/wp-content\/uploads\/2026\/03\/susana-malon-rec.jpg 1400w, https:\/\/www.salvemsabadia.com\/wp-content\/uploads\/2026\/03\/susana-malon-rec-300x200.jpg 300w, https:\/\/www.salvemsabadia.com\/wp-content\/uploads\/2026\/03\/susana-malon-rec-1024x682.jpg 1024w, https:\/\/www.salvemsabadia.com\/wp-content\/uploads\/2026\/03\/susana-malon-rec-768x512.jpg 768w, https:\/\/www.salvemsabadia.com\/wp-content\/uploads\/2026\/03\/susana-malon-rec-900x600.jpg 900w\" sizes=\"auto, (max-width: 1400px) 100vw, 1400px\" \/><p id=\"caption-attachment-6037\" class=\"wp-caption-text\">Susana Mal\u00f3n<\/p><\/div>\n<p>Susana Mal\u00f3n\u00a0(Zaragoza, 1975) es f\u00edsica, astr\u00f3noma y una conocida divulgadora cient\u00edfica, especializada en el campo de la contaminaci\u00f3n lum\u00ednica. Adem\u00e1s, preside la compa\u00f1\u00eda Lum\u00ednica Ambiental, asentada en el Pa\u00eds Vasco, y es miembro del Comit\u00e9 Espa\u00f1ol de Iluminaci\u00f3n, adem\u00e1s de colaboradora y auditora de la Fundaci\u00f3n Starlight (creada por el Instituto de Astrof\u00edsica de Canarias y asociada a la UNESCO, la Organizaci\u00f3n Mundial del Turismo y la Uni\u00f3n Astron\u00f3mica Internacional) y forma parte de Cel Fosc (Asociaci\u00f3n contra la contaminaci\u00f3n lum\u00ednica). Su labor ha sido reconocida con importantes premios y ha colaborado con el Consell Insular en el desarrollo de una normativa sobre contaminaci\u00f3n lum\u00ednica pendiente de aprobaci\u00f3n.<\/p>\n<p>Seg\u00fan Mal\u00f3n, \u201cal principio la contaminaci\u00f3n lum\u00ednica nos preocupaba \u00fanicamente a las personas que nos dedicamos a mirar el cielo y no ve\u00edamos las estrellas, pero ya en las \u00faltimas d\u00e9cadas se ha visto que, a nivel cient\u00edfico, afecta a muchos sectores o \u00e1mbitos de la ciencia m\u00e1s all\u00e1 de la astronom\u00eda, como la salud, la biodiversidad, el cambio clim\u00e1tico o la p\u00e9rdida de la cultura\u201d.<\/p>\n<p>Durante su ponencia, explicar\u00e1 que \u201cla luz artificial por la noche es un agente contaminante, pero que tiene f\u00e1cil soluci\u00f3n a nivel tecnol\u00f3gico. Esa reducci\u00f3n de la contaminaci\u00f3n lum\u00ednica no implica apagar la luz, sino poner luz donde sea necesaria, con la cantidad adecuada y el color preciso. Hay que aplicar el sentido com\u00fan y la tecnolog\u00eda, de acuerdo a nuestra realidad\u201d.<\/p>\n<p>En cuanto a la problem\u00e1tica espec\u00edfica de Ibiza, Susana Mal\u00f3n a\u00f1ade que \u201ces una isla con mucha riqueza a nivel de biodiversidad y tambi\u00e9n con una problem\u00e1tica evidente y latente con la vida nocturna. Hay que intentar conciliar ambos aspectos\u201d, ha apostillado en una entrevista concedida a Salvem sa Badia de Portmany, <a href=\"https:\/\/www.salvemsabadia.com\/es\/susana-malon-experta-en-contaminacion-luminica-ibiza-es-rica-en-biodiversidad-pero-hay-una-problematica-latente-con-la-vida-nocturna\/\" target=\"_blank\" rel=\"noopener\">publicada en este portal de Internet<\/a> el pasado lunes.<\/p>\n<p><img loading=\"lazy\" decoding=\"async\" class=\"alignnone size-full wp-image-6053\" src=\"https:\/\/www.salvemsabadia.com\/wp-content\/uploads\/2026\/03\/Cartel_Jornada.jpeg\" alt=\"\" width=\"1131\" height=\"1600\" srcset=\"https:\/\/www.salvemsabadia.com\/wp-content\/uploads\/2026\/03\/Cartel_Jornada.jpeg 1131w, https:\/\/www.salvemsabadia.com\/wp-content\/uploads\/2026\/03\/Cartel_Jornada-212x300.jpeg 212w, https:\/\/www.salvemsabadia.com\/wp-content\/uploads\/2026\/03\/Cartel_Jornada-724x1024.jpeg 724w, https:\/\/www.salvemsabadia.com\/wp-content\/uploads\/2026\/03\/Cartel_Jornada-768x1086.jpeg 768w, https:\/\/www.salvemsabadia.com\/wp-content\/uploads\/2026\/03\/Cartel_Jornada-1086x1536.jpeg 1086w\" sizes=\"auto, (max-width: 1131px) 100vw, 1131px\" \/><\/p>\n","protected":false},"excerpt":{"rendered":"<p>Este s\u00e1bado, 14 de marzo, la Asociaci\u00f3n Salvem sa Badia de Portmany celebra una jornada de conferencias sobre observaci\u00f3n astron\u00f3mica y el eclipse total que tendr\u00e1 lugar este verano. El&#8230;<\/p>\n","protected":false},"author":2,"featured_media":6039,"comment_status":"closed","ping_status":"closed","sticky":false,"template":"","format":"standard","meta":{"give_campaign_id":0,"footnotes":""},"categories":[201,204,106,10],"tags":[],"class_list":{"0":"post-6052","1":"post","2":"type-post","3":"status-publish","4":"format-standard","5":"has-post-thumbnail","7":"category-biodiversidad","8":"category-ciencia","9":"category-destacado","10":"category-salvem-sa-badia"},"yoast_head":"<!-- This site is optimized with the Yoast SEO plugin v26.8 - https:\/\/yoast.com\/product\/yoast-seo-wordpress\/ -->\n<title>Salvem sa Badia organiza una jornada abierta sobre el eclipse total, con la divulgadora Susana Mal\u00f3n y la Agrupaci\u00f3n Astron\u00f3mica de Ibiza - Salvem Sa Badia de Portmany<\/title>\n<meta name=\"robots\" content=\"index, follow, max-snippet:-1, max-image-preview:large, max-video-preview:-1\" \/>\n<link rel=\"canonical\" href=\"https:\/\/www.salvemsabadia.com\/es\/salvem-sa-badia-organiza-una-jornada-abierta-sobre-el-eclipse-total-con-la-divulgadora-susana-malon-y-la-agrupacion-astronomica-de-ibiza\/\" \/>\n<meta property=\"og:locale\" content=\"es_ES\" \/>\n<meta property=\"og:type\" content=\"article\" \/>\n<meta property=\"og:title\" content=\"Salvem sa Badia organiza una jornada abierta sobre el eclipse total, con la divulgadora Susana Mal\u00f3n y la Agrupaci\u00f3n Astron\u00f3mica de Ibiza - Salvem Sa Badia de Portmany\" \/>\n<meta property=\"og:description\" content=\"Este s\u00e1bado, 14 de marzo, la Asociaci\u00f3n Salvem sa Badia de Portmany celebra una jornada de conferencias sobre observaci\u00f3n astron\u00f3mica y el eclipse total que tendr\u00e1 lugar este verano. El...\" \/>\n<meta property=\"og:url\" content=\"https:\/\/www.salvemsabadia.com\/es\/salvem-sa-badia-organiza-una-jornada-abierta-sobre-el-eclipse-total-con-la-divulgadora-susana-malon-y-la-agrupacion-astronomica-de-ibiza\/\" \/>\n<meta property=\"og:site_name\" content=\"Salvem Sa Badia de Portmany\" \/>\n<meta property=\"article:published_time\" content=\"2026-03-11T09:08:45+00:00\" \/>\n<meta property=\"article:modified_time\" content=\"2026-03-11T09:11:24+00:00\" \/>\n<meta property=\"og:image\" content=\"https:\/\/www.salvemsabadia.com\/wp-content\/uploads\/2026\/03\/jongsun-lee-F-pSZO_jeE8-unsplash.-recjpg.jpg\" \/>\n\t<meta property=\"og:image:width\" content=\"1400\" \/>\n\t<meta property=\"og:image:height\" content=\"933\" \/>\n\t<meta property=\"og:image:type\" content=\"image\/jpeg\" \/>\n<meta name=\"author\" content=\"Salvem sa Badia\" \/>\n<meta name=\"twitter:card\" content=\"summary_large_image\" \/>\n<meta name=\"twitter:label1\" content=\"Escrito por\" \/>\n\t<meta name=\"twitter:data1\" content=\"Salvem sa Badia\" \/>\n\t<meta name=\"twitter:label2\" content=\"Tiempo de lectura\" \/>\n\t<meta name=\"twitter:data2\" content=\"4 minutos\" \/>\n<script type=\"application\/ld+json\" class=\"yoast-schema-graph\">{\"@context\":\"https:\/\/schema.org\",\"@graph\":[{\"@type\":\"Article\",\"@id\":\"https:\/\/www.salvemsabadia.com\/es\/salvem-sa-badia-organiza-una-jornada-abierta-sobre-el-eclipse-total-con-la-divulgadora-susana-malon-y-la-agrupacion-astronomica-de-ibiza\/#article\",\"isPartOf\":{\"@id\":\"https:\/\/www.salvemsabadia.com\/es\/salvem-sa-badia-organiza-una-jornada-abierta-sobre-el-eclipse-total-con-la-divulgadora-susana-malon-y-la-agrupacion-astronomica-de-ibiza\/\"},\"author\":{\"name\":\"Salvem sa Badia\",\"@id\":\"https:\/\/www.salvemsabadia.com\/#\/schema\/person\/5d08c5118adcb4140d13bde4826ba122\"},\"headline\":\"Salvem sa Badia organiza una jornada abierta sobre el eclipse total, con la divulgadora Susana Mal\u00f3n y la Agrupaci\u00f3n Astron\u00f3mica de Ibiza\",\"datePublished\":\"2026-03-11T09:08:45+00:00\",\"dateModified\":\"2026-03-11T09:11:24+00:00\",\"mainEntityOfPage\":{\"@id\":\"https:\/\/www.salvemsabadia.com\/es\/salvem-sa-badia-organiza-una-jornada-abierta-sobre-el-eclipse-total-con-la-divulgadora-susana-malon-y-la-agrupacion-astronomica-de-ibiza\/\"},\"wordCount\":681,\"publisher\":{\"@id\":\"https:\/\/www.salvemsabadia.com\/#organization\"},\"image\":{\"@id\":\"https:\/\/www.salvemsabadia.com\/es\/salvem-sa-badia-organiza-una-jornada-abierta-sobre-el-eclipse-total-con-la-divulgadora-susana-malon-y-la-agrupacion-astronomica-de-ibiza\/#primaryimage\"},\"thumbnailUrl\":\"https:\/\/www.salvemsabadia.com\/wp-content\/uploads\/2026\/03\/jongsun-lee-F-pSZO_jeE8-unsplash.-recjpg.jpg\",\"articleSection\":[\"Biodiversidad\",\"Ciencia\",\"Destacado\",\"Salvem Sa Badia\"],\"inLanguage\":\"es\"},{\"@type\":\"WebPage\",\"@id\":\"https:\/\/www.salvemsabadia.com\/es\/salvem-sa-badia-organiza-una-jornada-abierta-sobre-el-eclipse-total-con-la-divulgadora-susana-malon-y-la-agrupacion-astronomica-de-ibiza\/\",\"url\":\"https:\/\/www.salvemsabadia.com\/es\/salvem-sa-badia-organiza-una-jornada-abierta-sobre-el-eclipse-total-con-la-divulgadora-susana-malon-y-la-agrupacion-astronomica-de-ibiza\/\",\"name\":\"Salvem sa Badia organiza una jornada abierta sobre el eclipse total, con la divulgadora Susana Mal\u00f3n y la Agrupaci\u00f3n Astron\u00f3mica de Ibiza - Salvem Sa Badia de Portmany\",\"isPartOf\":{\"@id\":\"https:\/\/www.salvemsabadia.com\/#website\"},\"primaryImageOfPage\":{\"@id\":\"https:\/\/www.salvemsabadia.com\/es\/salvem-sa-badia-organiza-una-jornada-abierta-sobre-el-eclipse-total-con-la-divulgadora-susana-malon-y-la-agrupacion-astronomica-de-ibiza\/#primaryimage\"},\"image\":{\"@id\":\"https:\/\/www.salvemsabadia.com\/es\/salvem-sa-badia-organiza-una-jornada-abierta-sobre-el-eclipse-total-con-la-divulgadora-susana-malon-y-la-agrupacion-astronomica-de-ibiza\/#primaryimage\"},\"thumbnailUrl\":\"https:\/\/www.salvemsabadia.com\/wp-content\/uploads\/2026\/03\/jongsun-lee-F-pSZO_jeE8-unsplash.-recjpg.jpg\",\"datePublished\":\"2026-03-11T09:08:45+00:00\",\"dateModified\":\"2026-03-11T09:11:24+00:00\",\"breadcrumb\":{\"@id\":\"https:\/\/www.salvemsabadia.com\/es\/salvem-sa-badia-organiza-una-jornada-abierta-sobre-el-eclipse-total-con-la-divulgadora-susana-malon-y-la-agrupacion-astronomica-de-ibiza\/#breadcrumb\"},\"inLanguage\":\"es\",\"potentialAction\":[{\"@type\":\"ReadAction\",\"target\":[\"https:\/\/www.salvemsabadia.com\/es\/salvem-sa-badia-organiza-una-jornada-abierta-sobre-el-eclipse-total-con-la-divulgadora-susana-malon-y-la-agrupacion-astronomica-de-ibiza\/\"]}]},{\"@type\":\"ImageObject\",\"inLanguage\":\"es\",\"@id\":\"https:\/\/www.salvemsabadia.com\/es\/salvem-sa-badia-organiza-una-jornada-abierta-sobre-el-eclipse-total-con-la-divulgadora-susana-malon-y-la-agrupacion-astronomica-de-ibiza\/#primaryimage\",\"url\":\"https:\/\/www.salvemsabadia.com\/wp-content\/uploads\/2026\/03\/jongsun-lee-F-pSZO_jeE8-unsplash.-recjpg.jpg\",\"contentUrl\":\"https:\/\/www.salvemsabadia.com\/wp-content\/uploads\/2026\/03\/jongsun-lee-F-pSZO_jeE8-unsplash.-recjpg.jpg\",\"width\":1400,\"height\":933},{\"@type\":\"BreadcrumbList\",\"@id\":\"https:\/\/www.salvemsabadia.com\/es\/salvem-sa-badia-organiza-una-jornada-abierta-sobre-el-eclipse-total-con-la-divulgadora-susana-malon-y-la-agrupacion-astronomica-de-ibiza\/#breadcrumb\",\"itemListElement\":[{\"@type\":\"ListItem\",\"position\":1,\"name\":\"Portada\",\"item\":\"https:\/\/www.salvemsabadia.com\/es\/\"},{\"@type\":\"ListItem\",\"position\":2,\"name\":\"Salvem sa Badia organiza una jornada abierta sobre el eclipse total, con la divulgadora Susana Mal\u00f3n y la Agrupaci\u00f3n Astron\u00f3mica de Ibiza\"}]},{\"@type\":\"WebSite\",\"@id\":\"https:\/\/www.salvemsabadia.com\/#website\",\"url\":\"https:\/\/www.salvemsabadia.com\/\",\"name\":\"Salvem Sa Badia de Portmany\",\"description\":\"\",\"publisher\":{\"@id\":\"https:\/\/www.salvemsabadia.com\/#organization\"},\"potentialAction\":[{\"@type\":\"SearchAction\",\"target\":{\"@type\":\"EntryPoint\",\"urlTemplate\":\"https:\/\/www.salvemsabadia.com\/?s={search_term_string}\"},\"query-input\":{\"@type\":\"PropertyValueSpecification\",\"valueRequired\":true,\"valueName\":\"search_term_string\"}}],\"inLanguage\":\"es\"},{\"@type\":\"Organization\",\"@id\":\"https:\/\/www.salvemsabadia.com\/#organization\",\"name\":\"Salvem Sa Badia de Portmany\",\"url\":\"https:\/\/www.salvemsabadia.com\/\",\"logo\":{\"@type\":\"ImageObject\",\"inLanguage\":\"es\",\"@id\":\"https:\/\/www.salvemsabadia.com\/#\/schema\/logo\/image\/\",\"url\":\"https:\/\/www.salvemsabadia.com\/wp-content\/uploads\/2020\/03\/logo.png\",\"contentUrl\":\"https:\/\/www.salvemsabadia.com\/wp-content\/uploads\/2020\/03\/logo.png\",\"width\":188,\"height\":151,\"caption\":\"Salvem Sa Badia de Portmany\"},\"image\":{\"@id\":\"https:\/\/www.salvemsabadia.com\/#\/schema\/logo\/image\/\"}},{\"@type\":\"Person\",\"@id\":\"https:\/\/www.salvemsabadia.com\/#\/schema\/person\/5d08c5118adcb4140d13bde4826ba122\",\"name\":\"Salvem sa Badia\",\"image\":{\"@type\":\"ImageObject\",\"inLanguage\":\"es\",\"@id\":\"https:\/\/www.salvemsabadia.com\/#\/schema\/person\/image\/\",\"url\":\"https:\/\/secure.gravatar.com\/avatar\/d569ee5739a9c7022470ea472c9b4b9cf476e15f1be71e5242c911d673d14ad9?s=96&d=mm&r=g\",\"contentUrl\":\"https:\/\/secure.gravatar.com\/avatar\/d569ee5739a9c7022470ea472c9b4b9cf476e15f1be71e5242c911d673d14ad9?s=96&d=mm&r=g\",\"caption\":\"Salvem sa Badia\"}}]}<\/script>\n<!-- \/ Yoast SEO plugin. -->","yoast_head_json":{"title":"Salvem sa Badia organiza una jornada abierta sobre el eclipse total, con la divulgadora Susana Mal\u00f3n y la Agrupaci\u00f3n Astron\u00f3mica de Ibiza - Salvem Sa Badia de Portmany","robots":{"index":"index","follow":"follow","max-snippet":"max-snippet:-1","max-image-preview":"max-image-preview:large","max-video-preview":"max-video-preview:-1"},"canonical":"https:\/\/www.salvemsabadia.com\/es\/salvem-sa-badia-organiza-una-jornada-abierta-sobre-el-eclipse-total-con-la-divulgadora-susana-malon-y-la-agrupacion-astronomica-de-ibiza\/","og_locale":"es_ES","og_type":"article","og_title":"Salvem sa Badia organiza una jornada abierta sobre el eclipse total, con la divulgadora Susana Mal\u00f3n y la Agrupaci\u00f3n Astron\u00f3mica de Ibiza - Salvem Sa Badia de Portmany","og_description":"Este s\u00e1bado, 14 de marzo, la Asociaci\u00f3n Salvem sa Badia de Portmany celebra una jornada de conferencias sobre observaci\u00f3n astron\u00f3mica y el eclipse total que tendr\u00e1 lugar este verano. El...","og_url":"https:\/\/www.salvemsabadia.com\/es\/salvem-sa-badia-organiza-una-jornada-abierta-sobre-el-eclipse-total-con-la-divulgadora-susana-malon-y-la-agrupacion-astronomica-de-ibiza\/","og_site_name":"Salvem Sa Badia de Portmany","article_published_time":"2026-03-11T09:08:45+00:00","article_modified_time":"2026-03-11T09:11:24+00:00","og_image":[{"width":1400,"height":933,"url":"https:\/\/www.salvemsabadia.com\/wp-content\/uploads\/2026\/03\/jongsun-lee-F-pSZO_jeE8-unsplash.-recjpg.jpg","type":"image\/jpeg"}],"author":"Salvem sa Badia","twitter_card":"summary_large_image","twitter_misc":{"Escrito por":"Salvem sa Badia","Tiempo de lectura":"4 minutos"},"schema":{"@context":"https:\/\/schema.org","@graph":[{"@type":"Article","@id":"https:\/\/www.salvemsabadia.com\/es\/salvem-sa-badia-organiza-una-jornada-abierta-sobre-el-eclipse-total-con-la-divulgadora-susana-malon-y-la-agrupacion-astronomica-de-ibiza\/#article","isPartOf":{"@id":"https:\/\/www.salvemsabadia.com\/es\/salvem-sa-badia-organiza-una-jornada-abierta-sobre-el-eclipse-total-con-la-divulgadora-susana-malon-y-la-agrupacion-astronomica-de-ibiza\/"},"author":{"name":"Salvem sa Badia","@id":"https:\/\/www.salvemsabadia.com\/#\/schema\/person\/5d08c5118adcb4140d13bde4826ba122"},"headline":"Salvem sa Badia organiza una jornada abierta sobre el eclipse total, con la divulgadora Susana Mal\u00f3n y la Agrupaci\u00f3n Astron\u00f3mica de Ibiza","datePublished":"2026-03-11T09:08:45+00:00","dateModified":"2026-03-11T09:11:24+00:00","mainEntityOfPage":{"@id":"https:\/\/www.salvemsabadia.com\/es\/salvem-sa-badia-organiza-una-jornada-abierta-sobre-el-eclipse-total-con-la-divulgadora-susana-malon-y-la-agrupacion-astronomica-de-ibiza\/"},"wordCount":681,"publisher":{"@id":"https:\/\/www.salvemsabadia.com\/#organization"},"image":{"@id":"https:\/\/www.salvemsabadia.com\/es\/salvem-sa-badia-organiza-una-jornada-abierta-sobre-el-eclipse-total-con-la-divulgadora-susana-malon-y-la-agrupacion-astronomica-de-ibiza\/#primaryimage"},"thumbnailUrl":"https:\/\/www.salvemsabadia.com\/wp-content\/uploads\/2026\/03\/jongsun-lee-F-pSZO_jeE8-unsplash.-recjpg.jpg","articleSection":["Biodiversidad","Ciencia","Destacado","Salvem Sa Badia"],"inLanguage":"es"},{"@type":"WebPage","@id":"https:\/\/www.salvemsabadia.com\/es\/salvem-sa-badia-organiza-una-jornada-abierta-sobre-el-eclipse-total-con-la-divulgadora-susana-malon-y-la-agrupacion-astronomica-de-ibiza\/","url":"https:\/\/www.salvemsabadia.com\/es\/salvem-sa-badia-organiza-una-jornada-abierta-sobre-el-eclipse-total-con-la-divulgadora-susana-malon-y-la-agrupacion-astronomica-de-ibiza\/","name":"Salvem sa Badia organiza una jornada abierta sobre el eclipse total, con la divulgadora Susana Mal\u00f3n y la Agrupaci\u00f3n Astron\u00f3mica de Ibiza - Salvem Sa Badia de Portmany","isPartOf":{"@id":"https:\/\/www.salvemsabadia.com\/#website"},"primaryImageOfPage":{"@id":"https:\/\/www.salvemsabadia.com\/es\/salvem-sa-badia-organiza-una-jornada-abierta-sobre-el-eclipse-total-con-la-divulgadora-susana-malon-y-la-agrupacion-astronomica-de-ibiza\/#primaryimage"},"image":{"@id":"https:\/\/www.salvemsabadia.com\/es\/salvem-sa-badia-organiza-una-jornada-abierta-sobre-el-eclipse-total-con-la-divulgadora-susana-malon-y-la-agrupacion-astronomica-de-ibiza\/#primaryimage"},"thumbnailUrl":"https:\/\/www.salvemsabadia.com\/wp-content\/uploads\/2026\/03\/jongsun-lee-F-pSZO_jeE8-unsplash.-recjpg.jpg","datePublished":"2026-03-11T09:08:45+00:00","dateModified":"2026-03-11T09:11:24+00:00","breadcrumb":{"@id":"https:\/\/www.salvemsabadia.com\/es\/salvem-sa-badia-organiza-una-jornada-abierta-sobre-el-eclipse-total-con-la-divulgadora-susana-malon-y-la-agrupacion-astronomica-de-ibiza\/#breadcrumb"},"inLanguage":"es","potentialAction":[{"@type":"ReadAction","target":["https:\/\/www.salvemsabadia.com\/es\/salvem-sa-badia-organiza-una-jornada-abierta-sobre-el-eclipse-total-con-la-divulgadora-susana-malon-y-la-agrupacion-astronomica-de-ibiza\/"]}]},{"@type":"ImageObject","inLanguage":"es","@id":"https:\/\/www.salvemsabadia.com\/es\/salvem-sa-badia-organiza-una-jornada-abierta-sobre-el-eclipse-total-con-la-divulgadora-susana-malon-y-la-agrupacion-astronomica-de-ibiza\/#primaryimage","url":"https:\/\/www.salvemsabadia.com\/wp-content\/uploads\/2026\/03\/jongsun-lee-F-pSZO_jeE8-unsplash.-recjpg.jpg","contentUrl":"https:\/\/www.salvemsabadia.com\/wp-content\/uploads\/2026\/03\/jongsun-lee-F-pSZO_jeE8-unsplash.-recjpg.jpg","width":1400,"height":933},{"@type":"BreadcrumbList","@id":"https:\/\/www.salvemsabadia.com\/es\/salvem-sa-badia-organiza-una-jornada-abierta-sobre-el-eclipse-total-con-la-divulgadora-susana-malon-y-la-agrupacion-astronomica-de-ibiza\/#breadcrumb","itemListElement":[{"@type":"ListItem","position":1,"name":"Portada","item":"https:\/\/www.salvemsabadia.com\/es\/"},{"@type":"ListItem","position":2,"name":"Salvem sa Badia organiza una jornada abierta sobre el eclipse total, con la divulgadora Susana Mal\u00f3n y la Agrupaci\u00f3n Astron\u00f3mica de Ibiza"}]},{"@type":"WebSite","@id":"https:\/\/www.salvemsabadia.com\/#website","url":"https:\/\/www.salvemsabadia.com\/","name":"Salvem Sa Badia de Portmany","description":"","publisher":{"@id":"https:\/\/www.salvemsabadia.com\/#organization"},"potentialAction":[{"@type":"SearchAction","target":{"@type":"EntryPoint","urlTemplate":"https:\/\/www.salvemsabadia.com\/?s={search_term_string}"},"query-input":{"@type":"PropertyValueSpecification","valueRequired":true,"valueName":"search_term_string"}}],"inLanguage":"es"},{"@type":"Organization","@id":"https:\/\/www.salvemsabadia.com\/#organization","name":"Salvem Sa Badia de Portmany","url":"https:\/\/www.salvemsabadia.com\/","logo":{"@type":"ImageObject","inLanguage":"es","@id":"https:\/\/www.salvemsabadia.com\/#\/schema\/logo\/image\/","url":"https:\/\/www.salvemsabadia.com\/wp-content\/uploads\/2020\/03\/logo.png","contentUrl":"https:\/\/www.salvemsabadia.com\/wp-content\/uploads\/2020\/03\/logo.png","width":188,"height":151,"caption":"Salvem Sa Badia de Portmany"},"image":{"@id":"https:\/\/www.salvemsabadia.com\/#\/schema\/logo\/image\/"}},{"@type":"Person","@id":"https:\/\/www.salvemsabadia.com\/#\/schema\/person\/5d08c5118adcb4140d13bde4826ba122","name":"Salvem sa Badia","image":{"@type":"ImageObject","inLanguage":"es","@id":"https:\/\/www.salvemsabadia.com\/#\/schema\/person\/image\/","url":"https:\/\/secure.gravatar.com\/avatar\/d569ee5739a9c7022470ea472c9b4b9cf476e15f1be71e5242c911d673d14ad9?s=96&d=mm&r=g","contentUrl":"https:\/\/secure.gravatar.com\/avatar\/d569ee5739a9c7022470ea472c9b4b9cf476e15f1be71e5242c911d673d14ad9?s=96&d=mm&r=g","caption":"Salvem sa Badia"}}]}},"_links":{"self":[{"href":"https:\/\/www.salvemsabadia.com\/es\/wp-json\/wp\/v2\/posts\/6052","targetHints":{"allow":["GET"]}}],"collection":[{"href":"https:\/\/www.salvemsabadia.com\/es\/wp-json\/wp\/v2\/posts"}],"about":[{"href":"https:\/\/www.salvemsabadia.com\/es\/wp-json\/wp\/v2\/types\/post"}],"author":[{"embeddable":true,"href":"https:\/\/www.salvemsabadia.com\/es\/wp-json\/wp\/v2\/users\/2"}],"replies":[{"embeddable":true,"href":"https:\/\/www.salvemsabadia.com\/es\/wp-json\/wp\/v2\/comments?post=6052"}],"version-history":[{"count":2,"href":"https:\/\/www.salvemsabadia.com\/es\/wp-json\/wp\/v2\/posts\/6052\/revisions"}],"predecessor-version":[{"id":6060,"href":"https:\/\/www.salvemsabadia.com\/es\/wp-json\/wp\/v2\/posts\/6052\/revisions\/6060"}],"wp:featuredmedia":[{"embeddable":true,"href":"https:\/\/www.salvemsabadia.com\/es\/wp-json\/wp\/v2\/media\/6039"}],"wp:attachment":[{"href":"https:\/\/www.salvemsabadia.com\/es\/wp-json\/wp\/v2\/media?parent=6052"}],"wp:term":[{"taxonomy":"category","embeddable":true,"href":"https:\/\/www.salvemsabadia.com\/es\/wp-json\/wp\/v2\/categories?post=6052"},{"taxonomy":"post_tag","embeddable":true,"href":"https:\/\/www.salvemsabadia.com\/es\/wp-json\/wp\/v2\/tags?post=6052"}],"curies":[{"name":"wp","href":"https:\/\/api.w.org\/{rel}","templated":true}]}}