{"id":6073,"date":"2026-03-16T15:21:29","date_gmt":"2026-03-16T14:21:29","guid":{"rendered":"https:\/\/www.salvemsabadia.com\/?p=6073"},"modified":"2026-03-16T15:21:29","modified_gmt":"2026-03-16T14:21:29","slug":"mas-de-cincuenta-personas-acuden-a-la-jornada-sobre-el-eclipse-total-del-proximo-verano","status":"publish","type":"post","link":"https:\/\/www.salvemsabadia.com\/es\/mas-de-cincuenta-personas-acuden-a-la-jornada-sobre-el-eclipse-total-del-proximo-verano\/","title":{"rendered":"M\u00e1s de cincuenta personas acuden a la jornada sobre el eclipse total del pr\u00f3ximo verano"},"content":{"rendered":"<p><img loading=\"lazy\" decoding=\"async\" class=\"alignnone size-full wp-image-6074\" src=\"https:\/\/www.salvemsabadia.com\/wp-content\/uploads\/2026\/03\/Foto-SSBP-AAE-Susana-scaled.jpeg\" alt=\"\" width=\"2560\" height=\"1920\" srcset=\"https:\/\/www.salvemsabadia.com\/wp-content\/uploads\/2026\/03\/Foto-SSBP-AAE-Susana-scaled.jpeg 2560w, https:\/\/www.salvemsabadia.com\/wp-content\/uploads\/2026\/03\/Foto-SSBP-AAE-Susana-300x225.jpeg 300w, https:\/\/www.salvemsabadia.com\/wp-content\/uploads\/2026\/03\/Foto-SSBP-AAE-Susana-1024x768.jpeg 1024w, https:\/\/www.salvemsabadia.com\/wp-content\/uploads\/2026\/03\/Foto-SSBP-AAE-Susana-768x576.jpeg 768w, https:\/\/www.salvemsabadia.com\/wp-content\/uploads\/2026\/03\/Foto-SSBP-AAE-Susana-1536x1152.jpeg 1536w, https:\/\/www.salvemsabadia.com\/wp-content\/uploads\/2026\/03\/Foto-SSBP-AAE-Susana-2048x1536.jpeg 2048w\" sizes=\"auto, (max-width: 2560px) 100vw, 2560px\" \/>M\u00e1s de medio centenar de personas acudieron el s\u00e1bado a la jornada de conferencias sobre observaci\u00f3n astron\u00f3mica y el eclipse total que tendr\u00e1 lugar este verano, organizada por la Asociaci\u00f3n Salvem sa Badia de Portmany. El evento cont\u00f3 con la participaci\u00f3n de la divulgadora cient\u00edfica Susana Mal\u00f3n, una autoridad sobre los efectos de la contaminaci\u00f3n lum\u00ednica y las formas de prevenirla, que ofreci\u00f3 una ponencia titulada \u2018Conservar el cielo estrellado\u2019. Tambi\u00e9n participaron Chus Palomeque y Pedro P\u00e9rez, de la Agrupaci\u00f3n Astron\u00f3mica de Ibiza (AEE), que se centraron en el eclipse del 12 de agosto. El evento tuvo lugar en el sal\u00f3n social del Club N\u00e0utic Sant Antoni e incluy\u00f3 talleres infantiles para que los padres pudiesen asistir a las charlas, de los que se beneficiaron un total de trece ni\u00f1os y ni\u00f1as.<\/p>\n<p>El mensaje principal que transmiti\u00f3 Susana Mal\u00f3n durante su charla es que la contaminaci\u00f3n lum\u00ednica tiene la particularidad de ser totalmente reversible y de manera inmediata, a trav\u00e9s de medios tecnol\u00f3gicamente sencillos. \u201cTenemos toda la tecnolog\u00eda para hacerlo. S\u00f3lo falta concienciaci\u00f3n y la voluntad de las administraciones\u201d, dijo. Antes, se centr\u00f3 en aspectos como los da\u00f1os que la luz blanca por la noche genera en la flora y la fauna, y tambi\u00e9n los problemas que tiene para el ser humano, al provocar que el cuerpo deje de segregar melatonina. Igualmente, derrib\u00f3 el mito de que, a m\u00e1s luz, mayor seguridad.<\/p>\n<p><img loading=\"lazy\" decoding=\"async\" class=\"alignnone size-full wp-image-6077\" src=\"https:\/\/www.salvemsabadia.com\/wp-content\/uploads\/2026\/03\/IMG-20260315-WA0035-scaled.jpg\" alt=\"\" width=\"2560\" height=\"1928\" srcset=\"https:\/\/www.salvemsabadia.com\/wp-content\/uploads\/2026\/03\/IMG-20260315-WA0035-scaled.jpg 2560w, https:\/\/www.salvemsabadia.com\/wp-content\/uploads\/2026\/03\/IMG-20260315-WA0035-300x226.jpg 300w, https:\/\/www.salvemsabadia.com\/wp-content\/uploads\/2026\/03\/IMG-20260315-WA0035-1024x771.jpg 1024w, https:\/\/www.salvemsabadia.com\/wp-content\/uploads\/2026\/03\/IMG-20260315-WA0035-768x578.jpg 768w, https:\/\/www.salvemsabadia.com\/wp-content\/uploads\/2026\/03\/IMG-20260315-WA0035-1536x1157.jpg 1536w, https:\/\/www.salvemsabadia.com\/wp-content\/uploads\/2026\/03\/IMG-20260315-WA0035-2048x1542.jpg 2048w\" sizes=\"auto, (max-width: 2560px) 100vw, 2560px\" \/>Por otro lado, la agrupaci\u00f3n Astron\u00f3mica de Ibiza inform\u00f3 de los eclipses importantes que podr\u00e1n observarse en Espa\u00f1a en los pr\u00f3ximos a\u00f1os. Tambi\u00e9n introdujo a los asistentes en las distintas tipolog\u00edas de eclipses y hasta se realiz\u00f3 una simulaci\u00f3n de c\u00f3mo ser\u00e1 el del 12 de agosto. Respecto a la seguridad, indicaron que para observar el eclipse hay que utilizar gafas certificadas con la norma ISO 12312-2, ya que, de lo contrario, se pueden sufrir lesiones oculares graves e irreversibles.<\/p>\n<p>En cuanto a los talleres para ni\u00f1os y ni\u00f1as realizados por Guardianes de la Mar, los participantes pudieron participar en una gincana, tejieron constelaciones con hilo y aprendieron sobre organismos bioluminiscentes y sobre el eclipse, entre otras actividades.<\/p>\n<p><img loading=\"lazy\" decoding=\"async\" class=\"alignnone size-full wp-image-6075\" src=\"https:\/\/www.salvemsabadia.com\/wp-content\/uploads\/2026\/03\/IMG_20260314_173855-scaled.jpg\" alt=\"\" width=\"2560\" height=\"1920\" srcset=\"https:\/\/www.salvemsabadia.com\/wp-content\/uploads\/2026\/03\/IMG_20260314_173855-scaled.jpg 2560w, https:\/\/www.salvemsabadia.com\/wp-content\/uploads\/2026\/03\/IMG_20260314_173855-300x225.jpg 300w, https:\/\/www.salvemsabadia.com\/wp-content\/uploads\/2026\/03\/IMG_20260314_173855-1024x768.jpg 1024w, https:\/\/www.salvemsabadia.com\/wp-content\/uploads\/2026\/03\/IMG_20260314_173855-768x576.jpg 768w, https:\/\/www.salvemsabadia.com\/wp-content\/uploads\/2026\/03\/IMG_20260314_173855-1536x1152.jpg 1536w, https:\/\/www.salvemsabadia.com\/wp-content\/uploads\/2026\/03\/IMG_20260314_173855-2048x1536.jpg 2048w\" sizes=\"auto, (max-width: 2560px) 100vw, 2560px\" \/>Los asistentes tambi\u00e9n expresaron mediante tarjetas sus deseos para la bah\u00eda dentro de diez a\u00f1os. En su inmensa mayor\u00eda manifestaron que la quer\u00edan con menos turismo, contaminaci\u00f3n y embarcaciones, y con m\u00e1s tranquilidad, ambiente familiar, \u00e1rboles y respeto. Al t\u00e9rmino del evento, seis personas solicitaron integrarse como asociados en Salvem sa Badia de Portmany.<\/p>\n","protected":false},"excerpt":{"rendered":"<p>M\u00e1s de medio centenar de personas acudieron el s\u00e1bado a la jornada de conferencias sobre observaci\u00f3n astron\u00f3mica y el eclipse total que tendr\u00e1 lugar este verano, organizada por la Asociaci\u00f3n&#8230;<\/p>\n","protected":false},"author":2,"featured_media":6074,"comment_status":"closed","ping_status":"closed","sticky":false,"template":"","format":"standard","meta":{"give_campaign_id":0,"footnotes":""},"categories":[201,204,106,10],"tags":[],"class_list":{"0":"post-6073","1":"post","2":"type-post","3":"status-publish","4":"format-standard","5":"has-post-thumbnail","7":"category-biodiversidad","8":"category-ciencia","9":"category-destacado","10":"category-salvem-sa-badia"},"yoast_head":"<!-- This site is optimized with the Yoast SEO plugin v26.8 - https:\/\/yoast.com\/product\/yoast-seo-wordpress\/ -->\n<title>M\u00e1s de cincuenta personas acuden a la jornada sobre el eclipse total del pr\u00f3ximo verano - Salvem Sa Badia de Portmany<\/title>\n<meta name=\"robots\" content=\"index, follow, max-snippet:-1, max-image-preview:large, max-video-preview:-1\" \/>\n<link rel=\"canonical\" href=\"https:\/\/www.salvemsabadia.com\/es\/mas-de-cincuenta-personas-acuden-a-la-jornada-sobre-el-eclipse-total-del-proximo-verano\/\" \/>\n<meta property=\"og:locale\" content=\"es_ES\" \/>\n<meta property=\"og:type\" content=\"article\" \/>\n<meta property=\"og:title\" content=\"M\u00e1s de cincuenta personas acuden a la jornada sobre el eclipse total del pr\u00f3ximo verano - Salvem Sa Badia de Portmany\" \/>\n<meta property=\"og:description\" content=\"M\u00e1s de medio centenar de personas acudieron el s\u00e1bado a la jornada de conferencias sobre observaci\u00f3n astron\u00f3mica y el eclipse total que tendr\u00e1 lugar este verano, organizada por la Asociaci\u00f3n...\" \/>\n<meta property=\"og:url\" content=\"https:\/\/www.salvemsabadia.com\/es\/mas-de-cincuenta-personas-acuden-a-la-jornada-sobre-el-eclipse-total-del-proximo-verano\/\" \/>\n<meta property=\"og:site_name\" content=\"Salvem Sa Badia de Portmany\" \/>\n<meta property=\"article:published_time\" content=\"2026-03-16T14:21:29+00:00\" \/>\n<meta property=\"og:image\" content=\"https:\/\/www.salvemsabadia.com\/wp-content\/uploads\/2026\/03\/Foto-SSBP-AAE-Susana-scaled.jpeg\" \/>\n\t<meta property=\"og:image:width\" content=\"2560\" \/>\n\t<meta property=\"og:image:height\" content=\"1920\" \/>\n\t<meta property=\"og:image:type\" content=\"image\/jpeg\" \/>\n<meta name=\"author\" content=\"Salvem sa Badia\" \/>\n<meta name=\"twitter:card\" content=\"summary_large_image\" \/>\n<meta name=\"twitter:label1\" content=\"Escrito por\" \/>\n\t<meta name=\"twitter:data1\" content=\"Salvem sa Badia\" \/>\n\t<meta name=\"twitter:label2\" content=\"Tiempo de lectura\" \/>\n\t<meta name=\"twitter:data2\" content=\"4 minutos\" \/>\n<script type=\"application\/ld+json\" class=\"yoast-schema-graph\">{\"@context\":\"https:\/\/schema.org\",\"@graph\":[{\"@type\":\"Article\",\"@id\":\"https:\/\/www.salvemsabadia.com\/es\/mas-de-cincuenta-personas-acuden-a-la-jornada-sobre-el-eclipse-total-del-proximo-verano\/#article\",\"isPartOf\":{\"@id\":\"https:\/\/www.salvemsabadia.com\/es\/mas-de-cincuenta-personas-acuden-a-la-jornada-sobre-el-eclipse-total-del-proximo-verano\/\"},\"author\":{\"name\":\"Salvem sa Badia\",\"@id\":\"https:\/\/www.salvemsabadia.com\/#\/schema\/person\/5d08c5118adcb4140d13bde4826ba122\"},\"headline\":\"M\u00e1s de cincuenta personas acuden a la jornada sobre el eclipse total del pr\u00f3ximo verano\",\"datePublished\":\"2026-03-16T14:21:29+00:00\",\"mainEntityOfPage\":{\"@id\":\"https:\/\/www.salvemsabadia.com\/es\/mas-de-cincuenta-personas-acuden-a-la-jornada-sobre-el-eclipse-total-del-proximo-verano\/\"},\"wordCount\":468,\"publisher\":{\"@id\":\"https:\/\/www.salvemsabadia.com\/#organization\"},\"image\":{\"@id\":\"https:\/\/www.salvemsabadia.com\/es\/mas-de-cincuenta-personas-acuden-a-la-jornada-sobre-el-eclipse-total-del-proximo-verano\/#primaryimage\"},\"thumbnailUrl\":\"https:\/\/www.salvemsabadia.com\/wp-content\/uploads\/2026\/03\/Foto-SSBP-AAE-Susana-scaled.jpeg\",\"articleSection\":[\"Biodiversidad\",\"Ciencia\",\"Destacado\",\"Salvem Sa Badia\"],\"inLanguage\":\"es\"},{\"@type\":\"WebPage\",\"@id\":\"https:\/\/www.salvemsabadia.com\/es\/mas-de-cincuenta-personas-acuden-a-la-jornada-sobre-el-eclipse-total-del-proximo-verano\/\",\"url\":\"https:\/\/www.salvemsabadia.com\/es\/mas-de-cincuenta-personas-acuden-a-la-jornada-sobre-el-eclipse-total-del-proximo-verano\/\",\"name\":\"M\u00e1s de cincuenta personas acuden a la jornada sobre el eclipse total del pr\u00f3ximo verano - Salvem Sa Badia de Portmany\",\"isPartOf\":{\"@id\":\"https:\/\/www.salvemsabadia.com\/#website\"},\"primaryImageOfPage\":{\"@id\":\"https:\/\/www.salvemsabadia.com\/es\/mas-de-cincuenta-personas-acuden-a-la-jornada-sobre-el-eclipse-total-del-proximo-verano\/#primaryimage\"},\"image\":{\"@id\":\"https:\/\/www.salvemsabadia.com\/es\/mas-de-cincuenta-personas-acuden-a-la-jornada-sobre-el-eclipse-total-del-proximo-verano\/#primaryimage\"},\"thumbnailUrl\":\"https:\/\/www.salvemsabadia.com\/wp-content\/uploads\/2026\/03\/Foto-SSBP-AAE-Susana-scaled.jpeg\",\"datePublished\":\"2026-03-16T14:21:29+00:00\",\"breadcrumb\":{\"@id\":\"https:\/\/www.salvemsabadia.com\/es\/mas-de-cincuenta-personas-acuden-a-la-jornada-sobre-el-eclipse-total-del-proximo-verano\/#breadcrumb\"},\"inLanguage\":\"es\",\"potentialAction\":[{\"@type\":\"ReadAction\",\"target\":[\"https:\/\/www.salvemsabadia.com\/es\/mas-de-cincuenta-personas-acuden-a-la-jornada-sobre-el-eclipse-total-del-proximo-verano\/\"]}]},{\"@type\":\"ImageObject\",\"inLanguage\":\"es\",\"@id\":\"https:\/\/www.salvemsabadia.com\/es\/mas-de-cincuenta-personas-acuden-a-la-jornada-sobre-el-eclipse-total-del-proximo-verano\/#primaryimage\",\"url\":\"https:\/\/www.salvemsabadia.com\/wp-content\/uploads\/2026\/03\/Foto-SSBP-AAE-Susana-scaled.jpeg\",\"contentUrl\":\"https:\/\/www.salvemsabadia.com\/wp-content\/uploads\/2026\/03\/Foto-SSBP-AAE-Susana-scaled.jpeg\",\"width\":2560,\"height\":1920},{\"@type\":\"BreadcrumbList\",\"@id\":\"https:\/\/www.salvemsabadia.com\/es\/mas-de-cincuenta-personas-acuden-a-la-jornada-sobre-el-eclipse-total-del-proximo-verano\/#breadcrumb\",\"itemListElement\":[{\"@type\":\"ListItem\",\"position\":1,\"name\":\"Portada\",\"item\":\"https:\/\/www.salvemsabadia.com\/es\/\"},{\"@type\":\"ListItem\",\"position\":2,\"name\":\"M\u00e1s de cincuenta personas acuden a la jornada sobre el eclipse total del pr\u00f3ximo verano\"}]},{\"@type\":\"WebSite\",\"@id\":\"https:\/\/www.salvemsabadia.com\/#website\",\"url\":\"https:\/\/www.salvemsabadia.com\/\",\"name\":\"Salvem Sa Badia de Portmany\",\"description\":\"\",\"publisher\":{\"@id\":\"https:\/\/www.salvemsabadia.com\/#organization\"},\"potentialAction\":[{\"@type\":\"SearchAction\",\"target\":{\"@type\":\"EntryPoint\",\"urlTemplate\":\"https:\/\/www.salvemsabadia.com\/?s={search_term_string}\"},\"query-input\":{\"@type\":\"PropertyValueSpecification\",\"valueRequired\":true,\"valueName\":\"search_term_string\"}}],\"inLanguage\":\"es\"},{\"@type\":\"Organization\",\"@id\":\"https:\/\/www.salvemsabadia.com\/#organization\",\"name\":\"Salvem Sa Badia de Portmany\",\"url\":\"https:\/\/www.salvemsabadia.com\/\",\"logo\":{\"@type\":\"ImageObject\",\"inLanguage\":\"es\",\"@id\":\"https:\/\/www.salvemsabadia.com\/#\/schema\/logo\/image\/\",\"url\":\"https:\/\/www.salvemsabadia.com\/wp-content\/uploads\/2020\/03\/logo.png\",\"contentUrl\":\"https:\/\/www.salvemsabadia.com\/wp-content\/uploads\/2020\/03\/logo.png\",\"width\":188,\"height\":151,\"caption\":\"Salvem Sa Badia de Portmany\"},\"image\":{\"@id\":\"https:\/\/www.salvemsabadia.com\/#\/schema\/logo\/image\/\"}},{\"@type\":\"Person\",\"@id\":\"https:\/\/www.salvemsabadia.com\/#\/schema\/person\/5d08c5118adcb4140d13bde4826ba122\",\"name\":\"Salvem sa Badia\",\"image\":{\"@type\":\"ImageObject\",\"inLanguage\":\"es\",\"@id\":\"https:\/\/www.salvemsabadia.com\/#\/schema\/person\/image\/\",\"url\":\"https:\/\/secure.gravatar.com\/avatar\/d569ee5739a9c7022470ea472c9b4b9cf476e15f1be71e5242c911d673d14ad9?s=96&d=mm&r=g\",\"contentUrl\":\"https:\/\/secure.gravatar.com\/avatar\/d569ee5739a9c7022470ea472c9b4b9cf476e15f1be71e5242c911d673d14ad9?s=96&d=mm&r=g\",\"caption\":\"Salvem sa Badia\"}}]}<\/script>\n<!-- \/ Yoast SEO plugin. -->","yoast_head_json":{"title":"M\u00e1s de cincuenta personas acuden a la jornada sobre el eclipse total del pr\u00f3ximo verano - Salvem Sa Badia de Portmany","robots":{"index":"index","follow":"follow","max-snippet":"max-snippet:-1","max-image-preview":"max-image-preview:large","max-video-preview":"max-video-preview:-1"},"canonical":"https:\/\/www.salvemsabadia.com\/es\/mas-de-cincuenta-personas-acuden-a-la-jornada-sobre-el-eclipse-total-del-proximo-verano\/","og_locale":"es_ES","og_type":"article","og_title":"M\u00e1s de cincuenta personas acuden a la jornada sobre el eclipse total del pr\u00f3ximo verano - Salvem Sa Badia de Portmany","og_description":"M\u00e1s de medio centenar de personas acudieron el s\u00e1bado a la jornada de conferencias sobre observaci\u00f3n astron\u00f3mica y el eclipse total que tendr\u00e1 lugar este verano, organizada por la Asociaci\u00f3n...","og_url":"https:\/\/www.salvemsabadia.com\/es\/mas-de-cincuenta-personas-acuden-a-la-jornada-sobre-el-eclipse-total-del-proximo-verano\/","og_site_name":"Salvem Sa Badia de Portmany","article_published_time":"2026-03-16T14:21:29+00:00","og_image":[{"width":2560,"height":1920,"url":"https:\/\/www.salvemsabadia.com\/wp-content\/uploads\/2026\/03\/Foto-SSBP-AAE-Susana-scaled.jpeg","type":"image\/jpeg"}],"author":"Salvem sa Badia","twitter_card":"summary_large_image","twitter_misc":{"Escrito por":"Salvem sa Badia","Tiempo de lectura":"4 minutos"},"schema":{"@context":"https:\/\/schema.org","@graph":[{"@type":"Article","@id":"https:\/\/www.salvemsabadia.com\/es\/mas-de-cincuenta-personas-acuden-a-la-jornada-sobre-el-eclipse-total-del-proximo-verano\/#article","isPartOf":{"@id":"https:\/\/www.salvemsabadia.com\/es\/mas-de-cincuenta-personas-acuden-a-la-jornada-sobre-el-eclipse-total-del-proximo-verano\/"},"author":{"name":"Salvem sa Badia","@id":"https:\/\/www.salvemsabadia.com\/#\/schema\/person\/5d08c5118adcb4140d13bde4826ba122"},"headline":"M\u00e1s de cincuenta personas acuden a la jornada sobre el eclipse total del pr\u00f3ximo verano","datePublished":"2026-03-16T14:21:29+00:00","mainEntityOfPage":{"@id":"https:\/\/www.salvemsabadia.com\/es\/mas-de-cincuenta-personas-acuden-a-la-jornada-sobre-el-eclipse-total-del-proximo-verano\/"},"wordCount":468,"publisher":{"@id":"https:\/\/www.salvemsabadia.com\/#organization"},"image":{"@id":"https:\/\/www.salvemsabadia.com\/es\/mas-de-cincuenta-personas-acuden-a-la-jornada-sobre-el-eclipse-total-del-proximo-verano\/#primaryimage"},"thumbnailUrl":"https:\/\/www.salvemsabadia.com\/wp-content\/uploads\/2026\/03\/Foto-SSBP-AAE-Susana-scaled.jpeg","articleSection":["Biodiversidad","Ciencia","Destacado","Salvem Sa Badia"],"inLanguage":"es"},{"@type":"WebPage","@id":"https:\/\/www.salvemsabadia.com\/es\/mas-de-cincuenta-personas-acuden-a-la-jornada-sobre-el-eclipse-total-del-proximo-verano\/","url":"https:\/\/www.salvemsabadia.com\/es\/mas-de-cincuenta-personas-acuden-a-la-jornada-sobre-el-eclipse-total-del-proximo-verano\/","name":"M\u00e1s de cincuenta personas acuden a la jornada sobre el eclipse total del pr\u00f3ximo verano - Salvem Sa Badia de Portmany","isPartOf":{"@id":"https:\/\/www.salvemsabadia.com\/#website"},"primaryImageOfPage":{"@id":"https:\/\/www.salvemsabadia.com\/es\/mas-de-cincuenta-personas-acuden-a-la-jornada-sobre-el-eclipse-total-del-proximo-verano\/#primaryimage"},"image":{"@id":"https:\/\/www.salvemsabadia.com\/es\/mas-de-cincuenta-personas-acuden-a-la-jornada-sobre-el-eclipse-total-del-proximo-verano\/#primaryimage"},"thumbnailUrl":"https:\/\/www.salvemsabadia.com\/wp-content\/uploads\/2026\/03\/Foto-SSBP-AAE-Susana-scaled.jpeg","datePublished":"2026-03-16T14:21:29+00:00","breadcrumb":{"@id":"https:\/\/www.salvemsabadia.com\/es\/mas-de-cincuenta-personas-acuden-a-la-jornada-sobre-el-eclipse-total-del-proximo-verano\/#breadcrumb"},"inLanguage":"es","potentialAction":[{"@type":"ReadAction","target":["https:\/\/www.salvemsabadia.com\/es\/mas-de-cincuenta-personas-acuden-a-la-jornada-sobre-el-eclipse-total-del-proximo-verano\/"]}]},{"@type":"ImageObject","inLanguage":"es","@id":"https:\/\/www.salvemsabadia.com\/es\/mas-de-cincuenta-personas-acuden-a-la-jornada-sobre-el-eclipse-total-del-proximo-verano\/#primaryimage","url":"https:\/\/www.salvemsabadia.com\/wp-content\/uploads\/2026\/03\/Foto-SSBP-AAE-Susana-scaled.jpeg","contentUrl":"https:\/\/www.salvemsabadia.com\/wp-content\/uploads\/2026\/03\/Foto-SSBP-AAE-Susana-scaled.jpeg","width":2560,"height":1920},{"@type":"BreadcrumbList","@id":"https:\/\/www.salvemsabadia.com\/es\/mas-de-cincuenta-personas-acuden-a-la-jornada-sobre-el-eclipse-total-del-proximo-verano\/#breadcrumb","itemListElement":[{"@type":"ListItem","position":1,"name":"Portada","item":"https:\/\/www.salvemsabadia.com\/es\/"},{"@type":"ListItem","position":2,"name":"M\u00e1s de cincuenta personas acuden a la jornada sobre el eclipse total del pr\u00f3ximo verano"}]},{"@type":"WebSite","@id":"https:\/\/www.salvemsabadia.com\/#website","url":"https:\/\/www.salvemsabadia.com\/","name":"Salvem Sa Badia de Portmany","description":"","publisher":{"@id":"https:\/\/www.salvemsabadia.com\/#organization"},"potentialAction":[{"@type":"SearchAction","target":{"@type":"EntryPoint","urlTemplate":"https:\/\/www.salvemsabadia.com\/?s={search_term_string}"},"query-input":{"@type":"PropertyValueSpecification","valueRequired":true,"valueName":"search_term_string"}}],"inLanguage":"es"},{"@type":"Organization","@id":"https:\/\/www.salvemsabadia.com\/#organization","name":"Salvem Sa Badia de Portmany","url":"https:\/\/www.salvemsabadia.com\/","logo":{"@type":"ImageObject","inLanguage":"es","@id":"https:\/\/www.salvemsabadia.com\/#\/schema\/logo\/image\/","url":"https:\/\/www.salvemsabadia.com\/wp-content\/uploads\/2020\/03\/logo.png","contentUrl":"https:\/\/www.salvemsabadia.com\/wp-content\/uploads\/2020\/03\/logo.png","width":188,"height":151,"caption":"Salvem Sa Badia de Portmany"},"image":{"@id":"https:\/\/www.salvemsabadia.com\/#\/schema\/logo\/image\/"}},{"@type":"Person","@id":"https:\/\/www.salvemsabadia.com\/#\/schema\/person\/5d08c5118adcb4140d13bde4826ba122","name":"Salvem sa Badia","image":{"@type":"ImageObject","inLanguage":"es","@id":"https:\/\/www.salvemsabadia.com\/#\/schema\/person\/image\/","url":"https:\/\/secure.gravatar.com\/avatar\/d569ee5739a9c7022470ea472c9b4b9cf476e15f1be71e5242c911d673d14ad9?s=96&d=mm&r=g","contentUrl":"https:\/\/secure.gravatar.com\/avatar\/d569ee5739a9c7022470ea472c9b4b9cf476e15f1be71e5242c911d673d14ad9?s=96&d=mm&r=g","caption":"Salvem sa Badia"}}]}},"_links":{"self":[{"href":"https:\/\/www.salvemsabadia.com\/es\/wp-json\/wp\/v2\/posts\/6073","targetHints":{"allow":["GET"]}}],"collection":[{"href":"https:\/\/www.salvemsabadia.com\/es\/wp-json\/wp\/v2\/posts"}],"about":[{"href":"https:\/\/www.salvemsabadia.com\/es\/wp-json\/wp\/v2\/types\/post"}],"author":[{"embeddable":true,"href":"https:\/\/www.salvemsabadia.com\/es\/wp-json\/wp\/v2\/users\/2"}],"replies":[{"embeddable":true,"href":"https:\/\/www.salvemsabadia.com\/es\/wp-json\/wp\/v2\/comments?post=6073"}],"version-history":[{"count":1,"href":"https:\/\/www.salvemsabadia.com\/es\/wp-json\/wp\/v2\/posts\/6073\/revisions"}],"predecessor-version":[{"id":6079,"href":"https:\/\/www.salvemsabadia.com\/es\/wp-json\/wp\/v2\/posts\/6073\/revisions\/6079"}],"wp:featuredmedia":[{"embeddable":true,"href":"https:\/\/www.salvemsabadia.com\/es\/wp-json\/wp\/v2\/media\/6074"}],"wp:attachment":[{"href":"https:\/\/www.salvemsabadia.com\/es\/wp-json\/wp\/v2\/media?parent=6073"}],"wp:term":[{"taxonomy":"category","embeddable":true,"href":"https:\/\/www.salvemsabadia.com\/es\/wp-json\/wp\/v2\/categories?post=6073"},{"taxonomy":"post_tag","embeddable":true,"href":"https:\/\/www.salvemsabadia.com\/es\/wp-json\/wp\/v2\/tags?post=6073"}],"curies":[{"name":"wp","href":"https:\/\/api.w.org\/{rel}","templated":true}]}}