{"id":643,"date":"2020-07-29T11:10:37","date_gmt":"2020-07-29T09:10:37","guid":{"rendered":"https:\/\/www.salvemsabadia.com\/?p=643"},"modified":"2022-08-15T09:57:04","modified_gmt":"2022-08-15T07:57:04","slug":"ports-ib-reconoce-las-molestias-generadas-por-los-ferris-en-sant-antoni-y-que-el-cierre-del-puerto-no-supone-graves-inconvenientes-para-las-navieras","status":"publish","type":"post","link":"https:\/\/www.salvemsabadia.com\/es\/ports-ib-reconoce-las-molestias-generadas-por-los-ferris-en-sant-antoni-y-que-el-cierre-del-puerto-no-supone-graves-inconvenientes-para-las-navieras\/","title":{"rendered":"Ports IB reconoce las molestias generadas por los ferris en Sant Antoni y que el cierre del puerto no supone graves inconvenientes para las navieras"},"content":{"rendered":"<p><img loading=\"lazy\" decoding=\"async\" class=\"alignnone wp-image-646 size-full\" src=\"https:\/\/www.salvemsabadia.com\/wp-content\/uploads\/2020\/07\/DSC_8021-1.jpg\" alt=\"\" width=\"2000\" height=\"1339\" srcset=\"https:\/\/www.salvemsabadia.com\/wp-content\/uploads\/2020\/07\/DSC_8021-1.jpg 2000w, https:\/\/www.salvemsabadia.com\/wp-content\/uploads\/2020\/07\/DSC_8021-1-300x201.jpg 300w, https:\/\/www.salvemsabadia.com\/wp-content\/uploads\/2020\/07\/DSC_8021-1-1024x686.jpg 1024w, https:\/\/www.salvemsabadia.com\/wp-content\/uploads\/2020\/07\/DSC_8021-1-768x514.jpg 768w, https:\/\/www.salvemsabadia.com\/wp-content\/uploads\/2020\/07\/DSC_8021-1-1536x1028.jpg 1536w, https:\/\/www.salvemsabadia.com\/wp-content\/uploads\/2020\/07\/DSC_8021-1-900x604.jpg 900w, https:\/\/www.salvemsabadia.com\/wp-content\/uploads\/2020\/07\/DSC_8021-1-600x403.jpg 600w, https:\/\/www.salvemsabadia.com\/wp-content\/uploads\/2020\/07\/DSC_8021-1-400x269.jpg 400w\" sizes=\"auto, (max-width: 2000px) 100vw, 2000px\" \/>Ports de les Illes Balears, el ente p\u00fablico responsable de las competencias y funciones ejecutivas del puerto de Sant Antoni, reconoce por escrito en un documento los impactos ambientales y las molestias generadas por el tr\u00e1fico comercial de ferris en la bah\u00eda de Portmany y manifiesta que la presencia de estas embarcaciones de gran tonelaje es incompatible con un turismo de calidad en este entorno. Adem\u00e1s, afirma que el puerto de Ibiza es suficiente para atender el tr\u00e1fico de mercanc\u00edas y pasajeros en la isla.<\/p>\n<p>La iniciativa Salvem Sa Badia de Portmany ha tenido acceso al documento del Consejo de Administraci\u00f3n de Ports IB, rubricado por el vicepresidente de la entidad el 20 de febrero de 2019, en el que se establec\u00eda una moratoria a\u00fan vigente del tr\u00e1fico comercial en el puerto de Sant Antoni hasta el final de este a\u00f1o 2020 o hasta la aprobaci\u00f3n del Plan General de Puerto de Balears, que determinar\u00e1 los usos futuros de la bah\u00eda de Sant Antoni. Este acuerdo fue ratificado por el Consell de Govern de la comunidad aut\u00f3noma balear el 27 de febrero de 2019.<\/p>\n<p>Dicho documento afirma literalmente que \u201clos veh\u00edculos y las mercanc\u00edas que desembarcan en el puerto de Sant Antoni de Portmany vienen produciendo impactos negativos en la zona costera y en la calidad ambiental, molestias a los visitantes y residentes de este importante n\u00facleo tur\u00edstico y, de manera especial, congestiones de tr\u00e1fico motivadas por una deficiente interconexi\u00f3n con la red viaria local\u201d.<\/p>\n<p>Tambi\u00e9n a\u00f1ade que \u201cla presencia de naves de gran tonelaje resulta cada vez m\u00e1s incompatible con una concepci\u00f3n de la bah\u00eda de Sant Antoni como un espacio id\u00f3neo para un turismo de calidad, que muestra una preferencia por los servicios n\u00e1uticos y por un entorno bien conservado y tranquilo\u201d.<\/p>\n<p>Ports IB tambi\u00e9n manifiesta de forma rotunda que el cierre del puerto de Sant Antoni a los ferris no tiene importantes consecuencias para las compa\u00f1\u00edas, que disponen de mejores instalaciones en el puerto de Eivissa capital: \u201cHay que tener en cuenta, adem\u00e1s, que estas naves disponen de otro puerto comercial en la isla que cuenta con instalaciones m\u00e1s adecuadas, sin que eso suponga inconvenientes graves para empresas y pasajeros\u201d, se\u00f1ala el documento.<\/p>\n<p>El acuerdo del Consejo de Administraci\u00f3n de Ports IB tambi\u00e9n faculta al vicepresidente de esta entidad para impulsar las evaluaciones que sean necesarias con el fin de determinar, si procede, la suspensi\u00f3n o la ampliaci\u00f3n de la moratoria.<\/p>\n<p>Este documento constituye un reconocimiento t\u00e1cito a los argumentos que sostiene la iniciativa Salvem Sa Badia de Portmany sobre los inconvenientes que genera el tr\u00e1fico de ferris en el puerto de Sant Antoni, en cuanto a las consecuencias medioambientales, los inconvenientes para el turismo y las molestias que supone para los residentes en cuanto al tr\u00e1fico de veh\u00edculos.<\/p>\n<p>A estos argumentos cabe a\u00f1adir tambi\u00e9n que, como ha quedado demostrado en los distintos estudios realizados por Salvem Sa Badia de Portmany, el cierre comercial del puerto no ha representado una reducci\u00f3n en el n\u00famero de turistas que pernoctan en Sant Antoni y el entorno de la bah\u00eda, ni tampoco en el n\u00famero total de viajeros que llegan a la isla por v\u00eda mar\u00edtima. En ambos casos, las cifras de 2019, a\u00f1o en que ya no hab\u00eda servicio de ferris en Sant Antoni, fueron m\u00e1s elevadas que en las temporadas anteriores.<\/p>\n","protected":false},"excerpt":{"rendered":"<p>Ports de les Illes Balears, el ente p\u00fablico responsable de las competencias y funciones ejecutivas del puerto de Sant Antoni, reconoce por escrito en un documento los impactos ambientales y&#8230;<\/p>\n","protected":false},"author":2,"featured_media":646,"comment_status":"open","ping_status":"open","sticky":false,"template":"","format":"standard","meta":{"give_campaign_id":0,"footnotes":""},"categories":[106,214],"tags":[],"class_list":{"0":"post-643","1":"post","2":"type-post","3":"status-publish","4":"format-standard","5":"has-post-thumbnail","7":"category-destacado","8":"category-puerto-de-sant-antoni"},"yoast_head":"<!-- This site is optimized with the Yoast SEO plugin v26.8 - https:\/\/yoast.com\/product\/yoast-seo-wordpress\/ -->\n<title>Ports IB reconoce las molestias generadas por los ferris en Sant Antoni y que el cierre del puerto no supone graves inconvenientes para las navieras - Salvem Sa Badia de Portmany<\/title>\n<meta name=\"robots\" content=\"index, follow, max-snippet:-1, max-image-preview:large, max-video-preview:-1\" \/>\n<link rel=\"canonical\" href=\"https:\/\/www.salvemsabadia.com\/ports-ib-reconeix-les-molesties-generades-pels-ferris-a-sant-antoni-i-que-el-tancament-del-port-no-suposa-greus-inconvenients-per-a-les-navilieres\/\" \/>\n<meta property=\"og:locale\" content=\"es_ES\" \/>\n<meta property=\"og:type\" content=\"article\" \/>\n<meta property=\"og:title\" content=\"Ports IB reconoce las molestias generadas por los ferris en Sant Antoni y que el cierre del puerto no supone graves inconvenientes para las navieras - Salvem Sa Badia de Portmany\" \/>\n<meta property=\"og:description\" content=\"Ports de les Illes Balears, el ente p\u00fablico responsable de las competencias y funciones ejecutivas del puerto de Sant Antoni, reconoce por escrito en un documento los impactos ambientales y...\" \/>\n<meta property=\"og:url\" content=\"https:\/\/www.salvemsabadia.com\/ports-ib-reconeix-les-molesties-generades-pels-ferris-a-sant-antoni-i-que-el-tancament-del-port-no-suposa-greus-inconvenients-per-a-les-navilieres\/\" \/>\n<meta property=\"og:site_name\" content=\"Salvem Sa Badia de Portmany\" \/>\n<meta property=\"article:published_time\" content=\"2020-07-29T09:10:37+00:00\" \/>\n<meta property=\"article:modified_time\" content=\"2022-08-15T07:57:04+00:00\" \/>\n<meta property=\"og:image\" content=\"https:\/\/www.salvemsabadia.com\/wp-content\/uploads\/2020\/07\/DSC_8021-1.jpg\" \/>\n\t<meta property=\"og:image:width\" content=\"2000\" \/>\n\t<meta property=\"og:image:height\" content=\"1339\" \/>\n\t<meta property=\"og:image:type\" content=\"image\/jpeg\" \/>\n<meta name=\"author\" content=\"Salvem sa Badia\" \/>\n<meta name=\"twitter:card\" content=\"summary_large_image\" \/>\n<meta name=\"twitter:label1\" content=\"Escrito por\" \/>\n\t<meta name=\"twitter:data1\" content=\"Salvem sa Badia\" \/>\n\t<meta name=\"twitter:label2\" content=\"Tiempo de lectura\" \/>\n\t<meta name=\"twitter:data2\" content=\"3 minutos\" \/>\n<script type=\"application\/ld+json\" class=\"yoast-schema-graph\">{\"@context\":\"https:\/\/schema.org\",\"@graph\":[{\"@type\":\"Article\",\"@id\":\"https:\/\/www.salvemsabadia.com\/ports-ib-reconeix-les-molesties-generades-pels-ferris-a-sant-antoni-i-que-el-tancament-del-port-no-suposa-greus-inconvenients-per-a-les-navilieres\/#article\",\"isPartOf\":{\"@id\":\"https:\/\/www.salvemsabadia.com\/ports-ib-reconeix-les-molesties-generades-pels-ferris-a-sant-antoni-i-que-el-tancament-del-port-no-suposa-greus-inconvenients-per-a-les-navilieres\/\"},\"author\":{\"name\":\"Salvem sa Badia\",\"@id\":\"https:\/\/www.salvemsabadia.com\/#\/schema\/person\/5d08c5118adcb4140d13bde4826ba122\"},\"headline\":\"Ports IB reconoce las molestias generadas por los ferris en Sant Antoni y que el cierre del puerto no supone graves inconvenientes para las navieras\",\"datePublished\":\"2020-07-29T09:10:37+00:00\",\"dateModified\":\"2022-08-15T07:57:04+00:00\",\"mainEntityOfPage\":{\"@id\":\"https:\/\/www.salvemsabadia.com\/ports-ib-reconeix-les-molesties-generades-pels-ferris-a-sant-antoni-i-que-el-tancament-del-port-no-suposa-greus-inconvenients-per-a-les-navilieres\/\"},\"wordCount\":623,\"commentCount\":0,\"publisher\":{\"@id\":\"https:\/\/www.salvemsabadia.com\/#organization\"},\"image\":{\"@id\":\"https:\/\/www.salvemsabadia.com\/ports-ib-reconeix-les-molesties-generades-pels-ferris-a-sant-antoni-i-que-el-tancament-del-port-no-suposa-greus-inconvenients-per-a-les-navilieres\/#primaryimage\"},\"thumbnailUrl\":\"https:\/\/www.salvemsabadia.com\/wp-content\/uploads\/2020\/07\/DSC_8021-1.jpg\",\"articleSection\":[\"Destacado\",\"Puerto de Sant Antoni\"],\"inLanguage\":\"es\",\"potentialAction\":[{\"@type\":\"CommentAction\",\"name\":\"Comment\",\"target\":[\"https:\/\/www.salvemsabadia.com\/ports-ib-reconeix-les-molesties-generades-pels-ferris-a-sant-antoni-i-que-el-tancament-del-port-no-suposa-greus-inconvenients-per-a-les-navilieres\/#respond\"]}]},{\"@type\":\"WebPage\",\"@id\":\"https:\/\/www.salvemsabadia.com\/ports-ib-reconeix-les-molesties-generades-pels-ferris-a-sant-antoni-i-que-el-tancament-del-port-no-suposa-greus-inconvenients-per-a-les-navilieres\/\",\"url\":\"https:\/\/www.salvemsabadia.com\/ports-ib-reconeix-les-molesties-generades-pels-ferris-a-sant-antoni-i-que-el-tancament-del-port-no-suposa-greus-inconvenients-per-a-les-navilieres\/\",\"name\":\"Ports IB reconoce las molestias generadas por los ferris en Sant Antoni y que el cierre del puerto no supone graves inconvenientes para las navieras - Salvem Sa Badia de Portmany\",\"isPartOf\":{\"@id\":\"https:\/\/www.salvemsabadia.com\/#website\"},\"primaryImageOfPage\":{\"@id\":\"https:\/\/www.salvemsabadia.com\/ports-ib-reconeix-les-molesties-generades-pels-ferris-a-sant-antoni-i-que-el-tancament-del-port-no-suposa-greus-inconvenients-per-a-les-navilieres\/#primaryimage\"},\"image\":{\"@id\":\"https:\/\/www.salvemsabadia.com\/ports-ib-reconeix-les-molesties-generades-pels-ferris-a-sant-antoni-i-que-el-tancament-del-port-no-suposa-greus-inconvenients-per-a-les-navilieres\/#primaryimage\"},\"thumbnailUrl\":\"https:\/\/www.salvemsabadia.com\/wp-content\/uploads\/2020\/07\/DSC_8021-1.jpg\",\"datePublished\":\"2020-07-29T09:10:37+00:00\",\"dateModified\":\"2022-08-15T07:57:04+00:00\",\"breadcrumb\":{\"@id\":\"https:\/\/www.salvemsabadia.com\/ports-ib-reconeix-les-molesties-generades-pels-ferris-a-sant-antoni-i-que-el-tancament-del-port-no-suposa-greus-inconvenients-per-a-les-navilieres\/#breadcrumb\"},\"inLanguage\":\"es\",\"potentialAction\":[{\"@type\":\"ReadAction\",\"target\":[\"https:\/\/www.salvemsabadia.com\/ports-ib-reconeix-les-molesties-generades-pels-ferris-a-sant-antoni-i-que-el-tancament-del-port-no-suposa-greus-inconvenients-per-a-les-navilieres\/\"]}]},{\"@type\":\"ImageObject\",\"inLanguage\":\"es\",\"@id\":\"https:\/\/www.salvemsabadia.com\/ports-ib-reconeix-les-molesties-generades-pels-ferris-a-sant-antoni-i-que-el-tancament-del-port-no-suposa-greus-inconvenients-per-a-les-navilieres\/#primaryimage\",\"url\":\"https:\/\/www.salvemsabadia.com\/wp-content\/uploads\/2020\/07\/DSC_8021-1.jpg\",\"contentUrl\":\"https:\/\/www.salvemsabadia.com\/wp-content\/uploads\/2020\/07\/DSC_8021-1.jpg\",\"width\":2000,\"height\":1339},{\"@type\":\"BreadcrumbList\",\"@id\":\"https:\/\/www.salvemsabadia.com\/ports-ib-reconeix-les-molesties-generades-pels-ferris-a-sant-antoni-i-que-el-tancament-del-port-no-suposa-greus-inconvenients-per-a-les-navilieres\/#breadcrumb\",\"itemListElement\":[{\"@type\":\"ListItem\",\"position\":1,\"name\":\"Portada\",\"item\":\"https:\/\/www.salvemsabadia.com\/es\/\"},{\"@type\":\"ListItem\",\"position\":2,\"name\":\"Ports IB reconoce las molestias generadas por los ferris en Sant Antoni y que el cierre del puerto no supone graves inconvenientes para las navieras\"}]},{\"@type\":\"WebSite\",\"@id\":\"https:\/\/www.salvemsabadia.com\/#website\",\"url\":\"https:\/\/www.salvemsabadia.com\/\",\"name\":\"Salvem Sa Badia de Portmany\",\"description\":\"\",\"publisher\":{\"@id\":\"https:\/\/www.salvemsabadia.com\/#organization\"},\"potentialAction\":[{\"@type\":\"SearchAction\",\"target\":{\"@type\":\"EntryPoint\",\"urlTemplate\":\"https:\/\/www.salvemsabadia.com\/?s={search_term_string}\"},\"query-input\":{\"@type\":\"PropertyValueSpecification\",\"valueRequired\":true,\"valueName\":\"search_term_string\"}}],\"inLanguage\":\"es\"},{\"@type\":\"Organization\",\"@id\":\"https:\/\/www.salvemsabadia.com\/#organization\",\"name\":\"Salvem Sa Badia de Portmany\",\"url\":\"https:\/\/www.salvemsabadia.com\/\",\"logo\":{\"@type\":\"ImageObject\",\"inLanguage\":\"es\",\"@id\":\"https:\/\/www.salvemsabadia.com\/#\/schema\/logo\/image\/\",\"url\":\"https:\/\/www.salvemsabadia.com\/wp-content\/uploads\/2020\/03\/logo.png\",\"contentUrl\":\"https:\/\/www.salvemsabadia.com\/wp-content\/uploads\/2020\/03\/logo.png\",\"width\":188,\"height\":151,\"caption\":\"Salvem Sa Badia de Portmany\"},\"image\":{\"@id\":\"https:\/\/www.salvemsabadia.com\/#\/schema\/logo\/image\/\"}},{\"@type\":\"Person\",\"@id\":\"https:\/\/www.salvemsabadia.com\/#\/schema\/person\/5d08c5118adcb4140d13bde4826ba122\",\"name\":\"Salvem sa Badia\",\"image\":{\"@type\":\"ImageObject\",\"inLanguage\":\"es\",\"@id\":\"https:\/\/www.salvemsabadia.com\/#\/schema\/person\/image\/\",\"url\":\"https:\/\/secure.gravatar.com\/avatar\/d569ee5739a9c7022470ea472c9b4b9cf476e15f1be71e5242c911d673d14ad9?s=96&d=mm&r=g\",\"contentUrl\":\"https:\/\/secure.gravatar.com\/avatar\/d569ee5739a9c7022470ea472c9b4b9cf476e15f1be71e5242c911d673d14ad9?s=96&d=mm&r=g\",\"caption\":\"Salvem sa Badia\"}}]}<\/script>\n<!-- \/ Yoast SEO plugin. -->","yoast_head_json":{"title":"Ports IB reconoce las molestias generadas por los ferris en Sant Antoni y que el cierre del puerto no supone graves inconvenientes para las navieras - Salvem Sa Badia de Portmany","robots":{"index":"index","follow":"follow","max-snippet":"max-snippet:-1","max-image-preview":"max-image-preview:large","max-video-preview":"max-video-preview:-1"},"canonical":"https:\/\/www.salvemsabadia.com\/ports-ib-reconeix-les-molesties-generades-pels-ferris-a-sant-antoni-i-que-el-tancament-del-port-no-suposa-greus-inconvenients-per-a-les-navilieres\/","og_locale":"es_ES","og_type":"article","og_title":"Ports IB reconoce las molestias generadas por los ferris en Sant Antoni y que el cierre del puerto no supone graves inconvenientes para las navieras - Salvem Sa Badia de Portmany","og_description":"Ports de les Illes Balears, el ente p\u00fablico responsable de las competencias y funciones ejecutivas del puerto de Sant Antoni, reconoce por escrito en un documento los impactos ambientales y...","og_url":"https:\/\/www.salvemsabadia.com\/ports-ib-reconeix-les-molesties-generades-pels-ferris-a-sant-antoni-i-que-el-tancament-del-port-no-suposa-greus-inconvenients-per-a-les-navilieres\/","og_site_name":"Salvem Sa Badia de Portmany","article_published_time":"2020-07-29T09:10:37+00:00","article_modified_time":"2022-08-15T07:57:04+00:00","og_image":[{"width":2000,"height":1339,"url":"https:\/\/www.salvemsabadia.com\/wp-content\/uploads\/2020\/07\/DSC_8021-1.jpg","type":"image\/jpeg"}],"author":"Salvem sa Badia","twitter_card":"summary_large_image","twitter_misc":{"Escrito por":"Salvem sa Badia","Tiempo de lectura":"3 minutos"},"schema":{"@context":"https:\/\/schema.org","@graph":[{"@type":"Article","@id":"https:\/\/www.salvemsabadia.com\/ports-ib-reconeix-les-molesties-generades-pels-ferris-a-sant-antoni-i-que-el-tancament-del-port-no-suposa-greus-inconvenients-per-a-les-navilieres\/#article","isPartOf":{"@id":"https:\/\/www.salvemsabadia.com\/ports-ib-reconeix-les-molesties-generades-pels-ferris-a-sant-antoni-i-que-el-tancament-del-port-no-suposa-greus-inconvenients-per-a-les-navilieres\/"},"author":{"name":"Salvem sa Badia","@id":"https:\/\/www.salvemsabadia.com\/#\/schema\/person\/5d08c5118adcb4140d13bde4826ba122"},"headline":"Ports IB reconoce las molestias generadas por los ferris en Sant Antoni y que el cierre del puerto no supone graves inconvenientes para las navieras","datePublished":"2020-07-29T09:10:37+00:00","dateModified":"2022-08-15T07:57:04+00:00","mainEntityOfPage":{"@id":"https:\/\/www.salvemsabadia.com\/ports-ib-reconeix-les-molesties-generades-pels-ferris-a-sant-antoni-i-que-el-tancament-del-port-no-suposa-greus-inconvenients-per-a-les-navilieres\/"},"wordCount":623,"commentCount":0,"publisher":{"@id":"https:\/\/www.salvemsabadia.com\/#organization"},"image":{"@id":"https:\/\/www.salvemsabadia.com\/ports-ib-reconeix-les-molesties-generades-pels-ferris-a-sant-antoni-i-que-el-tancament-del-port-no-suposa-greus-inconvenients-per-a-les-navilieres\/#primaryimage"},"thumbnailUrl":"https:\/\/www.salvemsabadia.com\/wp-content\/uploads\/2020\/07\/DSC_8021-1.jpg","articleSection":["Destacado","Puerto de Sant Antoni"],"inLanguage":"es","potentialAction":[{"@type":"CommentAction","name":"Comment","target":["https:\/\/www.salvemsabadia.com\/ports-ib-reconeix-les-molesties-generades-pels-ferris-a-sant-antoni-i-que-el-tancament-del-port-no-suposa-greus-inconvenients-per-a-les-navilieres\/#respond"]}]},{"@type":"WebPage","@id":"https:\/\/www.salvemsabadia.com\/ports-ib-reconeix-les-molesties-generades-pels-ferris-a-sant-antoni-i-que-el-tancament-del-port-no-suposa-greus-inconvenients-per-a-les-navilieres\/","url":"https:\/\/www.salvemsabadia.com\/ports-ib-reconeix-les-molesties-generades-pels-ferris-a-sant-antoni-i-que-el-tancament-del-port-no-suposa-greus-inconvenients-per-a-les-navilieres\/","name":"Ports IB reconoce las molestias generadas por los ferris en Sant Antoni y que el cierre del puerto no supone graves inconvenientes para las navieras - Salvem Sa Badia de Portmany","isPartOf":{"@id":"https:\/\/www.salvemsabadia.com\/#website"},"primaryImageOfPage":{"@id":"https:\/\/www.salvemsabadia.com\/ports-ib-reconeix-les-molesties-generades-pels-ferris-a-sant-antoni-i-que-el-tancament-del-port-no-suposa-greus-inconvenients-per-a-les-navilieres\/#primaryimage"},"image":{"@id":"https:\/\/www.salvemsabadia.com\/ports-ib-reconeix-les-molesties-generades-pels-ferris-a-sant-antoni-i-que-el-tancament-del-port-no-suposa-greus-inconvenients-per-a-les-navilieres\/#primaryimage"},"thumbnailUrl":"https:\/\/www.salvemsabadia.com\/wp-content\/uploads\/2020\/07\/DSC_8021-1.jpg","datePublished":"2020-07-29T09:10:37+00:00","dateModified":"2022-08-15T07:57:04+00:00","breadcrumb":{"@id":"https:\/\/www.salvemsabadia.com\/ports-ib-reconeix-les-molesties-generades-pels-ferris-a-sant-antoni-i-que-el-tancament-del-port-no-suposa-greus-inconvenients-per-a-les-navilieres\/#breadcrumb"},"inLanguage":"es","potentialAction":[{"@type":"ReadAction","target":["https:\/\/www.salvemsabadia.com\/ports-ib-reconeix-les-molesties-generades-pels-ferris-a-sant-antoni-i-que-el-tancament-del-port-no-suposa-greus-inconvenients-per-a-les-navilieres\/"]}]},{"@type":"ImageObject","inLanguage":"es","@id":"https:\/\/www.salvemsabadia.com\/ports-ib-reconeix-les-molesties-generades-pels-ferris-a-sant-antoni-i-que-el-tancament-del-port-no-suposa-greus-inconvenients-per-a-les-navilieres\/#primaryimage","url":"https:\/\/www.salvemsabadia.com\/wp-content\/uploads\/2020\/07\/DSC_8021-1.jpg","contentUrl":"https:\/\/www.salvemsabadia.com\/wp-content\/uploads\/2020\/07\/DSC_8021-1.jpg","width":2000,"height":1339},{"@type":"BreadcrumbList","@id":"https:\/\/www.salvemsabadia.com\/ports-ib-reconeix-les-molesties-generades-pels-ferris-a-sant-antoni-i-que-el-tancament-del-port-no-suposa-greus-inconvenients-per-a-les-navilieres\/#breadcrumb","itemListElement":[{"@type":"ListItem","position":1,"name":"Portada","item":"https:\/\/www.salvemsabadia.com\/es\/"},{"@type":"ListItem","position":2,"name":"Ports IB reconoce las molestias generadas por los ferris en Sant Antoni y que el cierre del puerto no supone graves inconvenientes para las navieras"}]},{"@type":"WebSite","@id":"https:\/\/www.salvemsabadia.com\/#website","url":"https:\/\/www.salvemsabadia.com\/","name":"Salvem Sa Badia de Portmany","description":"","publisher":{"@id":"https:\/\/www.salvemsabadia.com\/#organization"},"potentialAction":[{"@type":"SearchAction","target":{"@type":"EntryPoint","urlTemplate":"https:\/\/www.salvemsabadia.com\/?s={search_term_string}"},"query-input":{"@type":"PropertyValueSpecification","valueRequired":true,"valueName":"search_term_string"}}],"inLanguage":"es"},{"@type":"Organization","@id":"https:\/\/www.salvemsabadia.com\/#organization","name":"Salvem Sa Badia de Portmany","url":"https:\/\/www.salvemsabadia.com\/","logo":{"@type":"ImageObject","inLanguage":"es","@id":"https:\/\/www.salvemsabadia.com\/#\/schema\/logo\/image\/","url":"https:\/\/www.salvemsabadia.com\/wp-content\/uploads\/2020\/03\/logo.png","contentUrl":"https:\/\/www.salvemsabadia.com\/wp-content\/uploads\/2020\/03\/logo.png","width":188,"height":151,"caption":"Salvem Sa Badia de Portmany"},"image":{"@id":"https:\/\/www.salvemsabadia.com\/#\/schema\/logo\/image\/"}},{"@type":"Person","@id":"https:\/\/www.salvemsabadia.com\/#\/schema\/person\/5d08c5118adcb4140d13bde4826ba122","name":"Salvem sa Badia","image":{"@type":"ImageObject","inLanguage":"es","@id":"https:\/\/www.salvemsabadia.com\/#\/schema\/person\/image\/","url":"https:\/\/secure.gravatar.com\/avatar\/d569ee5739a9c7022470ea472c9b4b9cf476e15f1be71e5242c911d673d14ad9?s=96&d=mm&r=g","contentUrl":"https:\/\/secure.gravatar.com\/avatar\/d569ee5739a9c7022470ea472c9b4b9cf476e15f1be71e5242c911d673d14ad9?s=96&d=mm&r=g","caption":"Salvem sa Badia"}}]}},"_links":{"self":[{"href":"https:\/\/www.salvemsabadia.com\/es\/wp-json\/wp\/v2\/posts\/643","targetHints":{"allow":["GET"]}}],"collection":[{"href":"https:\/\/www.salvemsabadia.com\/es\/wp-json\/wp\/v2\/posts"}],"about":[{"href":"https:\/\/www.salvemsabadia.com\/es\/wp-json\/wp\/v2\/types\/post"}],"author":[{"embeddable":true,"href":"https:\/\/www.salvemsabadia.com\/es\/wp-json\/wp\/v2\/users\/2"}],"replies":[{"embeddable":true,"href":"https:\/\/www.salvemsabadia.com\/es\/wp-json\/wp\/v2\/comments?post=643"}],"version-history":[{"count":0,"href":"https:\/\/www.salvemsabadia.com\/es\/wp-json\/wp\/v2\/posts\/643\/revisions"}],"wp:featuredmedia":[{"embeddable":true,"href":"https:\/\/www.salvemsabadia.com\/es\/wp-json\/wp\/v2\/media\/646"}],"wp:attachment":[{"href":"https:\/\/www.salvemsabadia.com\/es\/wp-json\/wp\/v2\/media?parent=643"}],"wp:term":[{"taxonomy":"category","embeddable":true,"href":"https:\/\/www.salvemsabadia.com\/es\/wp-json\/wp\/v2\/categories?post=643"},{"taxonomy":"post_tag","embeddable":true,"href":"https:\/\/www.salvemsabadia.com\/es\/wp-json\/wp\/v2\/tags?post=643"}],"curies":[{"name":"wp","href":"https:\/\/api.w.org\/{rel}","templated":true}]}}