{"id":656,"date":"2020-07-31T10:27:20","date_gmt":"2020-07-31T08:27:20","guid":{"rendered":"https:\/\/www.salvemsabadia.com\/?p=656"},"modified":"2022-08-15T09:57:26","modified_gmt":"2022-08-15T07:57:26","slug":"sant-antoni-pide-por-unanimidad-al-govern-balear-que-destine-mas-medios-a-controlar-los-fondeos-sobre-posidonia","status":"publish","type":"post","link":"https:\/\/www.salvemsabadia.com\/es\/sant-antoni-pide-por-unanimidad-al-govern-balear-que-destine-mas-medios-a-controlar-los-fondeos-sobre-posidonia\/","title":{"rendered":"Sant Antoni pide por unanimidad al Govern balear que destine m\u00e1s medios a controlar los fondeos sobre posidonia"},"content":{"rendered":"<p><img loading=\"lazy\" decoding=\"async\" class=\"alignnone wp-image-657 size-full\" src=\"https:\/\/www.salvemsabadia.com\/wp-content\/uploads\/2020\/07\/DSC02701.jpg\" alt=\"\" width=\"2000\" height=\"1333\" srcset=\"https:\/\/www.salvemsabadia.com\/wp-content\/uploads\/2020\/07\/DSC02701.jpg 2000w, https:\/\/www.salvemsabadia.com\/wp-content\/uploads\/2020\/07\/DSC02701-300x200.jpg 300w, https:\/\/www.salvemsabadia.com\/wp-content\/uploads\/2020\/07\/DSC02701-1024x682.jpg 1024w, https:\/\/www.salvemsabadia.com\/wp-content\/uploads\/2020\/07\/DSC02701-768x512.jpg 768w, https:\/\/www.salvemsabadia.com\/wp-content\/uploads\/2020\/07\/DSC02701-1536x1024.jpg 1536w, https:\/\/www.salvemsabadia.com\/wp-content\/uploads\/2020\/07\/DSC02701-900x600.jpg 900w\" sizes=\"auto, (max-width: 2000px) 100vw, 2000px\" \/>Todos los partidos con representaci\u00f3n en el pleno del Ayuntamiento de Sant Antoni han aprobado por unanimidad solicitar al Govern balear que destine m\u00e1s medios para la vigilancia de los fondeos incontrolados sobre las praderas de posidonia. Dicha propuesta, impulsada por el equipo de gobierno, reclama que se incrementen las embarcaciones de control destinadas a la isla para llegar a m\u00e1s playas, ya que las tres que hay actualmente \u201cson insuficientes\u201d.<\/p>\n<p>La concejala de Gobernaci\u00f3n y Medio Ambiente, Neus Mateu, ha recordado que el Decreto 25\/2018 sobre la Conservaci\u00f3n de la Posidonia Oce\u00e1nica en las Illes Balears recoge la protecci\u00f3n de 650 km\u00b2 de praderas siendo los recursos destinados a este fin \u201cescasos e insuficientes\u201d, lo que demuestra que se ha legislado \u201csin los medios materiales y humanos adecuados\u201d. \u201cCentenares de embarcaciones infringen la prohibici\u00f3n de fondeo sin que el Govern sea capaz de controlarlo\u201d, ha apuntado Mateu, que ha recordado que los municipios se est\u00e1n encargando de aplicar medidas de control cuando no es su competencia ni disponen de los medios necesarios\u201d.<\/p>\n<p>Mateu ha explicado que el propio consistorio est\u00e1 realizando un registro de los barcos que fondean en su litoral de forma irregular, tomando fotograf\u00edas, y que estas se remiten tanto a la Demarcaci\u00f3n de Costas como al Govern balear, con la correspondiente denuncia. Asimismo ha recordado que el Ayuntamiento ya pidi\u00f3 ayuda a la Guardia Civil para la retirada de los muertos ilegales que hay dispersos por la bah\u00eda, tal y como ya se hizo en Talamanca y en determinadas zonas de Sant Josep. Sin embargo, cuando iban a realizarse estas tareas se produjo el confinamiento a causa de la pandemia de Covid-19.<\/p>\n<p>El pleno tambi\u00e9n ha aprobado por unanimidad instar a la Conselleria de Medi Ambient del Govern balear para que ponga en marcha el Servicio de Limpieza del Litoral \u201cde forma inmediata y urgente\u201d, ya que se trata de un servicio \u201cimprescindible\u201d para la isla, as\u00ed como a informar de la situaci\u00f3n y previsi\u00f3n de inicio de este servicio primordial para preservar nuestros ecosistemas.<\/p>\n<p>Hay que recordar que el fondeo ilegal es uno de los principales problemas que afronta la bah\u00eda, con docenas de barcos todas la temporada, muchos de los cu\u00e1les est\u00e1n habitados. Esta situaci\u00f3n provoca vertidos que acaban en las playas y fondeos sobre posidonia.<\/p>\n","protected":false},"excerpt":{"rendered":"<p>Todos los partidos con representaci\u00f3n en el pleno del Ayuntamiento de Sant Antoni han aprobado por unanimidad solicitar al Govern balear que destine m\u00e1s medios para la vigilancia de los&#8230;<\/p>\n","protected":false},"author":2,"featured_media":657,"comment_status":"open","ping_status":"open","sticky":false,"template":"","format":"standard","meta":{"give_campaign_id":0,"footnotes":""},"categories":[106,208,213],"tags":[],"class_list":{"0":"post-656","1":"post","2":"type-post","3":"status-publish","4":"format-standard","5":"has-post-thumbnail","7":"category-destacado","8":"category-fondeo-irregular","9":"category-posidonia"},"yoast_head":"<!-- This site is optimized with the Yoast SEO plugin v26.8 - https:\/\/yoast.com\/product\/yoast-seo-wordpress\/ -->\n<title>Sant Antoni pide por unanimidad al Govern balear que destine m\u00e1s medios a controlar los fondeos sobre posidonia - Salvem Sa Badia de Portmany<\/title>\n<meta name=\"robots\" content=\"index, follow, max-snippet:-1, max-image-preview:large, max-video-preview:-1\" \/>\n<link rel=\"canonical\" href=\"https:\/\/www.salvemsabadia.com\/sant-antoni-demana-per-unanimitat-al-govern-balear-que-destini-mes-mitjans-a-controlar-els-fondejos-sobre-posidonia\/\" \/>\n<meta property=\"og:locale\" content=\"es_ES\" \/>\n<meta property=\"og:type\" content=\"article\" \/>\n<meta property=\"og:title\" content=\"Sant Antoni pide por unanimidad al Govern balear que destine m\u00e1s medios a controlar los fondeos sobre posidonia - Salvem Sa Badia de Portmany\" \/>\n<meta property=\"og:description\" content=\"Todos los partidos con representaci\u00f3n en el pleno del Ayuntamiento de Sant Antoni han aprobado por unanimidad solicitar al Govern balear que destine m\u00e1s medios para la vigilancia de los...\" \/>\n<meta property=\"og:url\" content=\"https:\/\/www.salvemsabadia.com\/sant-antoni-demana-per-unanimitat-al-govern-balear-que-destini-mes-mitjans-a-controlar-els-fondejos-sobre-posidonia\/\" \/>\n<meta property=\"og:site_name\" content=\"Salvem Sa Badia de Portmany\" \/>\n<meta property=\"article:published_time\" content=\"2020-07-31T08:27:20+00:00\" \/>\n<meta property=\"article:modified_time\" content=\"2022-08-15T07:57:26+00:00\" \/>\n<meta property=\"og:image\" content=\"https:\/\/www.salvemsabadia.com\/wp-content\/uploads\/2020\/07\/DSC02701.jpg\" \/>\n\t<meta property=\"og:image:width\" content=\"2000\" \/>\n\t<meta property=\"og:image:height\" content=\"1333\" \/>\n\t<meta property=\"og:image:type\" content=\"image\/jpeg\" \/>\n<meta name=\"author\" content=\"Salvem sa Badia\" \/>\n<meta name=\"twitter:card\" content=\"summary_large_image\" \/>\n<meta name=\"twitter:label1\" content=\"Escrito por\" \/>\n\t<meta name=\"twitter:data1\" content=\"Salvem sa Badia\" \/>\n\t<meta name=\"twitter:label2\" content=\"Tiempo de lectura\" \/>\n\t<meta name=\"twitter:data2\" content=\"2 minutos\" \/>\n<script type=\"application\/ld+json\" class=\"yoast-schema-graph\">{\"@context\":\"https:\/\/schema.org\",\"@graph\":[{\"@type\":\"Article\",\"@id\":\"https:\/\/www.salvemsabadia.com\/sant-antoni-demana-per-unanimitat-al-govern-balear-que-destini-mes-mitjans-a-controlar-els-fondejos-sobre-posidonia\/#article\",\"isPartOf\":{\"@id\":\"https:\/\/www.salvemsabadia.com\/sant-antoni-demana-per-unanimitat-al-govern-balear-que-destini-mes-mitjans-a-controlar-els-fondejos-sobre-posidonia\/\"},\"author\":{\"name\":\"Salvem sa Badia\",\"@id\":\"https:\/\/www.salvemsabadia.com\/#\/schema\/person\/5d08c5118adcb4140d13bde4826ba122\"},\"headline\":\"Sant Antoni pide por unanimidad al Govern balear que destine m\u00e1s medios a controlar los fondeos sobre posidonia\",\"datePublished\":\"2020-07-31T08:27:20+00:00\",\"dateModified\":\"2022-08-15T07:57:26+00:00\",\"mainEntityOfPage\":{\"@id\":\"https:\/\/www.salvemsabadia.com\/sant-antoni-demana-per-unanimitat-al-govern-balear-que-destini-mes-mitjans-a-controlar-els-fondejos-sobre-posidonia\/\"},\"wordCount\":418,\"commentCount\":0,\"publisher\":{\"@id\":\"https:\/\/www.salvemsabadia.com\/#organization\"},\"image\":{\"@id\":\"https:\/\/www.salvemsabadia.com\/sant-antoni-demana-per-unanimitat-al-govern-balear-que-destini-mes-mitjans-a-controlar-els-fondejos-sobre-posidonia\/#primaryimage\"},\"thumbnailUrl\":\"https:\/\/www.salvemsabadia.com\/wp-content\/uploads\/2020\/07\/DSC02701.jpg\",\"articleSection\":[\"Destacado\",\"Fondeo irregular\",\"Posidonia\"],\"inLanguage\":\"es\",\"potentialAction\":[{\"@type\":\"CommentAction\",\"name\":\"Comment\",\"target\":[\"https:\/\/www.salvemsabadia.com\/sant-antoni-demana-per-unanimitat-al-govern-balear-que-destini-mes-mitjans-a-controlar-els-fondejos-sobre-posidonia\/#respond\"]}]},{\"@type\":\"WebPage\",\"@id\":\"https:\/\/www.salvemsabadia.com\/sant-antoni-demana-per-unanimitat-al-govern-balear-que-destini-mes-mitjans-a-controlar-els-fondejos-sobre-posidonia\/\",\"url\":\"https:\/\/www.salvemsabadia.com\/sant-antoni-demana-per-unanimitat-al-govern-balear-que-destini-mes-mitjans-a-controlar-els-fondejos-sobre-posidonia\/\",\"name\":\"Sant Antoni pide por unanimidad al Govern balear que destine m\u00e1s medios a controlar los fondeos sobre posidonia - Salvem Sa Badia de Portmany\",\"isPartOf\":{\"@id\":\"https:\/\/www.salvemsabadia.com\/#website\"},\"primaryImageOfPage\":{\"@id\":\"https:\/\/www.salvemsabadia.com\/sant-antoni-demana-per-unanimitat-al-govern-balear-que-destini-mes-mitjans-a-controlar-els-fondejos-sobre-posidonia\/#primaryimage\"},\"image\":{\"@id\":\"https:\/\/www.salvemsabadia.com\/sant-antoni-demana-per-unanimitat-al-govern-balear-que-destini-mes-mitjans-a-controlar-els-fondejos-sobre-posidonia\/#primaryimage\"},\"thumbnailUrl\":\"https:\/\/www.salvemsabadia.com\/wp-content\/uploads\/2020\/07\/DSC02701.jpg\",\"datePublished\":\"2020-07-31T08:27:20+00:00\",\"dateModified\":\"2022-08-15T07:57:26+00:00\",\"breadcrumb\":{\"@id\":\"https:\/\/www.salvemsabadia.com\/sant-antoni-demana-per-unanimitat-al-govern-balear-que-destini-mes-mitjans-a-controlar-els-fondejos-sobre-posidonia\/#breadcrumb\"},\"inLanguage\":\"es\",\"potentialAction\":[{\"@type\":\"ReadAction\",\"target\":[\"https:\/\/www.salvemsabadia.com\/sant-antoni-demana-per-unanimitat-al-govern-balear-que-destini-mes-mitjans-a-controlar-els-fondejos-sobre-posidonia\/\"]}]},{\"@type\":\"ImageObject\",\"inLanguage\":\"es\",\"@id\":\"https:\/\/www.salvemsabadia.com\/sant-antoni-demana-per-unanimitat-al-govern-balear-que-destini-mes-mitjans-a-controlar-els-fondejos-sobre-posidonia\/#primaryimage\",\"url\":\"https:\/\/www.salvemsabadia.com\/wp-content\/uploads\/2020\/07\/DSC02701.jpg\",\"contentUrl\":\"https:\/\/www.salvemsabadia.com\/wp-content\/uploads\/2020\/07\/DSC02701.jpg\",\"width\":2000,\"height\":1333},{\"@type\":\"BreadcrumbList\",\"@id\":\"https:\/\/www.salvemsabadia.com\/sant-antoni-demana-per-unanimitat-al-govern-balear-que-destini-mes-mitjans-a-controlar-els-fondejos-sobre-posidonia\/#breadcrumb\",\"itemListElement\":[{\"@type\":\"ListItem\",\"position\":1,\"name\":\"Portada\",\"item\":\"https:\/\/www.salvemsabadia.com\/es\/\"},{\"@type\":\"ListItem\",\"position\":2,\"name\":\"Sant Antoni pide por unanimidad al Govern balear que destine m\u00e1s medios a controlar los fondeos sobre posidonia\"}]},{\"@type\":\"WebSite\",\"@id\":\"https:\/\/www.salvemsabadia.com\/#website\",\"url\":\"https:\/\/www.salvemsabadia.com\/\",\"name\":\"Salvem Sa Badia de Portmany\",\"description\":\"\",\"publisher\":{\"@id\":\"https:\/\/www.salvemsabadia.com\/#organization\"},\"potentialAction\":[{\"@type\":\"SearchAction\",\"target\":{\"@type\":\"EntryPoint\",\"urlTemplate\":\"https:\/\/www.salvemsabadia.com\/?s={search_term_string}\"},\"query-input\":{\"@type\":\"PropertyValueSpecification\",\"valueRequired\":true,\"valueName\":\"search_term_string\"}}],\"inLanguage\":\"es\"},{\"@type\":\"Organization\",\"@id\":\"https:\/\/www.salvemsabadia.com\/#organization\",\"name\":\"Salvem Sa Badia de Portmany\",\"url\":\"https:\/\/www.salvemsabadia.com\/\",\"logo\":{\"@type\":\"ImageObject\",\"inLanguage\":\"es\",\"@id\":\"https:\/\/www.salvemsabadia.com\/#\/schema\/logo\/image\/\",\"url\":\"https:\/\/www.salvemsabadia.com\/wp-content\/uploads\/2020\/03\/logo.png\",\"contentUrl\":\"https:\/\/www.salvemsabadia.com\/wp-content\/uploads\/2020\/03\/logo.png\",\"width\":188,\"height\":151,\"caption\":\"Salvem Sa Badia de Portmany\"},\"image\":{\"@id\":\"https:\/\/www.salvemsabadia.com\/#\/schema\/logo\/image\/\"}},{\"@type\":\"Person\",\"@id\":\"https:\/\/www.salvemsabadia.com\/#\/schema\/person\/5d08c5118adcb4140d13bde4826ba122\",\"name\":\"Salvem sa Badia\",\"image\":{\"@type\":\"ImageObject\",\"inLanguage\":\"es\",\"@id\":\"https:\/\/www.salvemsabadia.com\/#\/schema\/person\/image\/\",\"url\":\"https:\/\/secure.gravatar.com\/avatar\/d569ee5739a9c7022470ea472c9b4b9cf476e15f1be71e5242c911d673d14ad9?s=96&d=mm&r=g\",\"contentUrl\":\"https:\/\/secure.gravatar.com\/avatar\/d569ee5739a9c7022470ea472c9b4b9cf476e15f1be71e5242c911d673d14ad9?s=96&d=mm&r=g\",\"caption\":\"Salvem sa Badia\"}}]}<\/script>\n<!-- \/ Yoast SEO plugin. -->","yoast_head_json":{"title":"Sant Antoni pide por unanimidad al Govern balear que destine m\u00e1s medios a controlar los fondeos sobre posidonia - Salvem Sa Badia de Portmany","robots":{"index":"index","follow":"follow","max-snippet":"max-snippet:-1","max-image-preview":"max-image-preview:large","max-video-preview":"max-video-preview:-1"},"canonical":"https:\/\/www.salvemsabadia.com\/sant-antoni-demana-per-unanimitat-al-govern-balear-que-destini-mes-mitjans-a-controlar-els-fondejos-sobre-posidonia\/","og_locale":"es_ES","og_type":"article","og_title":"Sant Antoni pide por unanimidad al Govern balear que destine m\u00e1s medios a controlar los fondeos sobre posidonia - Salvem Sa Badia de Portmany","og_description":"Todos los partidos con representaci\u00f3n en el pleno del Ayuntamiento de Sant Antoni han aprobado por unanimidad solicitar al Govern balear que destine m\u00e1s medios para la vigilancia de los...","og_url":"https:\/\/www.salvemsabadia.com\/sant-antoni-demana-per-unanimitat-al-govern-balear-que-destini-mes-mitjans-a-controlar-els-fondejos-sobre-posidonia\/","og_site_name":"Salvem Sa Badia de Portmany","article_published_time":"2020-07-31T08:27:20+00:00","article_modified_time":"2022-08-15T07:57:26+00:00","og_image":[{"width":2000,"height":1333,"url":"https:\/\/www.salvemsabadia.com\/wp-content\/uploads\/2020\/07\/DSC02701.jpg","type":"image\/jpeg"}],"author":"Salvem sa Badia","twitter_card":"summary_large_image","twitter_misc":{"Escrito por":"Salvem sa Badia","Tiempo de lectura":"2 minutos"},"schema":{"@context":"https:\/\/schema.org","@graph":[{"@type":"Article","@id":"https:\/\/www.salvemsabadia.com\/sant-antoni-demana-per-unanimitat-al-govern-balear-que-destini-mes-mitjans-a-controlar-els-fondejos-sobre-posidonia\/#article","isPartOf":{"@id":"https:\/\/www.salvemsabadia.com\/sant-antoni-demana-per-unanimitat-al-govern-balear-que-destini-mes-mitjans-a-controlar-els-fondejos-sobre-posidonia\/"},"author":{"name":"Salvem sa Badia","@id":"https:\/\/www.salvemsabadia.com\/#\/schema\/person\/5d08c5118adcb4140d13bde4826ba122"},"headline":"Sant Antoni pide por unanimidad al Govern balear que destine m\u00e1s medios a controlar los fondeos sobre posidonia","datePublished":"2020-07-31T08:27:20+00:00","dateModified":"2022-08-15T07:57:26+00:00","mainEntityOfPage":{"@id":"https:\/\/www.salvemsabadia.com\/sant-antoni-demana-per-unanimitat-al-govern-balear-que-destini-mes-mitjans-a-controlar-els-fondejos-sobre-posidonia\/"},"wordCount":418,"commentCount":0,"publisher":{"@id":"https:\/\/www.salvemsabadia.com\/#organization"},"image":{"@id":"https:\/\/www.salvemsabadia.com\/sant-antoni-demana-per-unanimitat-al-govern-balear-que-destini-mes-mitjans-a-controlar-els-fondejos-sobre-posidonia\/#primaryimage"},"thumbnailUrl":"https:\/\/www.salvemsabadia.com\/wp-content\/uploads\/2020\/07\/DSC02701.jpg","articleSection":["Destacado","Fondeo irregular","Posidonia"],"inLanguage":"es","potentialAction":[{"@type":"CommentAction","name":"Comment","target":["https:\/\/www.salvemsabadia.com\/sant-antoni-demana-per-unanimitat-al-govern-balear-que-destini-mes-mitjans-a-controlar-els-fondejos-sobre-posidonia\/#respond"]}]},{"@type":"WebPage","@id":"https:\/\/www.salvemsabadia.com\/sant-antoni-demana-per-unanimitat-al-govern-balear-que-destini-mes-mitjans-a-controlar-els-fondejos-sobre-posidonia\/","url":"https:\/\/www.salvemsabadia.com\/sant-antoni-demana-per-unanimitat-al-govern-balear-que-destini-mes-mitjans-a-controlar-els-fondejos-sobre-posidonia\/","name":"Sant Antoni pide por unanimidad al Govern balear que destine m\u00e1s medios a controlar los fondeos sobre posidonia - Salvem Sa Badia de Portmany","isPartOf":{"@id":"https:\/\/www.salvemsabadia.com\/#website"},"primaryImageOfPage":{"@id":"https:\/\/www.salvemsabadia.com\/sant-antoni-demana-per-unanimitat-al-govern-balear-que-destini-mes-mitjans-a-controlar-els-fondejos-sobre-posidonia\/#primaryimage"},"image":{"@id":"https:\/\/www.salvemsabadia.com\/sant-antoni-demana-per-unanimitat-al-govern-balear-que-destini-mes-mitjans-a-controlar-els-fondejos-sobre-posidonia\/#primaryimage"},"thumbnailUrl":"https:\/\/www.salvemsabadia.com\/wp-content\/uploads\/2020\/07\/DSC02701.jpg","datePublished":"2020-07-31T08:27:20+00:00","dateModified":"2022-08-15T07:57:26+00:00","breadcrumb":{"@id":"https:\/\/www.salvemsabadia.com\/sant-antoni-demana-per-unanimitat-al-govern-balear-que-destini-mes-mitjans-a-controlar-els-fondejos-sobre-posidonia\/#breadcrumb"},"inLanguage":"es","potentialAction":[{"@type":"ReadAction","target":["https:\/\/www.salvemsabadia.com\/sant-antoni-demana-per-unanimitat-al-govern-balear-que-destini-mes-mitjans-a-controlar-els-fondejos-sobre-posidonia\/"]}]},{"@type":"ImageObject","inLanguage":"es","@id":"https:\/\/www.salvemsabadia.com\/sant-antoni-demana-per-unanimitat-al-govern-balear-que-destini-mes-mitjans-a-controlar-els-fondejos-sobre-posidonia\/#primaryimage","url":"https:\/\/www.salvemsabadia.com\/wp-content\/uploads\/2020\/07\/DSC02701.jpg","contentUrl":"https:\/\/www.salvemsabadia.com\/wp-content\/uploads\/2020\/07\/DSC02701.jpg","width":2000,"height":1333},{"@type":"BreadcrumbList","@id":"https:\/\/www.salvemsabadia.com\/sant-antoni-demana-per-unanimitat-al-govern-balear-que-destini-mes-mitjans-a-controlar-els-fondejos-sobre-posidonia\/#breadcrumb","itemListElement":[{"@type":"ListItem","position":1,"name":"Portada","item":"https:\/\/www.salvemsabadia.com\/es\/"},{"@type":"ListItem","position":2,"name":"Sant Antoni pide por unanimidad al Govern balear que destine m\u00e1s medios a controlar los fondeos sobre posidonia"}]},{"@type":"WebSite","@id":"https:\/\/www.salvemsabadia.com\/#website","url":"https:\/\/www.salvemsabadia.com\/","name":"Salvem Sa Badia de Portmany","description":"","publisher":{"@id":"https:\/\/www.salvemsabadia.com\/#organization"},"potentialAction":[{"@type":"SearchAction","target":{"@type":"EntryPoint","urlTemplate":"https:\/\/www.salvemsabadia.com\/?s={search_term_string}"},"query-input":{"@type":"PropertyValueSpecification","valueRequired":true,"valueName":"search_term_string"}}],"inLanguage":"es"},{"@type":"Organization","@id":"https:\/\/www.salvemsabadia.com\/#organization","name":"Salvem Sa Badia de Portmany","url":"https:\/\/www.salvemsabadia.com\/","logo":{"@type":"ImageObject","inLanguage":"es","@id":"https:\/\/www.salvemsabadia.com\/#\/schema\/logo\/image\/","url":"https:\/\/www.salvemsabadia.com\/wp-content\/uploads\/2020\/03\/logo.png","contentUrl":"https:\/\/www.salvemsabadia.com\/wp-content\/uploads\/2020\/03\/logo.png","width":188,"height":151,"caption":"Salvem Sa Badia de Portmany"},"image":{"@id":"https:\/\/www.salvemsabadia.com\/#\/schema\/logo\/image\/"}},{"@type":"Person","@id":"https:\/\/www.salvemsabadia.com\/#\/schema\/person\/5d08c5118adcb4140d13bde4826ba122","name":"Salvem sa Badia","image":{"@type":"ImageObject","inLanguage":"es","@id":"https:\/\/www.salvemsabadia.com\/#\/schema\/person\/image\/","url":"https:\/\/secure.gravatar.com\/avatar\/d569ee5739a9c7022470ea472c9b4b9cf476e15f1be71e5242c911d673d14ad9?s=96&d=mm&r=g","contentUrl":"https:\/\/secure.gravatar.com\/avatar\/d569ee5739a9c7022470ea472c9b4b9cf476e15f1be71e5242c911d673d14ad9?s=96&d=mm&r=g","caption":"Salvem sa Badia"}}]}},"_links":{"self":[{"href":"https:\/\/www.salvemsabadia.com\/es\/wp-json\/wp\/v2\/posts\/656","targetHints":{"allow":["GET"]}}],"collection":[{"href":"https:\/\/www.salvemsabadia.com\/es\/wp-json\/wp\/v2\/posts"}],"about":[{"href":"https:\/\/www.salvemsabadia.com\/es\/wp-json\/wp\/v2\/types\/post"}],"author":[{"embeddable":true,"href":"https:\/\/www.salvemsabadia.com\/es\/wp-json\/wp\/v2\/users\/2"}],"replies":[{"embeddable":true,"href":"https:\/\/www.salvemsabadia.com\/es\/wp-json\/wp\/v2\/comments?post=656"}],"version-history":[{"count":0,"href":"https:\/\/www.salvemsabadia.com\/es\/wp-json\/wp\/v2\/posts\/656\/revisions"}],"wp:featuredmedia":[{"embeddable":true,"href":"https:\/\/www.salvemsabadia.com\/es\/wp-json\/wp\/v2\/media\/657"}],"wp:attachment":[{"href":"https:\/\/www.salvemsabadia.com\/es\/wp-json\/wp\/v2\/media?parent=656"}],"wp:term":[{"taxonomy":"category","embeddable":true,"href":"https:\/\/www.salvemsabadia.com\/es\/wp-json\/wp\/v2\/categories?post=656"},{"taxonomy":"post_tag","embeddable":true,"href":"https:\/\/www.salvemsabadia.com\/es\/wp-json\/wp\/v2\/tags?post=656"}],"curies":[{"name":"wp","href":"https:\/\/api.w.org\/{rel}","templated":true}]}}