{"id":676,"date":"2020-08-05T10:09:48","date_gmt":"2020-08-05T08:09:48","guid":{"rendered":"https:\/\/www.salvemsabadia.com\/?p=676"},"modified":"2022-08-15T09:58:00","modified_gmt":"2022-08-15T07:58:00","slug":"el-colector-de-aguas-residuales-de-cala-de-bou-radiografia-del-desastre","status":"publish","type":"post","link":"https:\/\/www.salvemsabadia.com\/es\/el-colector-de-aguas-residuales-de-cala-de-bou-radiografia-del-desastre\/","title":{"rendered":"El colector de aguas residuales de Cala de Bou: radiograf\u00eda del desastre"},"content":{"rendered":"<div id=\"attachment_681\" style=\"width: 2010px\" class=\"wp-caption alignnone\"><img loading=\"lazy\" decoding=\"async\" aria-describedby=\"caption-attachment-681\" class=\"wp-image-681 size-full\" src=\"https:\/\/www.salvemsabadia.com\/wp-content\/uploads\/2020\/08\/DSC_8043.jpg\" alt=\"\" width=\"2000\" height=\"1339\" srcset=\"https:\/\/www.salvemsabadia.com\/wp-content\/uploads\/2020\/08\/DSC_8043.jpg 2000w, https:\/\/www.salvemsabadia.com\/wp-content\/uploads\/2020\/08\/DSC_8043-300x201.jpg 300w, https:\/\/www.salvemsabadia.com\/wp-content\/uploads\/2020\/08\/DSC_8043-1024x686.jpg 1024w, https:\/\/www.salvemsabadia.com\/wp-content\/uploads\/2020\/08\/DSC_8043-768x514.jpg 768w, https:\/\/www.salvemsabadia.com\/wp-content\/uploads\/2020\/08\/DSC_8043-1536x1028.jpg 1536w, https:\/\/www.salvemsabadia.com\/wp-content\/uploads\/2020\/08\/DSC_8043-900x604.jpg 900w, https:\/\/www.salvemsabadia.com\/wp-content\/uploads\/2020\/08\/DSC_8043-600x403.jpg 600w, https:\/\/www.salvemsabadia.com\/wp-content\/uploads\/2020\/08\/DSC_8043-400x269.jpg 400w\" sizes=\"auto, (max-width: 2000px) 100vw, 2000px\" \/><p id=\"caption-attachment-681\" class=\"wp-caption-text\">Boca de alcantarilla elevada frente a las casetas varadero de la Platja des Pinet<\/p><\/div>\n<p>Uno de los problemas m\u00e1s graves que afronta la bah\u00eda de Portmany son los vertidos de aguas sucias directamente en la orilla, que contaminan el mar y empeoran la calidad de las aguas de ba\u00f1o hasta el extremo de que en ocasiones algunas playas han tenido que ser clausuradas. En <a href=\"https:\/\/www.salvemsabadia.com\/es\/mas-de-un-centenar-de-desagues-y-aliviaderos-muchos-de-ellos-de-origen-desconocido-vierten-en-la-bahia-de-portmany-y-su-entorno\/\">este reportaje<\/a>, publicado el pasado mes de abril, ya explic\u00e1bamos que hay m\u00e1s de un centenar de desag\u00fces y aliviaderos, muchos de ellos de origen desconocido, que vierten al mar.<\/p>\n<p>El origen de algunas de estas tuber\u00edas, sin embargo, es perfectamente conocido y a menudo constituyen uno de los principales focos de contaminaci\u00f3n de las playas del lado sur de la bah\u00eda, ya en territorio del municipio de Sant Josep de Sa Talaia. Se trata de los aliviaderos que vierten aguas fecales al mar sin depurar cada vez que se produce un atasco en las estaciones de bombeo que se suceden por todo el litoral.<\/p>\n<p>El colector de aguas residuales de la zona de Cala de Bou fue creado alrededor de los a\u00f1os 60, cuando ya exist\u00edan algunos hoteles y edificios de apartamentos, pero antes de que se produjera la gran urbanizaci\u00f3n de los a\u00f1os 80. Por razones que en los tiempos actuales parecen inexplicables, se decidi\u00f3 que todas las conducciones de aguas fecales procedentes de los edificios que se iban erigiendo desembocaran por gravedad en la costa, donde se enterr\u00f3 un colector (tuber\u00eda) paralelo al mar, sobre las mismas rocas y la arena de las playas. Mediante estaciones de bombeo conducen en horizontal las aguas sucias desde el entorno de Es Cal\u00f3 de S\u2019Oli hasta la playa de S\u2019Estanyol, pasando por Platja d\u2019en Xinx\u00f3, Platja des Pinet y Cal\u00f3 d\u2019en Serral. A la altura del Hotel Bergant\u00edn, las aguas residuales se siguen bombeando hasta la planta depuradora de Sant Antoni, situada en el Cam\u00ed des Reguer\u00f3, cerca de Ses Pa\u00efsses.<\/p>\n<div id=\"attachment_677\" style=\"width: 2010px\" class=\"wp-caption alignnone\"><img loading=\"lazy\" decoding=\"async\" aria-describedby=\"caption-attachment-677\" class=\"wp-image-677 size-full\" src=\"https:\/\/www.salvemsabadia.com\/wp-content\/uploads\/2020\/08\/DSC_7993.jpg\" alt=\"\" width=\"2000\" height=\"1339\" srcset=\"https:\/\/www.salvemsabadia.com\/wp-content\/uploads\/2020\/08\/DSC_7993.jpg 2000w, https:\/\/www.salvemsabadia.com\/wp-content\/uploads\/2020\/08\/DSC_7993-300x201.jpg 300w, https:\/\/www.salvemsabadia.com\/wp-content\/uploads\/2020\/08\/DSC_7993-1024x686.jpg 1024w, https:\/\/www.salvemsabadia.com\/wp-content\/uploads\/2020\/08\/DSC_7993-768x514.jpg 768w, https:\/\/www.salvemsabadia.com\/wp-content\/uploads\/2020\/08\/DSC_7993-1536x1028.jpg 1536w, https:\/\/www.salvemsabadia.com\/wp-content\/uploads\/2020\/08\/DSC_7993-900x604.jpg 900w, https:\/\/www.salvemsabadia.com\/wp-content\/uploads\/2020\/08\/DSC_7993-600x403.jpg 600w, https:\/\/www.salvemsabadia.com\/wp-content\/uploads\/2020\/08\/DSC_7993-400x269.jpg 400w\" sizes=\"auto, (max-width: 2000px) 100vw, 2000px\" \/><p id=\"caption-attachment-677\" class=\"wp-caption-text\">Estaci\u00f3n de bombeo de aguas residuales de la playa de S&#8217;Estanyol, junto a la orilla<\/p><\/div>\n<p>Como dec\u00edamos, instalar una red de aguas fecales en la misma playa hoy en d\u00eda constituir\u00eda un aut\u00e9ntico disparate. Sin embargo, hace medio siglo se tom\u00f3 esta decisi\u00f3n porque era la forma de aprovechar al m\u00e1ximo el territorio, ubicando esta infraestructura sin afectar a propiedades privadas y permitiendo que hoteles y apartamentos se situaran lo m\u00e1s cerca posible de la orilla. Cabe subrayar que el colector siempre debe estar a una cota m\u00e1s baja que las construcciones a las que da servicio.<\/p>\n<p>Los consecuencias de esta decisi\u00f3n ahora son grav\u00edsimas. Las primeras son est\u00e9ticas, pues hay estaciones de bombeo que est\u00e1n enterradas, pero otras son perfectamente visibles y se ubican en mitad de la orilla. Las de Platja d\u2019en Xinx\u00f3, Platja des Pinet y S\u2019Estanyol \u2013una casetas blancas con puertas pintadas de verde\u2013, constituyen un buen ejemplo. Son tan visibles e indisimuladas, que realmente sorprenden. A ellas se suman las m\u00faltiples bocas de alcantarilla que se van sucediendo por la l\u00ednea de costa, a trav\u00e9s de las rocas, y que llevan a escenas tan rocambolescas como la que hay situada frente a las casetas varadero de la Platja des Pinet, que se eleva medio metro sobre el suelo para as\u00ed restar presi\u00f3n al sistema; y es solo un ejemplo de muchos. La segunda es a\u00fan peor, pues hablamos de continuos vertidos de aguas fecales sin depurar al mar.<\/p>\n<div id=\"attachment_685\" style=\"width: 2010px\" class=\"wp-caption alignnone\"><img loading=\"lazy\" decoding=\"async\" aria-describedby=\"caption-attachment-685\" class=\"wp-image-685 size-full\" src=\"https:\/\/www.salvemsabadia.com\/wp-content\/uploads\/2020\/08\/DSC02604.jpg\" alt=\"\" width=\"2000\" height=\"1333\" srcset=\"https:\/\/www.salvemsabadia.com\/wp-content\/uploads\/2020\/08\/DSC02604.jpg 2000w, https:\/\/www.salvemsabadia.com\/wp-content\/uploads\/2020\/08\/DSC02604-300x200.jpg 300w, https:\/\/www.salvemsabadia.com\/wp-content\/uploads\/2020\/08\/DSC02604-1024x682.jpg 1024w, https:\/\/www.salvemsabadia.com\/wp-content\/uploads\/2020\/08\/DSC02604-768x512.jpg 768w, https:\/\/www.salvemsabadia.com\/wp-content\/uploads\/2020\/08\/DSC02604-1536x1024.jpg 1536w, https:\/\/www.salvemsabadia.com\/wp-content\/uploads\/2020\/08\/DSC02604-900x600.jpg 900w\" sizes=\"auto, (max-width: 2000px) 100vw, 2000px\" \/><p id=\"caption-attachment-685\" class=\"wp-caption-text\">Platja d&#8217;en Xinx\u00f3, con una tapa de alcantarilla y a continuaci\u00f3n la estaci\u00f3n de bombeo<\/p><\/div>\n<p>Al colector de la zona de Cala de Bou caen por gravedad todas las aguas fecales desde la Avinguda de Sant Agust\u00ed y incluso m\u00e1s arriba. En verano, cuando toda la zona est\u00e1 en plena actividad, se producen constantes atascos en las estaciones de bombeo, a menudo provocados por toallitas y a veces incluso por toallas, que nadie se explica c\u00f3mo pueden acabar all\u00ed. Cada vez que ocurre, entran en funcionamiento los aliviaderos situados junto a las estaciones, que se adentran unos pocos metros en el mar, vomitando esas aguas sucias junto a las playas que los ba\u00f1istas utilizan masivamente. Dichos vertidos se producen constantemente y contaminan de forma muy grave todo este tramo de costa, hasta el extremo de representar un riesgo sanitario en momentos puntales. En Es Cal\u00f3 d\u2019en Serral la situaci\u00f3n es a\u00fan m\u00e1s grave, pues las aguas fecales a menudo corren sobre la misma superficie de la orilla, en lugar de ser conducidas al mar a trav\u00e9s de una tuber\u00eda, tal y como ocurre en las otras estaciones de bombeo. En la zona de Es Cal\u00f3 de S\u2019Oli incluso hay un tramo de rocas cubierto de toallitas.<\/p>\n<p>La raz\u00f3n de que se produzca una situaci\u00f3n tan grave en una zona que deber\u00eda de estar impoluta, dada la enorme densidad poblacional que acoge, es que la infraestructura se ha quedado completamente obsoleta y no da abasto. Anta\u00f1o se ocupaba de su mantenimiento el Ayuntamiento de Sant Josep de forma directa, pero actualmente lo hace a trav\u00e9s de una empresa llamada Aquambiente, que es la filial de servicios de agua de Acciona, el equivalente a Aqualia en FCC. Esta compa\u00f1\u00eda parchea como puede los problemas y aver\u00edas que van surgiendo, pero la instalaci\u00f3n ya no tiene soluci\u00f3n y se requiere crear otra nueva. A partir de la playa de S\u2019Estanyol, en el tramo que llega hasta la depuradora anexa al Cam\u00ed des Reguer\u00f3, ya se hace cargo de la instalaci\u00f3n el Govern Balear.<\/p>\n<div id=\"attachment_679\" style=\"width: 2010px\" class=\"wp-caption alignnone\"><img loading=\"lazy\" decoding=\"async\" aria-describedby=\"caption-attachment-679\" class=\"wp-image-679 size-full\" src=\"https:\/\/www.salvemsabadia.com\/wp-content\/uploads\/2020\/08\/DSC_8038.jpg\" alt=\"\" width=\"2000\" height=\"1339\" srcset=\"https:\/\/www.salvemsabadia.com\/wp-content\/uploads\/2020\/08\/DSC_8038.jpg 2000w, https:\/\/www.salvemsabadia.com\/wp-content\/uploads\/2020\/08\/DSC_8038-300x201.jpg 300w, https:\/\/www.salvemsabadia.com\/wp-content\/uploads\/2020\/08\/DSC_8038-1024x686.jpg 1024w, https:\/\/www.salvemsabadia.com\/wp-content\/uploads\/2020\/08\/DSC_8038-768x514.jpg 768w, https:\/\/www.salvemsabadia.com\/wp-content\/uploads\/2020\/08\/DSC_8038-1536x1028.jpg 1536w, https:\/\/www.salvemsabadia.com\/wp-content\/uploads\/2020\/08\/DSC_8038-900x604.jpg 900w, https:\/\/www.salvemsabadia.com\/wp-content\/uploads\/2020\/08\/DSC_8038-600x403.jpg 600w, https:\/\/www.salvemsabadia.com\/wp-content\/uploads\/2020\/08\/DSC_8038-400x269.jpg 400w\" sizes=\"auto, (max-width: 2000px) 100vw, 2000px\" \/><p id=\"caption-attachment-679\" class=\"wp-caption-text\">Todo el litoral del sur de la bah\u00eda est\u00e1 repleto de bocas de alcantarilla que brotan, de forma inveros\u00edmil, en mitad de las rocas<\/p><\/div>\n<p><strong>Proyecto de un nuevo paseo mar\u00edtimo<\/strong><\/p>\n<p>\u00bfPor qu\u00e9 no se ha sustituido la infraestructura antigua por otra nueva adecuada a la poblaci\u00f3n real de la zona? La respuesta obedece al conflicto que surge entre administraciones, pues el colector y sus estaciones de bombeo se encuentran dentro de la zona p\u00fablica mar\u00edtimo-terrestre y la Demarcaci\u00f3n de Costas, aunque parece dispuesta a permitir que la conducci\u00f3n s\u00ed discurra por su zona de tr\u00e1nsito, se niega a que las estaciones de bombeo se vuelvan a ubicar all\u00ed. El colector no puede situarse m\u00e1s arriba, por ejemplo en la calle Cala de Bou o en la Avinguda de Sant Agust\u00ed, porque la gravedad es un elemento esencial. No hay alternativa, tiene que discurrir por debajo de la primera l\u00ednea de edificios.<\/p>\n<p>Existe un proyecto impulsado por el Ayuntamiento de Sant Josep que dar\u00eda continuidad al paseo mar\u00edtimo de Sant Antoni, enlazando todo el litoral de la bah\u00eda. El tramo josep\u00ed dispondr\u00eda de pasarelas de madera con el menor impacto ambiental y bajo su recorrido se instalar\u00eda la nueva canalizaci\u00f3n. Costas, sin embargo, exige que las estaciones de bombeo se sit\u00faen en terrenos privados, lo que implicar\u00eda una complicada y larga negociaci\u00f3n para conseguir las parcelas necesarias. El proyecto lleva tiempo sin avances, al menos que se hayan hecho p\u00fablicos, y los atascos se siguen produciendo constantemente, generando cada vez mayor contaminaci\u00f3n en la bah\u00eda.<\/p>\n<div id=\"attachment_691\" style=\"width: 1130px\" class=\"wp-caption alignnone\"><img loading=\"lazy\" decoding=\"async\" aria-describedby=\"caption-attachment-691\" class=\"wp-image-691 size-full\" src=\"https:\/\/www.salvemsabadia.com\/wp-content\/uploads\/2020\/08\/estacion-impulsion-sEstanyol.jpg\" alt=\"\" width=\"1120\" height=\"809\" srcset=\"https:\/\/www.salvemsabadia.com\/wp-content\/uploads\/2020\/08\/estacion-impulsion-sEstanyol.jpg 1120w, https:\/\/www.salvemsabadia.com\/wp-content\/uploads\/2020\/08\/estacion-impulsion-sEstanyol-300x217.jpg 300w, https:\/\/www.salvemsabadia.com\/wp-content\/uploads\/2020\/08\/estacion-impulsion-sEstanyol-1024x740.jpg 1024w, https:\/\/www.salvemsabadia.com\/wp-content\/uploads\/2020\/08\/estacion-impulsion-sEstanyol-768x555.jpg 768w\" sizes=\"auto, (max-width: 1120px) 100vw, 1120px\" \/><p id=\"caption-attachment-691\" class=\"wp-caption-text\">La estaci\u00f3n de bombeo de S&#8217;Estanyol, a vista de p\u00e1jaro. En la imagen puede apreciarse el aliviadero que hay en el mar<\/p><\/div>\n<p><strong>Depurar agua salinizada<\/strong><\/p>\n<p>El problema de la contaminaci\u00f3n por aguas residuales no termina en el colector de Cala de Bou. Adem\u00e1s de las docenas de desag\u00fces de origen desconocido que vierten en la bah\u00eda, existe el problema de la alta salinizaci\u00f3n del agua residual que llega a la depuradora, ya que esta anomal\u00eda dificulta considerablemente el filtrado. Una vez se ha realizado este proceso, que implica gestionar hasta 16.000 metros c\u00fabicos de aguas sucias al d\u00eda en los momentos \u00e1lgidos de la temporada, el agua es devuelta a la bah\u00eda a trav\u00e9s del emisario de Punta Xinx\u00f3, que se adentra en el mar aproximadamente un kil\u00f3metro. Al estar este agua completamente salinizada, no puede reutilizarse y a menudo se evacua en unas condiciones que no son las adecuadas.<\/p>\n<p>Si el agua que se emplea en toda esta zona fuera desalada, s\u00ed podr\u00eda reutilizarse, pero para ello los hoteles deber\u00edan conectarse a la red p\u00fablica en lugar de emplear agua de pozos con un elevado contenido en sal. Y tampoco est\u00e1 claro que la capacidad de desalaci\u00f3n que existe en Ibiza pudiera soportar tal incremento de demanda.<\/p>\n<p>En cualquier caso, la renovaci\u00f3n del colector de Cala de Bou constituye uno de las prioridades si el objetivo es disfrutar de una bah\u00eda limpia y unas playas de calidad, con las m\u00e1ximas garant\u00edas higi\u00e9nico-sanitarias.<\/p>\n<div id=\"attachment_689\" style=\"width: 2010px\" class=\"wp-caption alignnone\"><img loading=\"lazy\" decoding=\"async\" aria-describedby=\"caption-attachment-689\" class=\"wp-image-689 size-full\" src=\"https:\/\/www.salvemsabadia.com\/wp-content\/uploads\/2020\/08\/DSC02735.jpg\" alt=\"\" width=\"2000\" height=\"1333\" srcset=\"https:\/\/www.salvemsabadia.com\/wp-content\/uploads\/2020\/08\/DSC02735.jpg 2000w, https:\/\/www.salvemsabadia.com\/wp-content\/uploads\/2020\/08\/DSC02735-300x200.jpg 300w, https:\/\/www.salvemsabadia.com\/wp-content\/uploads\/2020\/08\/DSC02735-1024x682.jpg 1024w, https:\/\/www.salvemsabadia.com\/wp-content\/uploads\/2020\/08\/DSC02735-768x512.jpg 768w, https:\/\/www.salvemsabadia.com\/wp-content\/uploads\/2020\/08\/DSC02735-1536x1024.jpg 1536w, https:\/\/www.salvemsabadia.com\/wp-content\/uploads\/2020\/08\/DSC02735-900x600.jpg 900w\" sizes=\"auto, (max-width: 2000px) 100vw, 2000px\" \/><p id=\"caption-attachment-689\" class=\"wp-caption-text\">Estaci\u00f3n de bombeo de Punta Pinet<\/p><\/div>\n<div id=\"attachment_683\" style=\"width: 2010px\" class=\"wp-caption alignnone\"><img loading=\"lazy\" decoding=\"async\" aria-describedby=\"caption-attachment-683\" class=\"wp-image-683 size-full\" src=\"https:\/\/www.salvemsabadia.com\/wp-content\/uploads\/2020\/08\/DSC_8061.jpg\" alt=\"\" width=\"2000\" height=\"1339\" srcset=\"https:\/\/www.salvemsabadia.com\/wp-content\/uploads\/2020\/08\/DSC_8061.jpg 2000w, https:\/\/www.salvemsabadia.com\/wp-content\/uploads\/2020\/08\/DSC_8061-300x201.jpg 300w, https:\/\/www.salvemsabadia.com\/wp-content\/uploads\/2020\/08\/DSC_8061-1024x686.jpg 1024w, https:\/\/www.salvemsabadia.com\/wp-content\/uploads\/2020\/08\/DSC_8061-768x514.jpg 768w, https:\/\/www.salvemsabadia.com\/wp-content\/uploads\/2020\/08\/DSC_8061-1536x1028.jpg 1536w, https:\/\/www.salvemsabadia.com\/wp-content\/uploads\/2020\/08\/DSC_8061-900x604.jpg 900w, https:\/\/www.salvemsabadia.com\/wp-content\/uploads\/2020\/08\/DSC_8061-600x403.jpg 600w, https:\/\/www.salvemsabadia.com\/wp-content\/uploads\/2020\/08\/DSC_8061-400x269.jpg 400w\" sizes=\"auto, (max-width: 2000px) 100vw, 2000px\" \/><p id=\"caption-attachment-683\" class=\"wp-caption-text\">Tapa de alcantarilla en el entorno de Es Cal\u00f3 de S&#8217;Oli<\/p><\/div>\n","protected":false},"excerpt":{"rendered":"<p>Uno de los problemas m\u00e1s graves que afronta la bah\u00eda de Portmany son los vertidos de aguas sucias directamente en la orilla, que contaminan el mar y empeoran la calidad&#8230;<\/p>\n","protected":false},"author":2,"featured_media":681,"comment_status":"open","ping_status":"open","sticky":false,"template":"","format":"standard","meta":{"give_campaign_id":0,"footnotes":""},"categories":[203,106],"tags":[],"class_list":{"0":"post-676","1":"post","2":"type-post","3":"status-publish","4":"format-standard","5":"has-post-thumbnail","7":"category-calidad-del-agua","8":"category-destacado"},"yoast_head":"<!-- This site is optimized with the Yoast SEO plugin v26.8 - https:\/\/yoast.com\/product\/yoast-seo-wordpress\/ -->\n<title>El colector de aguas residuales de Cala de Bou: radiograf\u00eda del desastre - Salvem Sa Badia de Portmany<\/title>\n<meta name=\"robots\" content=\"index, follow, max-snippet:-1, max-image-preview:large, max-video-preview:-1\" \/>\n<link rel=\"canonical\" href=\"https:\/\/www.salvemsabadia.com\/el-collector-de-aigues-residuals-de-cala-de-bou-radiografia-del-desastre\/\" \/>\n<meta property=\"og:locale\" content=\"es_ES\" \/>\n<meta property=\"og:type\" content=\"article\" \/>\n<meta property=\"og:title\" content=\"El colector de aguas residuales de Cala de Bou: radiograf\u00eda del desastre - Salvem Sa Badia de Portmany\" \/>\n<meta property=\"og:description\" content=\"Uno de los problemas m\u00e1s graves que afronta la bah\u00eda de Portmany son los vertidos de aguas sucias directamente en la orilla, que contaminan el mar y empeoran la calidad...\" \/>\n<meta property=\"og:url\" content=\"https:\/\/www.salvemsabadia.com\/el-collector-de-aigues-residuals-de-cala-de-bou-radiografia-del-desastre\/\" \/>\n<meta property=\"og:site_name\" content=\"Salvem Sa Badia de Portmany\" \/>\n<meta property=\"article:published_time\" content=\"2020-08-05T08:09:48+00:00\" \/>\n<meta property=\"article:modified_time\" content=\"2022-08-15T07:58:00+00:00\" \/>\n<meta property=\"og:image\" content=\"https:\/\/www.salvemsabadia.com\/wp-content\/uploads\/2020\/08\/DSC_8043-1024x686.jpg\" \/>\n\t<meta property=\"og:image:width\" content=\"1024\" \/>\n\t<meta property=\"og:image:height\" content=\"686\" \/>\n\t<meta property=\"og:image:type\" content=\"image\/jpeg\" \/>\n<meta name=\"author\" content=\"Salvem sa Badia\" \/>\n<meta name=\"twitter:card\" content=\"summary_large_image\" \/>\n<meta name=\"twitter:label1\" content=\"Escrito por\" \/>\n\t<meta name=\"twitter:data1\" content=\"Salvem sa Badia\" \/>\n\t<meta name=\"twitter:label2\" content=\"Tiempo de lectura\" \/>\n\t<meta name=\"twitter:data2\" content=\"8 minutos\" \/>\n<script type=\"application\/ld+json\" class=\"yoast-schema-graph\">{\"@context\":\"https:\/\/schema.org\",\"@graph\":[{\"@type\":\"Article\",\"@id\":\"https:\/\/www.salvemsabadia.com\/el-collector-de-aigues-residuals-de-cala-de-bou-radiografia-del-desastre\/#article\",\"isPartOf\":{\"@id\":\"https:\/\/www.salvemsabadia.com\/el-collector-de-aigues-residuals-de-cala-de-bou-radiografia-del-desastre\/\"},\"author\":{\"name\":\"Salvem sa Badia\",\"@id\":\"https:\/\/www.salvemsabadia.com\/#\/schema\/person\/5d08c5118adcb4140d13bde4826ba122\"},\"headline\":\"El colector de aguas residuales de Cala de Bou: radiograf\u00eda del desastre\",\"datePublished\":\"2020-08-05T08:09:48+00:00\",\"dateModified\":\"2022-08-15T07:58:00+00:00\",\"mainEntityOfPage\":{\"@id\":\"https:\/\/www.salvemsabadia.com\/el-collector-de-aigues-residuals-de-cala-de-bou-radiografia-del-desastre\/\"},\"wordCount\":1594,\"commentCount\":0,\"publisher\":{\"@id\":\"https:\/\/www.salvemsabadia.com\/#organization\"},\"image\":{\"@id\":\"https:\/\/www.salvemsabadia.com\/el-collector-de-aigues-residuals-de-cala-de-bou-radiografia-del-desastre\/#primaryimage\"},\"thumbnailUrl\":\"https:\/\/www.salvemsabadia.com\/wp-content\/uploads\/2020\/08\/DSC_8043.jpg\",\"articleSection\":[\"Calidad del agua\",\"Destacado\"],\"inLanguage\":\"es\",\"potentialAction\":[{\"@type\":\"CommentAction\",\"name\":\"Comment\",\"target\":[\"https:\/\/www.salvemsabadia.com\/el-collector-de-aigues-residuals-de-cala-de-bou-radiografia-del-desastre\/#respond\"]}]},{\"@type\":\"WebPage\",\"@id\":\"https:\/\/www.salvemsabadia.com\/el-collector-de-aigues-residuals-de-cala-de-bou-radiografia-del-desastre\/\",\"url\":\"https:\/\/www.salvemsabadia.com\/el-collector-de-aigues-residuals-de-cala-de-bou-radiografia-del-desastre\/\",\"name\":\"El colector de aguas residuales de Cala de Bou: radiograf\u00eda del desastre - Salvem Sa Badia de Portmany\",\"isPartOf\":{\"@id\":\"https:\/\/www.salvemsabadia.com\/#website\"},\"primaryImageOfPage\":{\"@id\":\"https:\/\/www.salvemsabadia.com\/el-collector-de-aigues-residuals-de-cala-de-bou-radiografia-del-desastre\/#primaryimage\"},\"image\":{\"@id\":\"https:\/\/www.salvemsabadia.com\/el-collector-de-aigues-residuals-de-cala-de-bou-radiografia-del-desastre\/#primaryimage\"},\"thumbnailUrl\":\"https:\/\/www.salvemsabadia.com\/wp-content\/uploads\/2020\/08\/DSC_8043.jpg\",\"datePublished\":\"2020-08-05T08:09:48+00:00\",\"dateModified\":\"2022-08-15T07:58:00+00:00\",\"breadcrumb\":{\"@id\":\"https:\/\/www.salvemsabadia.com\/el-collector-de-aigues-residuals-de-cala-de-bou-radiografia-del-desastre\/#breadcrumb\"},\"inLanguage\":\"es\",\"potentialAction\":[{\"@type\":\"ReadAction\",\"target\":[\"https:\/\/www.salvemsabadia.com\/el-collector-de-aigues-residuals-de-cala-de-bou-radiografia-del-desastre\/\"]}]},{\"@type\":\"ImageObject\",\"inLanguage\":\"es\",\"@id\":\"https:\/\/www.salvemsabadia.com\/el-collector-de-aigues-residuals-de-cala-de-bou-radiografia-del-desastre\/#primaryimage\",\"url\":\"https:\/\/www.salvemsabadia.com\/wp-content\/uploads\/2020\/08\/DSC_8043.jpg\",\"contentUrl\":\"https:\/\/www.salvemsabadia.com\/wp-content\/uploads\/2020\/08\/DSC_8043.jpg\",\"width\":2000,\"height\":1339},{\"@type\":\"BreadcrumbList\",\"@id\":\"https:\/\/www.salvemsabadia.com\/el-collector-de-aigues-residuals-de-cala-de-bou-radiografia-del-desastre\/#breadcrumb\",\"itemListElement\":[{\"@type\":\"ListItem\",\"position\":1,\"name\":\"Portada\",\"item\":\"https:\/\/www.salvemsabadia.com\/es\/\"},{\"@type\":\"ListItem\",\"position\":2,\"name\":\"El colector de aguas residuales de Cala de Bou: radiograf\u00eda del desastre\"}]},{\"@type\":\"WebSite\",\"@id\":\"https:\/\/www.salvemsabadia.com\/#website\",\"url\":\"https:\/\/www.salvemsabadia.com\/\",\"name\":\"Salvem Sa Badia de Portmany\",\"description\":\"\",\"publisher\":{\"@id\":\"https:\/\/www.salvemsabadia.com\/#organization\"},\"potentialAction\":[{\"@type\":\"SearchAction\",\"target\":{\"@type\":\"EntryPoint\",\"urlTemplate\":\"https:\/\/www.salvemsabadia.com\/?s={search_term_string}\"},\"query-input\":{\"@type\":\"PropertyValueSpecification\",\"valueRequired\":true,\"valueName\":\"search_term_string\"}}],\"inLanguage\":\"es\"},{\"@type\":\"Organization\",\"@id\":\"https:\/\/www.salvemsabadia.com\/#organization\",\"name\":\"Salvem Sa Badia de Portmany\",\"url\":\"https:\/\/www.salvemsabadia.com\/\",\"logo\":{\"@type\":\"ImageObject\",\"inLanguage\":\"es\",\"@id\":\"https:\/\/www.salvemsabadia.com\/#\/schema\/logo\/image\/\",\"url\":\"https:\/\/www.salvemsabadia.com\/wp-content\/uploads\/2020\/03\/logo.png\",\"contentUrl\":\"https:\/\/www.salvemsabadia.com\/wp-content\/uploads\/2020\/03\/logo.png\",\"width\":188,\"height\":151,\"caption\":\"Salvem Sa Badia de Portmany\"},\"image\":{\"@id\":\"https:\/\/www.salvemsabadia.com\/#\/schema\/logo\/image\/\"}},{\"@type\":\"Person\",\"@id\":\"https:\/\/www.salvemsabadia.com\/#\/schema\/person\/5d08c5118adcb4140d13bde4826ba122\",\"name\":\"Salvem sa Badia\",\"image\":{\"@type\":\"ImageObject\",\"inLanguage\":\"es\",\"@id\":\"https:\/\/www.salvemsabadia.com\/#\/schema\/person\/image\/\",\"url\":\"https:\/\/secure.gravatar.com\/avatar\/d569ee5739a9c7022470ea472c9b4b9cf476e15f1be71e5242c911d673d14ad9?s=96&d=mm&r=g\",\"contentUrl\":\"https:\/\/secure.gravatar.com\/avatar\/d569ee5739a9c7022470ea472c9b4b9cf476e15f1be71e5242c911d673d14ad9?s=96&d=mm&r=g\",\"caption\":\"Salvem sa Badia\"}}]}<\/script>\n<!-- \/ Yoast SEO plugin. -->","yoast_head_json":{"title":"El colector de aguas residuales de Cala de Bou: radiograf\u00eda del desastre - Salvem Sa Badia de Portmany","robots":{"index":"index","follow":"follow","max-snippet":"max-snippet:-1","max-image-preview":"max-image-preview:large","max-video-preview":"max-video-preview:-1"},"canonical":"https:\/\/www.salvemsabadia.com\/el-collector-de-aigues-residuals-de-cala-de-bou-radiografia-del-desastre\/","og_locale":"es_ES","og_type":"article","og_title":"El colector de aguas residuales de Cala de Bou: radiograf\u00eda del desastre - Salvem Sa Badia de Portmany","og_description":"Uno de los problemas m\u00e1s graves que afronta la bah\u00eda de Portmany son los vertidos de aguas sucias directamente en la orilla, que contaminan el mar y empeoran la calidad...","og_url":"https:\/\/www.salvemsabadia.com\/el-collector-de-aigues-residuals-de-cala-de-bou-radiografia-del-desastre\/","og_site_name":"Salvem Sa Badia de Portmany","article_published_time":"2020-08-05T08:09:48+00:00","article_modified_time":"2022-08-15T07:58:00+00:00","og_image":[{"width":1024,"height":686,"url":"https:\/\/www.salvemsabadia.com\/wp-content\/uploads\/2020\/08\/DSC_8043-1024x686.jpg","type":"image\/jpeg"}],"author":"Salvem sa Badia","twitter_card":"summary_large_image","twitter_misc":{"Escrito por":"Salvem sa Badia","Tiempo de lectura":"8 minutos"},"schema":{"@context":"https:\/\/schema.org","@graph":[{"@type":"Article","@id":"https:\/\/www.salvemsabadia.com\/el-collector-de-aigues-residuals-de-cala-de-bou-radiografia-del-desastre\/#article","isPartOf":{"@id":"https:\/\/www.salvemsabadia.com\/el-collector-de-aigues-residuals-de-cala-de-bou-radiografia-del-desastre\/"},"author":{"name":"Salvem sa Badia","@id":"https:\/\/www.salvemsabadia.com\/#\/schema\/person\/5d08c5118adcb4140d13bde4826ba122"},"headline":"El colector de aguas residuales de Cala de Bou: radiograf\u00eda del desastre","datePublished":"2020-08-05T08:09:48+00:00","dateModified":"2022-08-15T07:58:00+00:00","mainEntityOfPage":{"@id":"https:\/\/www.salvemsabadia.com\/el-collector-de-aigues-residuals-de-cala-de-bou-radiografia-del-desastre\/"},"wordCount":1594,"commentCount":0,"publisher":{"@id":"https:\/\/www.salvemsabadia.com\/#organization"},"image":{"@id":"https:\/\/www.salvemsabadia.com\/el-collector-de-aigues-residuals-de-cala-de-bou-radiografia-del-desastre\/#primaryimage"},"thumbnailUrl":"https:\/\/www.salvemsabadia.com\/wp-content\/uploads\/2020\/08\/DSC_8043.jpg","articleSection":["Calidad del agua","Destacado"],"inLanguage":"es","potentialAction":[{"@type":"CommentAction","name":"Comment","target":["https:\/\/www.salvemsabadia.com\/el-collector-de-aigues-residuals-de-cala-de-bou-radiografia-del-desastre\/#respond"]}]},{"@type":"WebPage","@id":"https:\/\/www.salvemsabadia.com\/el-collector-de-aigues-residuals-de-cala-de-bou-radiografia-del-desastre\/","url":"https:\/\/www.salvemsabadia.com\/el-collector-de-aigues-residuals-de-cala-de-bou-radiografia-del-desastre\/","name":"El colector de aguas residuales de Cala de Bou: radiograf\u00eda del desastre - Salvem Sa Badia de Portmany","isPartOf":{"@id":"https:\/\/www.salvemsabadia.com\/#website"},"primaryImageOfPage":{"@id":"https:\/\/www.salvemsabadia.com\/el-collector-de-aigues-residuals-de-cala-de-bou-radiografia-del-desastre\/#primaryimage"},"image":{"@id":"https:\/\/www.salvemsabadia.com\/el-collector-de-aigues-residuals-de-cala-de-bou-radiografia-del-desastre\/#primaryimage"},"thumbnailUrl":"https:\/\/www.salvemsabadia.com\/wp-content\/uploads\/2020\/08\/DSC_8043.jpg","datePublished":"2020-08-05T08:09:48+00:00","dateModified":"2022-08-15T07:58:00+00:00","breadcrumb":{"@id":"https:\/\/www.salvemsabadia.com\/el-collector-de-aigues-residuals-de-cala-de-bou-radiografia-del-desastre\/#breadcrumb"},"inLanguage":"es","potentialAction":[{"@type":"ReadAction","target":["https:\/\/www.salvemsabadia.com\/el-collector-de-aigues-residuals-de-cala-de-bou-radiografia-del-desastre\/"]}]},{"@type":"ImageObject","inLanguage":"es","@id":"https:\/\/www.salvemsabadia.com\/el-collector-de-aigues-residuals-de-cala-de-bou-radiografia-del-desastre\/#primaryimage","url":"https:\/\/www.salvemsabadia.com\/wp-content\/uploads\/2020\/08\/DSC_8043.jpg","contentUrl":"https:\/\/www.salvemsabadia.com\/wp-content\/uploads\/2020\/08\/DSC_8043.jpg","width":2000,"height":1339},{"@type":"BreadcrumbList","@id":"https:\/\/www.salvemsabadia.com\/el-collector-de-aigues-residuals-de-cala-de-bou-radiografia-del-desastre\/#breadcrumb","itemListElement":[{"@type":"ListItem","position":1,"name":"Portada","item":"https:\/\/www.salvemsabadia.com\/es\/"},{"@type":"ListItem","position":2,"name":"El colector de aguas residuales de Cala de Bou: radiograf\u00eda del desastre"}]},{"@type":"WebSite","@id":"https:\/\/www.salvemsabadia.com\/#website","url":"https:\/\/www.salvemsabadia.com\/","name":"Salvem Sa Badia de Portmany","description":"","publisher":{"@id":"https:\/\/www.salvemsabadia.com\/#organization"},"potentialAction":[{"@type":"SearchAction","target":{"@type":"EntryPoint","urlTemplate":"https:\/\/www.salvemsabadia.com\/?s={search_term_string}"},"query-input":{"@type":"PropertyValueSpecification","valueRequired":true,"valueName":"search_term_string"}}],"inLanguage":"es"},{"@type":"Organization","@id":"https:\/\/www.salvemsabadia.com\/#organization","name":"Salvem Sa Badia de Portmany","url":"https:\/\/www.salvemsabadia.com\/","logo":{"@type":"ImageObject","inLanguage":"es","@id":"https:\/\/www.salvemsabadia.com\/#\/schema\/logo\/image\/","url":"https:\/\/www.salvemsabadia.com\/wp-content\/uploads\/2020\/03\/logo.png","contentUrl":"https:\/\/www.salvemsabadia.com\/wp-content\/uploads\/2020\/03\/logo.png","width":188,"height":151,"caption":"Salvem Sa Badia de Portmany"},"image":{"@id":"https:\/\/www.salvemsabadia.com\/#\/schema\/logo\/image\/"}},{"@type":"Person","@id":"https:\/\/www.salvemsabadia.com\/#\/schema\/person\/5d08c5118adcb4140d13bde4826ba122","name":"Salvem sa Badia","image":{"@type":"ImageObject","inLanguage":"es","@id":"https:\/\/www.salvemsabadia.com\/#\/schema\/person\/image\/","url":"https:\/\/secure.gravatar.com\/avatar\/d569ee5739a9c7022470ea472c9b4b9cf476e15f1be71e5242c911d673d14ad9?s=96&d=mm&r=g","contentUrl":"https:\/\/secure.gravatar.com\/avatar\/d569ee5739a9c7022470ea472c9b4b9cf476e15f1be71e5242c911d673d14ad9?s=96&d=mm&r=g","caption":"Salvem sa Badia"}}]}},"_links":{"self":[{"href":"https:\/\/www.salvemsabadia.com\/es\/wp-json\/wp\/v2\/posts\/676","targetHints":{"allow":["GET"]}}],"collection":[{"href":"https:\/\/www.salvemsabadia.com\/es\/wp-json\/wp\/v2\/posts"}],"about":[{"href":"https:\/\/www.salvemsabadia.com\/es\/wp-json\/wp\/v2\/types\/post"}],"author":[{"embeddable":true,"href":"https:\/\/www.salvemsabadia.com\/es\/wp-json\/wp\/v2\/users\/2"}],"replies":[{"embeddable":true,"href":"https:\/\/www.salvemsabadia.com\/es\/wp-json\/wp\/v2\/comments?post=676"}],"version-history":[{"count":0,"href":"https:\/\/www.salvemsabadia.com\/es\/wp-json\/wp\/v2\/posts\/676\/revisions"}],"wp:featuredmedia":[{"embeddable":true,"href":"https:\/\/www.salvemsabadia.com\/es\/wp-json\/wp\/v2\/media\/681"}],"wp:attachment":[{"href":"https:\/\/www.salvemsabadia.com\/es\/wp-json\/wp\/v2\/media?parent=676"}],"wp:term":[{"taxonomy":"category","embeddable":true,"href":"https:\/\/www.salvemsabadia.com\/es\/wp-json\/wp\/v2\/categories?post=676"},{"taxonomy":"post_tag","embeddable":true,"href":"https:\/\/www.salvemsabadia.com\/es\/wp-json\/wp\/v2\/tags?post=676"}],"curies":[{"name":"wp","href":"https:\/\/api.w.org\/{rel}","templated":true}]}}