{"id":822,"date":"2020-09-04T10:09:51","date_gmt":"2020-09-04T08:09:51","guid":{"rendered":"https:\/\/www.salvemsabadia.com\/?p=822"},"modified":"2022-08-15T10:01:15","modified_gmt":"2022-08-15T08:01:15","slug":"el-ayuntamiento-de-sant-antoni-no-hara-la-consulta-popular-sobre-el-trafico-de-ferris-en-la-bahia","status":"publish","type":"post","link":"https:\/\/www.salvemsabadia.com\/es\/el-ayuntamiento-de-sant-antoni-no-hara-la-consulta-popular-sobre-el-trafico-de-ferris-en-la-bahia\/","title":{"rendered":"El Ayuntamiento de Sant Antoni no har\u00e1 la consulta popular sobre el tr\u00e1fico de ferris en la bah\u00eda"},"content":{"rendered":"<p><img loading=\"lazy\" decoding=\"async\" class=\"alignnone wp-image-823\" src=\"https:\/\/www.salvemsabadia.com\/wp-content\/uploads\/2020\/09\/DSC02698-300x200.jpg\" alt=\"\" width=\"850\" height=\"567\" srcset=\"https:\/\/www.salvemsabadia.com\/wp-content\/uploads\/2020\/09\/DSC02698-300x200.jpg 300w, https:\/\/www.salvemsabadia.com\/wp-content\/uploads\/2020\/09\/DSC02698-1024x682.jpg 1024w, https:\/\/www.salvemsabadia.com\/wp-content\/uploads\/2020\/09\/DSC02698-768x512.jpg 768w, https:\/\/www.salvemsabadia.com\/wp-content\/uploads\/2020\/09\/DSC02698-1536x1024.jpg 1536w, https:\/\/www.salvemsabadia.com\/wp-content\/uploads\/2020\/09\/DSC02698-900x600.jpg 900w, https:\/\/www.salvemsabadia.com\/wp-content\/uploads\/2020\/09\/DSC02698.jpg 2000w\" sizes=\"auto, (max-width: 850px) 100vw, 850px\" \/>Durante la inauguraci\u00f3n del nuevo edificio de Ports IB en Sant Antoni, que se celebr\u00f3 el pasado mi\u00e9rcoles, el alcalde de la localidad, Marcos Serra, declar\u00f3 que finalmente no se realizar\u00e1 la consulta popular que se hab\u00eda previsto para determinar la voluntad de los ciudadanos acerca de la continuidad o paralizaci\u00f3n del tr\u00e1fico de ferris en la bah\u00eda, seg\u00fan ha publicado <a href=\"https:\/\/www.diariodeibiza.es\/pitiuses-balears\/2020\/09\/03\/sant-antoni-descarta-consulta-popular\/1166685.html\" target=\"_blank\" rel=\"noopener noreferrer\">Diario de Ibiza<\/a>.<\/p>\n<p>Cabe recordar que, desde marzo de 2019, existe una moratoria que impide que los ferris operen en el puerto de Sant Antoni y que concluye el pr\u00f3ximo 31 de diciembre. Ante esta circunstancia, el tripartido que gobierna el Ayuntamiento de la localidad (PP, Proposta per Eivissa y Ciudadanos) incluy\u00f3 en el punto 5 de su pacto de gobierno \u201cpromover una consulta ciudadana para asegurar la mejor soluci\u00f3n referente a la apertura y a la no privatizaci\u00f3n del puerto de Sant Antoni\u201d. El pasado enero, el propio alcalde asegur\u00f3 que este proceso se desarrollar\u00eda a lo largo de 2020: \u201cYa veremos qu\u00e9 sistema adoptamos: que sean los vecinos directamente o las distintas asociaciones constituidas en el municipio las que decidan qu\u00e9 futuro quieren para el puerto\u201d, explic\u00f3 entonces.<\/p>\n<p>El mi\u00e9rcoles, sin embargo, el alcalde dijo que quedaba descartada esta consulta ciudadana porque \u201cla ley no permite que el Ayuntamiento convoque una consulta popular sobre una cuesti\u00f3n que no es de su competencia. Nosotros podemos pronunciarnos, pero Ports de Balears tiene la \u00faltima palabra. Nuestra idea era hacer una consulta popular, pero al tener una competencia directa no podemos\u201d, declar\u00f3.<\/p>\n<p>Serra, adem\u00e1s, abog\u00f3 por la propuesta que su partido, el PP, defend\u00eda en el pasado mandato: \u201cSi los camiones son molestos, al menos que se permita el tr\u00e1fico rodado de los pasajeros con sus veh\u00edculos\u201d y a\u00f1adi\u00f3 que se debe reunir con sus socios de gobierno y con diversas entidades sociales del municipio para debatir esta cuesti\u00f3n. Tambi\u00e9n con las navieras porque si se toman medidas y a \u00e9stas no les interesa operar en esas condiciones, \u201cmejor decirles que directamente no vengan\u201d, se\u00f1al\u00f3 Serra, tal y como se apunta desde Diario de Ibiza.<\/p>\n<p>El alcalde tambi\u00e9n dijo que se pueden estudiar otras cuestiones para evitar los problemas de tr\u00e1fico en el puerto, como que los ferris no embarquen ni desembarquen en horas puntas. Adem\u00e1s, para evitar las molestias que ocasionan a los ba\u00f1istas las olas que generan los ferris, Serra tambi\u00e9n se\u00f1ala la posibilidad de que los ferris lleguen y abandonen la bah\u00eda a primera y \u00faltima hora del d\u00eda y que se reduzca m\u00e1s la velocidad.<\/p>\n<p>Es importante subrayar que el Comit\u00e9 Ciudadano de Sant Antoni, en el que est\u00e1n representados los sectores sociales y empresariales del municipio, ya vot\u00f3 por abrumadora mayor\u00eda que no deb\u00edan volver los ferris al puerto porque representan m\u00e1s desventajas que beneficios, seg\u00fan se reflej\u00f3 en el acta de aquella reuni\u00f3n. Adem\u00e1s, otros colectivos de la bah\u00eda se han mostrado contrarios al retorno de los ferris.<\/p>\n<p>Por su parte, el conseller balear de Movilidad y Vivienda, Marc Pons, que tambi\u00e9n acudi\u00f3 a la inauguraci\u00f3n de la nueva sede, subray\u00f3 que antes de final de a\u00f1o se tiene que decidir si se recupera o no el tr\u00e1fico de veh\u00edculos y mercanc\u00edas mediante ferris en Sant Antoni. \u201cEn los pr\u00f3ximos meses debemos mantener reuniones con el Ayuntamiento para concretar una respuesta. Nuestra voluntad es la de hablar las cosas y buscar acuerdos. As\u00ed hemos trabajado siempre\u00bb, afirm\u00f3 Pons.<\/p>\n","protected":false},"excerpt":{"rendered":"<p>Durante la inauguraci\u00f3n del nuevo edificio de Ports IB en Sant Antoni, que se celebr\u00f3 el pasado mi\u00e9rcoles, el alcalde de la localidad, Marcos Serra, declar\u00f3 que finalmente no se&#8230;<\/p>\n","protected":false},"author":2,"featured_media":823,"comment_status":"open","ping_status":"open","sticky":false,"template":"","format":"standard","meta":{"give_campaign_id":0,"footnotes":""},"categories":[106,214],"tags":[],"class_list":{"0":"post-822","1":"post","2":"type-post","3":"status-publish","4":"format-standard","5":"has-post-thumbnail","7":"category-destacado","8":"category-puerto-de-sant-antoni"},"yoast_head":"<!-- This site is optimized with the Yoast SEO plugin v26.8 - https:\/\/yoast.com\/product\/yoast-seo-wordpress\/ -->\n<title>El Ayuntamiento de Sant Antoni no har\u00e1 la consulta popular sobre el tr\u00e1fico de ferris en la bah\u00eda - Salvem Sa Badia de Portmany<\/title>\n<meta name=\"robots\" content=\"index, follow, max-snippet:-1, max-image-preview:large, max-video-preview:-1\" \/>\n<link rel=\"canonical\" href=\"https:\/\/www.salvemsabadia.com\/lajuntament-de-sant-antoni-no-fara-la-consulta-popular-sobre-el-transit-de-ferris-a-la-badia\/\" \/>\n<meta property=\"og:locale\" content=\"es_ES\" \/>\n<meta property=\"og:type\" content=\"article\" \/>\n<meta property=\"og:title\" content=\"El Ayuntamiento de Sant Antoni no har\u00e1 la consulta popular sobre el tr\u00e1fico de ferris en la bah\u00eda - Salvem Sa Badia de Portmany\" \/>\n<meta property=\"og:description\" content=\"Durante la inauguraci\u00f3n del nuevo edificio de Ports IB en Sant Antoni, que se celebr\u00f3 el pasado mi\u00e9rcoles, el alcalde de la localidad, Marcos Serra, declar\u00f3 que finalmente no se...\" \/>\n<meta property=\"og:url\" content=\"https:\/\/www.salvemsabadia.com\/lajuntament-de-sant-antoni-no-fara-la-consulta-popular-sobre-el-transit-de-ferris-a-la-badia\/\" \/>\n<meta property=\"og:site_name\" content=\"Salvem Sa Badia de Portmany\" \/>\n<meta property=\"article:published_time\" content=\"2020-09-04T08:09:51+00:00\" \/>\n<meta property=\"article:modified_time\" content=\"2022-08-15T08:01:15+00:00\" \/>\n<meta property=\"og:image\" content=\"https:\/\/www.salvemsabadia.com\/wp-content\/uploads\/2020\/09\/DSC02698.jpg\" \/>\n\t<meta property=\"og:image:width\" content=\"2000\" \/>\n\t<meta property=\"og:image:height\" content=\"1333\" \/>\n\t<meta property=\"og:image:type\" content=\"image\/jpeg\" \/>\n<meta name=\"author\" content=\"Salvem sa Badia\" \/>\n<meta name=\"twitter:card\" content=\"summary_large_image\" \/>\n<meta name=\"twitter:label1\" content=\"Escrito por\" \/>\n\t<meta name=\"twitter:data1\" content=\"Salvem sa Badia\" \/>\n\t<meta name=\"twitter:label2\" content=\"Tiempo de lectura\" \/>\n\t<meta name=\"twitter:data2\" content=\"3 minutos\" \/>\n<script type=\"application\/ld+json\" class=\"yoast-schema-graph\">{\"@context\":\"https:\/\/schema.org\",\"@graph\":[{\"@type\":\"Article\",\"@id\":\"https:\/\/www.salvemsabadia.com\/lajuntament-de-sant-antoni-no-fara-la-consulta-popular-sobre-el-transit-de-ferris-a-la-badia\/#article\",\"isPartOf\":{\"@id\":\"https:\/\/www.salvemsabadia.com\/lajuntament-de-sant-antoni-no-fara-la-consulta-popular-sobre-el-transit-de-ferris-a-la-badia\/\"},\"author\":{\"name\":\"Salvem sa Badia\",\"@id\":\"https:\/\/www.salvemsabadia.com\/#\/schema\/person\/5d08c5118adcb4140d13bde4826ba122\"},\"headline\":\"El Ayuntamiento de Sant Antoni no har\u00e1 la consulta popular sobre el tr\u00e1fico de ferris en la bah\u00eda\",\"datePublished\":\"2020-09-04T08:09:51+00:00\",\"dateModified\":\"2022-08-15T08:01:15+00:00\",\"mainEntityOfPage\":{\"@id\":\"https:\/\/www.salvemsabadia.com\/lajuntament-de-sant-antoni-no-fara-la-consulta-popular-sobre-el-transit-de-ferris-a-la-badia\/\"},\"wordCount\":625,\"commentCount\":0,\"publisher\":{\"@id\":\"https:\/\/www.salvemsabadia.com\/#organization\"},\"image\":{\"@id\":\"https:\/\/www.salvemsabadia.com\/lajuntament-de-sant-antoni-no-fara-la-consulta-popular-sobre-el-transit-de-ferris-a-la-badia\/#primaryimage\"},\"thumbnailUrl\":\"https:\/\/www.salvemsabadia.com\/wp-content\/uploads\/2020\/09\/DSC02698.jpg\",\"articleSection\":[\"Destacado\",\"Puerto de Sant Antoni\"],\"inLanguage\":\"es\",\"potentialAction\":[{\"@type\":\"CommentAction\",\"name\":\"Comment\",\"target\":[\"https:\/\/www.salvemsabadia.com\/lajuntament-de-sant-antoni-no-fara-la-consulta-popular-sobre-el-transit-de-ferris-a-la-badia\/#respond\"]}]},{\"@type\":\"WebPage\",\"@id\":\"https:\/\/www.salvemsabadia.com\/lajuntament-de-sant-antoni-no-fara-la-consulta-popular-sobre-el-transit-de-ferris-a-la-badia\/\",\"url\":\"https:\/\/www.salvemsabadia.com\/lajuntament-de-sant-antoni-no-fara-la-consulta-popular-sobre-el-transit-de-ferris-a-la-badia\/\",\"name\":\"El Ayuntamiento de Sant Antoni no har\u00e1 la consulta popular sobre el tr\u00e1fico de ferris en la bah\u00eda - Salvem Sa Badia de Portmany\",\"isPartOf\":{\"@id\":\"https:\/\/www.salvemsabadia.com\/#website\"},\"primaryImageOfPage\":{\"@id\":\"https:\/\/www.salvemsabadia.com\/lajuntament-de-sant-antoni-no-fara-la-consulta-popular-sobre-el-transit-de-ferris-a-la-badia\/#primaryimage\"},\"image\":{\"@id\":\"https:\/\/www.salvemsabadia.com\/lajuntament-de-sant-antoni-no-fara-la-consulta-popular-sobre-el-transit-de-ferris-a-la-badia\/#primaryimage\"},\"thumbnailUrl\":\"https:\/\/www.salvemsabadia.com\/wp-content\/uploads\/2020\/09\/DSC02698.jpg\",\"datePublished\":\"2020-09-04T08:09:51+00:00\",\"dateModified\":\"2022-08-15T08:01:15+00:00\",\"breadcrumb\":{\"@id\":\"https:\/\/www.salvemsabadia.com\/lajuntament-de-sant-antoni-no-fara-la-consulta-popular-sobre-el-transit-de-ferris-a-la-badia\/#breadcrumb\"},\"inLanguage\":\"es\",\"potentialAction\":[{\"@type\":\"ReadAction\",\"target\":[\"https:\/\/www.salvemsabadia.com\/lajuntament-de-sant-antoni-no-fara-la-consulta-popular-sobre-el-transit-de-ferris-a-la-badia\/\"]}]},{\"@type\":\"ImageObject\",\"inLanguage\":\"es\",\"@id\":\"https:\/\/www.salvemsabadia.com\/lajuntament-de-sant-antoni-no-fara-la-consulta-popular-sobre-el-transit-de-ferris-a-la-badia\/#primaryimage\",\"url\":\"https:\/\/www.salvemsabadia.com\/wp-content\/uploads\/2020\/09\/DSC02698.jpg\",\"contentUrl\":\"https:\/\/www.salvemsabadia.com\/wp-content\/uploads\/2020\/09\/DSC02698.jpg\",\"width\":2000,\"height\":1333},{\"@type\":\"BreadcrumbList\",\"@id\":\"https:\/\/www.salvemsabadia.com\/lajuntament-de-sant-antoni-no-fara-la-consulta-popular-sobre-el-transit-de-ferris-a-la-badia\/#breadcrumb\",\"itemListElement\":[{\"@type\":\"ListItem\",\"position\":1,\"name\":\"Portada\",\"item\":\"https:\/\/www.salvemsabadia.com\/es\/\"},{\"@type\":\"ListItem\",\"position\":2,\"name\":\"El Ayuntamiento de Sant Antoni no har\u00e1 la consulta popular sobre el tr\u00e1fico de ferris en la bah\u00eda\"}]},{\"@type\":\"WebSite\",\"@id\":\"https:\/\/www.salvemsabadia.com\/#website\",\"url\":\"https:\/\/www.salvemsabadia.com\/\",\"name\":\"Salvem Sa Badia de Portmany\",\"description\":\"\",\"publisher\":{\"@id\":\"https:\/\/www.salvemsabadia.com\/#organization\"},\"potentialAction\":[{\"@type\":\"SearchAction\",\"target\":{\"@type\":\"EntryPoint\",\"urlTemplate\":\"https:\/\/www.salvemsabadia.com\/?s={search_term_string}\"},\"query-input\":{\"@type\":\"PropertyValueSpecification\",\"valueRequired\":true,\"valueName\":\"search_term_string\"}}],\"inLanguage\":\"es\"},{\"@type\":\"Organization\",\"@id\":\"https:\/\/www.salvemsabadia.com\/#organization\",\"name\":\"Salvem Sa Badia de Portmany\",\"url\":\"https:\/\/www.salvemsabadia.com\/\",\"logo\":{\"@type\":\"ImageObject\",\"inLanguage\":\"es\",\"@id\":\"https:\/\/www.salvemsabadia.com\/#\/schema\/logo\/image\/\",\"url\":\"https:\/\/www.salvemsabadia.com\/wp-content\/uploads\/2020\/03\/logo.png\",\"contentUrl\":\"https:\/\/www.salvemsabadia.com\/wp-content\/uploads\/2020\/03\/logo.png\",\"width\":188,\"height\":151,\"caption\":\"Salvem Sa Badia de Portmany\"},\"image\":{\"@id\":\"https:\/\/www.salvemsabadia.com\/#\/schema\/logo\/image\/\"}},{\"@type\":\"Person\",\"@id\":\"https:\/\/www.salvemsabadia.com\/#\/schema\/person\/5d08c5118adcb4140d13bde4826ba122\",\"name\":\"Salvem sa Badia\",\"image\":{\"@type\":\"ImageObject\",\"inLanguage\":\"es\",\"@id\":\"https:\/\/www.salvemsabadia.com\/#\/schema\/person\/image\/\",\"url\":\"https:\/\/secure.gravatar.com\/avatar\/d569ee5739a9c7022470ea472c9b4b9cf476e15f1be71e5242c911d673d14ad9?s=96&d=mm&r=g\",\"contentUrl\":\"https:\/\/secure.gravatar.com\/avatar\/d569ee5739a9c7022470ea472c9b4b9cf476e15f1be71e5242c911d673d14ad9?s=96&d=mm&r=g\",\"caption\":\"Salvem sa Badia\"}}]}<\/script>\n<!-- \/ Yoast SEO plugin. -->","yoast_head_json":{"title":"El Ayuntamiento de Sant Antoni no har\u00e1 la consulta popular sobre el tr\u00e1fico de ferris en la bah\u00eda - Salvem Sa Badia de Portmany","robots":{"index":"index","follow":"follow","max-snippet":"max-snippet:-1","max-image-preview":"max-image-preview:large","max-video-preview":"max-video-preview:-1"},"canonical":"https:\/\/www.salvemsabadia.com\/lajuntament-de-sant-antoni-no-fara-la-consulta-popular-sobre-el-transit-de-ferris-a-la-badia\/","og_locale":"es_ES","og_type":"article","og_title":"El Ayuntamiento de Sant Antoni no har\u00e1 la consulta popular sobre el tr\u00e1fico de ferris en la bah\u00eda - Salvem Sa Badia de Portmany","og_description":"Durante la inauguraci\u00f3n del nuevo edificio de Ports IB en Sant Antoni, que se celebr\u00f3 el pasado mi\u00e9rcoles, el alcalde de la localidad, Marcos Serra, declar\u00f3 que finalmente no se...","og_url":"https:\/\/www.salvemsabadia.com\/lajuntament-de-sant-antoni-no-fara-la-consulta-popular-sobre-el-transit-de-ferris-a-la-badia\/","og_site_name":"Salvem Sa Badia de Portmany","article_published_time":"2020-09-04T08:09:51+00:00","article_modified_time":"2022-08-15T08:01:15+00:00","og_image":[{"width":2000,"height":1333,"url":"https:\/\/www.salvemsabadia.com\/wp-content\/uploads\/2020\/09\/DSC02698.jpg","type":"image\/jpeg"}],"author":"Salvem sa Badia","twitter_card":"summary_large_image","twitter_misc":{"Escrito por":"Salvem sa Badia","Tiempo de lectura":"3 minutos"},"schema":{"@context":"https:\/\/schema.org","@graph":[{"@type":"Article","@id":"https:\/\/www.salvemsabadia.com\/lajuntament-de-sant-antoni-no-fara-la-consulta-popular-sobre-el-transit-de-ferris-a-la-badia\/#article","isPartOf":{"@id":"https:\/\/www.salvemsabadia.com\/lajuntament-de-sant-antoni-no-fara-la-consulta-popular-sobre-el-transit-de-ferris-a-la-badia\/"},"author":{"name":"Salvem sa Badia","@id":"https:\/\/www.salvemsabadia.com\/#\/schema\/person\/5d08c5118adcb4140d13bde4826ba122"},"headline":"El Ayuntamiento de Sant Antoni no har\u00e1 la consulta popular sobre el tr\u00e1fico de ferris en la bah\u00eda","datePublished":"2020-09-04T08:09:51+00:00","dateModified":"2022-08-15T08:01:15+00:00","mainEntityOfPage":{"@id":"https:\/\/www.salvemsabadia.com\/lajuntament-de-sant-antoni-no-fara-la-consulta-popular-sobre-el-transit-de-ferris-a-la-badia\/"},"wordCount":625,"commentCount":0,"publisher":{"@id":"https:\/\/www.salvemsabadia.com\/#organization"},"image":{"@id":"https:\/\/www.salvemsabadia.com\/lajuntament-de-sant-antoni-no-fara-la-consulta-popular-sobre-el-transit-de-ferris-a-la-badia\/#primaryimage"},"thumbnailUrl":"https:\/\/www.salvemsabadia.com\/wp-content\/uploads\/2020\/09\/DSC02698.jpg","articleSection":["Destacado","Puerto de Sant Antoni"],"inLanguage":"es","potentialAction":[{"@type":"CommentAction","name":"Comment","target":["https:\/\/www.salvemsabadia.com\/lajuntament-de-sant-antoni-no-fara-la-consulta-popular-sobre-el-transit-de-ferris-a-la-badia\/#respond"]}]},{"@type":"WebPage","@id":"https:\/\/www.salvemsabadia.com\/lajuntament-de-sant-antoni-no-fara-la-consulta-popular-sobre-el-transit-de-ferris-a-la-badia\/","url":"https:\/\/www.salvemsabadia.com\/lajuntament-de-sant-antoni-no-fara-la-consulta-popular-sobre-el-transit-de-ferris-a-la-badia\/","name":"El Ayuntamiento de Sant Antoni no har\u00e1 la consulta popular sobre el tr\u00e1fico de ferris en la bah\u00eda - Salvem Sa Badia de Portmany","isPartOf":{"@id":"https:\/\/www.salvemsabadia.com\/#website"},"primaryImageOfPage":{"@id":"https:\/\/www.salvemsabadia.com\/lajuntament-de-sant-antoni-no-fara-la-consulta-popular-sobre-el-transit-de-ferris-a-la-badia\/#primaryimage"},"image":{"@id":"https:\/\/www.salvemsabadia.com\/lajuntament-de-sant-antoni-no-fara-la-consulta-popular-sobre-el-transit-de-ferris-a-la-badia\/#primaryimage"},"thumbnailUrl":"https:\/\/www.salvemsabadia.com\/wp-content\/uploads\/2020\/09\/DSC02698.jpg","datePublished":"2020-09-04T08:09:51+00:00","dateModified":"2022-08-15T08:01:15+00:00","breadcrumb":{"@id":"https:\/\/www.salvemsabadia.com\/lajuntament-de-sant-antoni-no-fara-la-consulta-popular-sobre-el-transit-de-ferris-a-la-badia\/#breadcrumb"},"inLanguage":"es","potentialAction":[{"@type":"ReadAction","target":["https:\/\/www.salvemsabadia.com\/lajuntament-de-sant-antoni-no-fara-la-consulta-popular-sobre-el-transit-de-ferris-a-la-badia\/"]}]},{"@type":"ImageObject","inLanguage":"es","@id":"https:\/\/www.salvemsabadia.com\/lajuntament-de-sant-antoni-no-fara-la-consulta-popular-sobre-el-transit-de-ferris-a-la-badia\/#primaryimage","url":"https:\/\/www.salvemsabadia.com\/wp-content\/uploads\/2020\/09\/DSC02698.jpg","contentUrl":"https:\/\/www.salvemsabadia.com\/wp-content\/uploads\/2020\/09\/DSC02698.jpg","width":2000,"height":1333},{"@type":"BreadcrumbList","@id":"https:\/\/www.salvemsabadia.com\/lajuntament-de-sant-antoni-no-fara-la-consulta-popular-sobre-el-transit-de-ferris-a-la-badia\/#breadcrumb","itemListElement":[{"@type":"ListItem","position":1,"name":"Portada","item":"https:\/\/www.salvemsabadia.com\/es\/"},{"@type":"ListItem","position":2,"name":"El Ayuntamiento de Sant Antoni no har\u00e1 la consulta popular sobre el tr\u00e1fico de ferris en la bah\u00eda"}]},{"@type":"WebSite","@id":"https:\/\/www.salvemsabadia.com\/#website","url":"https:\/\/www.salvemsabadia.com\/","name":"Salvem Sa Badia de Portmany","description":"","publisher":{"@id":"https:\/\/www.salvemsabadia.com\/#organization"},"potentialAction":[{"@type":"SearchAction","target":{"@type":"EntryPoint","urlTemplate":"https:\/\/www.salvemsabadia.com\/?s={search_term_string}"},"query-input":{"@type":"PropertyValueSpecification","valueRequired":true,"valueName":"search_term_string"}}],"inLanguage":"es"},{"@type":"Organization","@id":"https:\/\/www.salvemsabadia.com\/#organization","name":"Salvem Sa Badia de Portmany","url":"https:\/\/www.salvemsabadia.com\/","logo":{"@type":"ImageObject","inLanguage":"es","@id":"https:\/\/www.salvemsabadia.com\/#\/schema\/logo\/image\/","url":"https:\/\/www.salvemsabadia.com\/wp-content\/uploads\/2020\/03\/logo.png","contentUrl":"https:\/\/www.salvemsabadia.com\/wp-content\/uploads\/2020\/03\/logo.png","width":188,"height":151,"caption":"Salvem Sa Badia de Portmany"},"image":{"@id":"https:\/\/www.salvemsabadia.com\/#\/schema\/logo\/image\/"}},{"@type":"Person","@id":"https:\/\/www.salvemsabadia.com\/#\/schema\/person\/5d08c5118adcb4140d13bde4826ba122","name":"Salvem sa Badia","image":{"@type":"ImageObject","inLanguage":"es","@id":"https:\/\/www.salvemsabadia.com\/#\/schema\/person\/image\/","url":"https:\/\/secure.gravatar.com\/avatar\/d569ee5739a9c7022470ea472c9b4b9cf476e15f1be71e5242c911d673d14ad9?s=96&d=mm&r=g","contentUrl":"https:\/\/secure.gravatar.com\/avatar\/d569ee5739a9c7022470ea472c9b4b9cf476e15f1be71e5242c911d673d14ad9?s=96&d=mm&r=g","caption":"Salvem sa Badia"}}]}},"_links":{"self":[{"href":"https:\/\/www.salvemsabadia.com\/es\/wp-json\/wp\/v2\/posts\/822","targetHints":{"allow":["GET"]}}],"collection":[{"href":"https:\/\/www.salvemsabadia.com\/es\/wp-json\/wp\/v2\/posts"}],"about":[{"href":"https:\/\/www.salvemsabadia.com\/es\/wp-json\/wp\/v2\/types\/post"}],"author":[{"embeddable":true,"href":"https:\/\/www.salvemsabadia.com\/es\/wp-json\/wp\/v2\/users\/2"}],"replies":[{"embeddable":true,"href":"https:\/\/www.salvemsabadia.com\/es\/wp-json\/wp\/v2\/comments?post=822"}],"version-history":[{"count":0,"href":"https:\/\/www.salvemsabadia.com\/es\/wp-json\/wp\/v2\/posts\/822\/revisions"}],"wp:featuredmedia":[{"embeddable":true,"href":"https:\/\/www.salvemsabadia.com\/es\/wp-json\/wp\/v2\/media\/823"}],"wp:attachment":[{"href":"https:\/\/www.salvemsabadia.com\/es\/wp-json\/wp\/v2\/media?parent=822"}],"wp:term":[{"taxonomy":"category","embeddable":true,"href":"https:\/\/www.salvemsabadia.com\/es\/wp-json\/wp\/v2\/categories?post=822"},{"taxonomy":"post_tag","embeddable":true,"href":"https:\/\/www.salvemsabadia.com\/es\/wp-json\/wp\/v2\/tags?post=822"}],"curies":[{"name":"wp","href":"https:\/\/api.w.org\/{rel}","templated":true}]}}