{"id":861,"date":"2020-09-12T10:31:11","date_gmt":"2020-09-12T08:31:11","guid":{"rendered":"https:\/\/www.salvemsabadia.com\/?p=861"},"modified":"2022-08-15T10:02:05","modified_gmt":"2022-08-15T08:02:05","slug":"salvem-sa-badia-de-portmany-presenta-un-decalogo-por-un-sant-antoni-sin-ferris","status":"publish","type":"post","link":"https:\/\/www.salvemsabadia.com\/es\/salvem-sa-badia-de-portmany-presenta-un-decalogo-por-un-sant-antoni-sin-ferris\/","title":{"rendered":"Salvem Sa Badia de Portmany presenta un dec\u00e1logo por un Sant Antoni sin ferris"},"content":{"rendered":"<p>&nbsp;<\/p>\n<p><img loading=\"lazy\" decoding=\"async\" class=\"alignnone wp-image-862 size-full\" src=\"https:\/\/www.salvemsabadia.com\/wp-content\/uploads\/2020\/09\/DSC02726.jpg\" alt=\"\" width=\"1600\" height=\"1067\" srcset=\"https:\/\/www.salvemsabadia.com\/wp-content\/uploads\/2020\/09\/DSC02726.jpg 1600w, https:\/\/www.salvemsabadia.com\/wp-content\/uploads\/2020\/09\/DSC02726-300x200.jpg 300w, https:\/\/www.salvemsabadia.com\/wp-content\/uploads\/2020\/09\/DSC02726-1024x683.jpg 1024w, https:\/\/www.salvemsabadia.com\/wp-content\/uploads\/2020\/09\/DSC02726-768x512.jpg 768w, https:\/\/www.salvemsabadia.com\/wp-content\/uploads\/2020\/09\/DSC02726-1536x1024.jpg 1536w, https:\/\/www.salvemsabadia.com\/wp-content\/uploads\/2020\/09\/DSC02726-900x600.jpg 900w\" sizes=\"auto, (max-width: 1600px) 100vw, 1600px\" \/>Desde la iniciativa Salvem Sa Badia de Portmany hemos elaborado un dec\u00e1logo que explica, a trav\u00e9s de diez ideas, por qu\u00e9 Sant Antoni es un lugar mejor sin la presencia de ferris. El objetivo de este documento es resumir el argumentario que sostiene esta idea y presentarlo de forma resumida a los ciudadanos que quieran formarse una opini\u00f3n sobre esta cuesti\u00f3n, con todos los datos actualizados.<\/p>\n<p>Cabe recordar que distintos colectivos sociales y profesionales ya se han mostrado p\u00fablicamente contrarios al regreso de los ferris a la localidad y, por el contrario, ninguno lo ha hecho a favor. La moratoria aprobada por Ports IB, que actualmente impide la operatividad de ferris con tr\u00e1fico rodado en el puerto de Sant Antoni, concluye el 31 de diciembre. El dec\u00e1logo consta de los siguientes puntos:<\/p>\n<p><strong>1\u00ba) El cierre del puerto no afecta a la llegada de pasajeros por mar a la isla.<\/strong><\/p>\n<p>Todo lo contrario. En 2019, cuando ya no atracaban ferris en la bah\u00eda de Portmany, el n\u00famero de pasajeros que llegaron a la isla por mar creci\u00f3 en m\u00e1s de 83.000, hasta alcanzar la cifra r\u00e9cord de 801.258. Adem\u00e1s, si se considera toda la actividad portuaria de la isla de Ibiza, Sant Antoni solo representa el 1% del tr\u00e1nsito de embarcaciones comerciales.<\/p>\n<p><strong>2\u00ba) Los ferris no afectan a la actividad tur\u00edstica de Sant Antoni. \u00a0<\/strong><\/p>\n<p>Internet ha revolucionado por completo el sector tur\u00edstico y la llegada de pasajeros por mar a Sant Antoni, al contrario que hace unas d\u00e9cadas, ya no tiene la menor incidencia en la actividad tur\u00edstica de la bah\u00eda de Portmany. Los pasajeros, con independencia del puerto donde atraquen, ya llegan con la reserva de hotel hecha y tambi\u00e9n la del coche de alquiler, en caso de no traer su propio veh\u00edculo. Las pocas excepciones que se producen tienen relaci\u00f3n con el turismo de mochila o el que llega en autocaravanas o furgonetas adaptadas. Lo demuestran las cifras oficiales del sector hotelero, que concluyen que en la temporada de 2019, con un Sant Antoni sin ferris, se registr\u00f3 una ocupaci\u00f3n media del 83,15% en Sant Antoni y el entorno de la bah\u00eda, frente al 82,73% de 2018, a\u00f1o en que s\u00ed llegaron buques comerciales a la bah\u00eda. La cifra resulta a\u00fan m\u00e1s definitiva si se tiene en cuenta que con la ocupaci\u00f3n media de toda la isla ocurri\u00f3 a la inversa; es decir, la ocupaci\u00f3n de 2018 (84,19%) fue mayor que la de 2019 (83,68%).<\/p>\n<p><strong>3\u00ba) Los ferris empeoran la calidad del agua de la bah\u00eda.<\/strong><\/p>\n<p>La contaminaci\u00f3n que implica la actividad de los ferris es algo que se asume en los puertos comerciales. La bah\u00eda de Sant Antoni, sin embargo, ha compaginado hist\u00f3ricamente la llegada de buques con la actividad tur\u00edstica en sus numerosas playas. Debido a los vertidos de aguas sin depurar que se han producido en la bah\u00eda durante d\u00e9cadas, el fondo del puerto est\u00e1 cubierto por una densa capa de lodo residual, que es agitada por las potentes turbinas de los ferris durante las maniobras de atraque o salida. Esta situaci\u00f3n provoca un elevado enturbiamiento del mar, afectando a la transparencia de las playas, esparciendo estos dep\u00f3sitos hasta las orillas y cubriendo las praderas de posidonia, lo que afecta a su capacidad depuradora.<\/p>\n<p><strong>4\u00ba) Los ferris suponen un problema de seguridad mar\u00edtima.<\/strong><\/p>\n<p>En el puerto se han producido graves accidentes, como el del \u2018Rol\u00f3n Plata\u2019 en 1983, que durante la maniobra abord\u00f3 un pantal\u00e1n del puerto, o el del \u2018Pinar del R\u00edo\u2019, que en 2018 encall\u00f3 en el extremo del espig\u00f3n, provocando que sus 175 pasajeros tuvieran que ser evacuados. Sant Antoni, a diferencia de Ibiza, es adem\u00e1s una bah\u00eda sin pr\u00e1ctico que asesore a los capitanes en las maniobras de atraque y desatraque y sin remolcador. Esta circunstancia confluye adem\u00e1s con el car\u00e1cter deportivo de la bah\u00eda, con innumerables embarcaciones de recreo que entran y salen al mismo tiempo que estos grandes buques o el entreno de regatistas, pirag\u00fcistas, windsurfistas, aficionados al paddle surf, etc\u00e9tera.<\/p>\n<p><strong>5\u00ba) Los ferris provocan un peligroso oleaje.<\/strong><\/p>\n<p>Cuando operan en la bah\u00eda, los ferris provocan un peligroso oleaje, especialmente si llegan a gran velocidad. Hay pescadores de Sant Antoni que explican que cada entrada de un ferri pone en peligro a los profesionales que calan las redes a bordo de su <em>lla\u00fct<\/em> en las cercan\u00edas. Estas olas incluso han acabado arrastrando al mar a pescadores a la ca\u00f1a en las rocas de la orilla sur de la bah\u00eda y hay playas donde los socorristas hacen salir a todos los ba\u00f1istas del agua cuando viene un buque, por los accidentes previos causados por esta misma raz\u00f3n.<\/p>\n<p><strong>6\u00ba) Los ferris generan problemas de tr\u00e1fico.<\/strong><\/p>\n<p>La llegada de camiones de mercanc\u00edas y de autom\u00f3viles y caravanas particulares a bordo de los ferris provoca importantes atascos en el centro de Sant Antoni, ya que la \u00fanica salida del puerto requiere atravesar el Passeig de Ses Fonts. Esta situaci\u00f3n, que adem\u00e1s eleva los \u00edndices de contaminaci\u00f3n ac\u00fastica, representa una importante molestia para residentes y turistas.<\/p>\n<p><strong>7\u00ba) Las navieras han convertido Sant Antoni en un puerto residual.<\/strong><\/p>\n<p>El \u00faltimo gran a\u00f1o de actividad del puerto de Sant Antoni fue 2013, en el que se registr\u00f3 un movimiento de 589 buques y 230.650 pasajeros. Ese verano entr\u00f3 en funcionamiento el dique de Es Botafoc y en 2014 las cifras de Sant Antoni ya cayeron a la tercera parte. En a\u00f1os posteriores se produjo alg\u00fan peque\u00f1o repunte, pero la actividad nunca ha vuelto a ser la misma. Aunque Sant Antoni est\u00e1 m\u00e1s cerca de Denia, las navieras utilizan la misma l\u00ednea para enlazar con Mallorca, as\u00ed que desde el punto de vista geogr\u00e1fico les resulta indiferente atracar en Vila o Portmany. Hay que tener en cuenta, adem\u00e1s, que las instalaciones del puerto de la capital, que ha absorbido sin problemas el cierre de Sant Antoni, son m\u00e1s espaciosas, seguras y est\u00e1n dotadas de infraestructuras de \u00faltima generaci\u00f3n.<\/p>\n<p><strong>8\u00ba) Un puerto industrial est\u00e1 re\u00f1ido con un turismo de calidad.<\/strong><\/p>\n<p>Sant Antoni es el \u00fanico puerto de Balears que convive, en el espacio acotado de una bah\u00eda, con un entorno tur\u00edstico important\u00edsimo en plazas hoteleras. \u00c9stas, adem\u00e1s, orbitan en torno a las distintas playas de la bah\u00eda, como S\u2019Arenal, Es Pouet, Cal\u00f3 des Moro, S\u2019Estanyol, Es Cal\u00f3 d\u2019en Serral, Es Pinet o Platja d\u2019en Xinx\u00f3. En un momento en que m\u00faltiples empresas est\u00e1n invirtiendo para elevar la calidad de sus negocios y atraer a un turista m\u00e1s respetuoso y con mayor poder adquisitivo, una visi\u00f3n industrial del puerto de Sant Antoni pierde todo el sentido. La bah\u00eda deber\u00eda quedar exclusivamente para un uso recreativo, deportivo, pesquero y tur\u00edstico.<\/p>\n<p><strong>9\u00ba) Ports IB reconoce las consecuencias negativas de los ferris.<\/strong><\/p>\n<p>El propio organismo que gestiona el puerto de Sant Antoni, dependiente del Govern balear, ha reconocido por escrito los impactos ambientales y las molestias generadas por el tr\u00e1fico comercial de ferris en la bah\u00eda de Portmany. Incluso manifiesta que la presencia de estas embarcaciones de gran tonelaje es incompatible con un turismo de calidad en este entorno. Adem\u00e1s, afirma que el puerto de Ibiza es suficiente para atender el tr\u00e1fico de mercanc\u00edas y pasajeros en la isla<\/p>\n<p><strong>10\u00ba) El puerto de Ibiza est\u00e1 a tan solo 15 minutos.<\/strong><\/p>\n<p>La clausura de Sant Antoni como puerto comercial, salvo en situaciones de emergencia, no afecta a las comunicaciones de la isla por v\u00eda mar\u00edtima. Los residentes en Sant Antoni se encuentran a solo 15 minutos en coche del puerto de Ibiza, incluso m\u00e1s cerca que del aeropuerto.<\/p>\n","protected":false},"excerpt":{"rendered":"<p>&nbsp; Desde la iniciativa Salvem Sa Badia de Portmany hemos elaborado un dec\u00e1logo que explica, a trav\u00e9s de diez ideas, por qu\u00e9 Sant Antoni es un lugar mejor sin la&#8230;<\/p>\n","protected":false},"author":2,"featured_media":838,"comment_status":"open","ping_status":"open","sticky":false,"template":"","format":"standard","meta":{"give_campaign_id":0,"footnotes":""},"categories":[106,214,10],"tags":[],"class_list":{"0":"post-861","1":"post","2":"type-post","3":"status-publish","4":"format-standard","5":"has-post-thumbnail","7":"category-destacado","8":"category-puerto-de-sant-antoni","9":"category-salvem-sa-badia"},"yoast_head":"<!-- This site is optimized with the Yoast SEO plugin v26.8 - https:\/\/yoast.com\/product\/yoast-seo-wordpress\/ -->\n<title>Salvem Sa Badia de Portmany presenta un dec\u00e1logo por un Sant Antoni sin ferris - Salvem Sa Badia de Portmany<\/title>\n<meta name=\"robots\" content=\"index, follow, max-snippet:-1, max-image-preview:large, max-video-preview:-1\" \/>\n<link rel=\"canonical\" href=\"https:\/\/www.salvemsabadia.com\/salvem-sa-badia-de-portmany-presenta-un-decaleg-per-un-sant-antoni-sense-ferris\/\" \/>\n<meta property=\"og:locale\" content=\"es_ES\" \/>\n<meta property=\"og:type\" content=\"article\" \/>\n<meta property=\"og:title\" content=\"Salvem Sa Badia de Portmany presenta un dec\u00e1logo por un Sant Antoni sin ferris - Salvem Sa Badia de Portmany\" \/>\n<meta property=\"og:description\" content=\"&nbsp; Desde la iniciativa Salvem Sa Badia de Portmany hemos elaborado un dec\u00e1logo que explica, a trav\u00e9s de diez ideas, por qu\u00e9 Sant Antoni es un lugar mejor sin la...\" \/>\n<meta property=\"og:url\" content=\"https:\/\/www.salvemsabadia.com\/salvem-sa-badia-de-portmany-presenta-un-decaleg-per-un-sant-antoni-sense-ferris\/\" \/>\n<meta property=\"og:site_name\" content=\"Salvem Sa Badia de Portmany\" \/>\n<meta property=\"article:published_time\" content=\"2020-09-12T08:31:11+00:00\" \/>\n<meta property=\"article:modified_time\" content=\"2022-08-15T08:02:05+00:00\" \/>\n<meta property=\"og:image\" content=\"https:\/\/www.salvemsabadia.com\/wp-content\/uploads\/2020\/09\/DSC02994.jpg\" \/>\n\t<meta property=\"og:image:width\" content=\"2000\" \/>\n\t<meta property=\"og:image:height\" content=\"1333\" \/>\n\t<meta property=\"og:image:type\" content=\"image\/jpeg\" \/>\n<meta name=\"author\" content=\"Salvem sa Badia\" \/>\n<meta name=\"twitter:card\" content=\"summary_large_image\" \/>\n<meta name=\"twitter:label1\" content=\"Escrito por\" \/>\n\t<meta name=\"twitter:data1\" content=\"Salvem sa Badia\" \/>\n\t<meta name=\"twitter:label2\" content=\"Tiempo de lectura\" \/>\n\t<meta name=\"twitter:data2\" content=\"7 minutos\" \/>\n<script type=\"application\/ld+json\" class=\"yoast-schema-graph\">{\"@context\":\"https:\/\/schema.org\",\"@graph\":[{\"@type\":\"Article\",\"@id\":\"https:\/\/www.salvemsabadia.com\/salvem-sa-badia-de-portmany-presenta-un-decaleg-per-un-sant-antoni-sense-ferris\/#article\",\"isPartOf\":{\"@id\":\"https:\/\/www.salvemsabadia.com\/salvem-sa-badia-de-portmany-presenta-un-decaleg-per-un-sant-antoni-sense-ferris\/\"},\"author\":{\"name\":\"Salvem sa Badia\",\"@id\":\"https:\/\/www.salvemsabadia.com\/#\/schema\/person\/5d08c5118adcb4140d13bde4826ba122\"},\"headline\":\"Salvem Sa Badia de Portmany presenta un dec\u00e1logo por un Sant Antoni sin ferris\",\"datePublished\":\"2020-09-12T08:31:11+00:00\",\"dateModified\":\"2022-08-15T08:02:05+00:00\",\"mainEntityOfPage\":{\"@id\":\"https:\/\/www.salvemsabadia.com\/salvem-sa-badia-de-portmany-presenta-un-decaleg-per-un-sant-antoni-sense-ferris\/\"},\"wordCount\":1329,\"commentCount\":0,\"publisher\":{\"@id\":\"https:\/\/www.salvemsabadia.com\/#organization\"},\"image\":{\"@id\":\"https:\/\/www.salvemsabadia.com\/salvem-sa-badia-de-portmany-presenta-un-decaleg-per-un-sant-antoni-sense-ferris\/#primaryimage\"},\"thumbnailUrl\":\"https:\/\/www.salvemsabadia.com\/wp-content\/uploads\/2020\/09\/DSC02994.jpg\",\"articleSection\":[\"Destacado\",\"Puerto de Sant Antoni\",\"Salvem Sa Badia\"],\"inLanguage\":\"es\",\"potentialAction\":[{\"@type\":\"CommentAction\",\"name\":\"Comment\",\"target\":[\"https:\/\/www.salvemsabadia.com\/salvem-sa-badia-de-portmany-presenta-un-decaleg-per-un-sant-antoni-sense-ferris\/#respond\"]}]},{\"@type\":\"WebPage\",\"@id\":\"https:\/\/www.salvemsabadia.com\/salvem-sa-badia-de-portmany-presenta-un-decaleg-per-un-sant-antoni-sense-ferris\/\",\"url\":\"https:\/\/www.salvemsabadia.com\/salvem-sa-badia-de-portmany-presenta-un-decaleg-per-un-sant-antoni-sense-ferris\/\",\"name\":\"Salvem Sa Badia de Portmany presenta un dec\u00e1logo por un Sant Antoni sin ferris - Salvem Sa Badia de Portmany\",\"isPartOf\":{\"@id\":\"https:\/\/www.salvemsabadia.com\/#website\"},\"primaryImageOfPage\":{\"@id\":\"https:\/\/www.salvemsabadia.com\/salvem-sa-badia-de-portmany-presenta-un-decaleg-per-un-sant-antoni-sense-ferris\/#primaryimage\"},\"image\":{\"@id\":\"https:\/\/www.salvemsabadia.com\/salvem-sa-badia-de-portmany-presenta-un-decaleg-per-un-sant-antoni-sense-ferris\/#primaryimage\"},\"thumbnailUrl\":\"https:\/\/www.salvemsabadia.com\/wp-content\/uploads\/2020\/09\/DSC02994.jpg\",\"datePublished\":\"2020-09-12T08:31:11+00:00\",\"dateModified\":\"2022-08-15T08:02:05+00:00\",\"breadcrumb\":{\"@id\":\"https:\/\/www.salvemsabadia.com\/salvem-sa-badia-de-portmany-presenta-un-decaleg-per-un-sant-antoni-sense-ferris\/#breadcrumb\"},\"inLanguage\":\"es\",\"potentialAction\":[{\"@type\":\"ReadAction\",\"target\":[\"https:\/\/www.salvemsabadia.com\/salvem-sa-badia-de-portmany-presenta-un-decaleg-per-un-sant-antoni-sense-ferris\/\"]}]},{\"@type\":\"ImageObject\",\"inLanguage\":\"es\",\"@id\":\"https:\/\/www.salvemsabadia.com\/salvem-sa-badia-de-portmany-presenta-un-decaleg-per-un-sant-antoni-sense-ferris\/#primaryimage\",\"url\":\"https:\/\/www.salvemsabadia.com\/wp-content\/uploads\/2020\/09\/DSC02994.jpg\",\"contentUrl\":\"https:\/\/www.salvemsabadia.com\/wp-content\/uploads\/2020\/09\/DSC02994.jpg\",\"width\":2000,\"height\":1333},{\"@type\":\"BreadcrumbList\",\"@id\":\"https:\/\/www.salvemsabadia.com\/salvem-sa-badia-de-portmany-presenta-un-decaleg-per-un-sant-antoni-sense-ferris\/#breadcrumb\",\"itemListElement\":[{\"@type\":\"ListItem\",\"position\":1,\"name\":\"Portada\",\"item\":\"https:\/\/www.salvemsabadia.com\/es\/\"},{\"@type\":\"ListItem\",\"position\":2,\"name\":\"Salvem Sa Badia de Portmany presenta un dec\u00e1logo por un Sant Antoni sin ferris\"}]},{\"@type\":\"WebSite\",\"@id\":\"https:\/\/www.salvemsabadia.com\/#website\",\"url\":\"https:\/\/www.salvemsabadia.com\/\",\"name\":\"Salvem Sa Badia de Portmany\",\"description\":\"\",\"publisher\":{\"@id\":\"https:\/\/www.salvemsabadia.com\/#organization\"},\"potentialAction\":[{\"@type\":\"SearchAction\",\"target\":{\"@type\":\"EntryPoint\",\"urlTemplate\":\"https:\/\/www.salvemsabadia.com\/?s={search_term_string}\"},\"query-input\":{\"@type\":\"PropertyValueSpecification\",\"valueRequired\":true,\"valueName\":\"search_term_string\"}}],\"inLanguage\":\"es\"},{\"@type\":\"Organization\",\"@id\":\"https:\/\/www.salvemsabadia.com\/#organization\",\"name\":\"Salvem Sa Badia de Portmany\",\"url\":\"https:\/\/www.salvemsabadia.com\/\",\"logo\":{\"@type\":\"ImageObject\",\"inLanguage\":\"es\",\"@id\":\"https:\/\/www.salvemsabadia.com\/#\/schema\/logo\/image\/\",\"url\":\"https:\/\/www.salvemsabadia.com\/wp-content\/uploads\/2020\/03\/logo.png\",\"contentUrl\":\"https:\/\/www.salvemsabadia.com\/wp-content\/uploads\/2020\/03\/logo.png\",\"width\":188,\"height\":151,\"caption\":\"Salvem Sa Badia de Portmany\"},\"image\":{\"@id\":\"https:\/\/www.salvemsabadia.com\/#\/schema\/logo\/image\/\"}},{\"@type\":\"Person\",\"@id\":\"https:\/\/www.salvemsabadia.com\/#\/schema\/person\/5d08c5118adcb4140d13bde4826ba122\",\"name\":\"Salvem sa Badia\",\"image\":{\"@type\":\"ImageObject\",\"inLanguage\":\"es\",\"@id\":\"https:\/\/www.salvemsabadia.com\/#\/schema\/person\/image\/\",\"url\":\"https:\/\/secure.gravatar.com\/avatar\/d569ee5739a9c7022470ea472c9b4b9cf476e15f1be71e5242c911d673d14ad9?s=96&d=mm&r=g\",\"contentUrl\":\"https:\/\/secure.gravatar.com\/avatar\/d569ee5739a9c7022470ea472c9b4b9cf476e15f1be71e5242c911d673d14ad9?s=96&d=mm&r=g\",\"caption\":\"Salvem sa Badia\"}}]}<\/script>\n<!-- \/ Yoast SEO plugin. -->","yoast_head_json":{"title":"Salvem Sa Badia de Portmany presenta un dec\u00e1logo por un Sant Antoni sin ferris - Salvem Sa Badia de Portmany","robots":{"index":"index","follow":"follow","max-snippet":"max-snippet:-1","max-image-preview":"max-image-preview:large","max-video-preview":"max-video-preview:-1"},"canonical":"https:\/\/www.salvemsabadia.com\/salvem-sa-badia-de-portmany-presenta-un-decaleg-per-un-sant-antoni-sense-ferris\/","og_locale":"es_ES","og_type":"article","og_title":"Salvem Sa Badia de Portmany presenta un dec\u00e1logo por un Sant Antoni sin ferris - Salvem Sa Badia de Portmany","og_description":"&nbsp; Desde la iniciativa Salvem Sa Badia de Portmany hemos elaborado un dec\u00e1logo que explica, a trav\u00e9s de diez ideas, por qu\u00e9 Sant Antoni es un lugar mejor sin la...","og_url":"https:\/\/www.salvemsabadia.com\/salvem-sa-badia-de-portmany-presenta-un-decaleg-per-un-sant-antoni-sense-ferris\/","og_site_name":"Salvem Sa Badia de Portmany","article_published_time":"2020-09-12T08:31:11+00:00","article_modified_time":"2022-08-15T08:02:05+00:00","og_image":[{"width":2000,"height":1333,"url":"https:\/\/www.salvemsabadia.com\/wp-content\/uploads\/2020\/09\/DSC02994.jpg","type":"image\/jpeg"}],"author":"Salvem sa Badia","twitter_card":"summary_large_image","twitter_misc":{"Escrito por":"Salvem sa Badia","Tiempo de lectura":"7 minutos"},"schema":{"@context":"https:\/\/schema.org","@graph":[{"@type":"Article","@id":"https:\/\/www.salvemsabadia.com\/salvem-sa-badia-de-portmany-presenta-un-decaleg-per-un-sant-antoni-sense-ferris\/#article","isPartOf":{"@id":"https:\/\/www.salvemsabadia.com\/salvem-sa-badia-de-portmany-presenta-un-decaleg-per-un-sant-antoni-sense-ferris\/"},"author":{"name":"Salvem sa Badia","@id":"https:\/\/www.salvemsabadia.com\/#\/schema\/person\/5d08c5118adcb4140d13bde4826ba122"},"headline":"Salvem Sa Badia de Portmany presenta un dec\u00e1logo por un Sant Antoni sin ferris","datePublished":"2020-09-12T08:31:11+00:00","dateModified":"2022-08-15T08:02:05+00:00","mainEntityOfPage":{"@id":"https:\/\/www.salvemsabadia.com\/salvem-sa-badia-de-portmany-presenta-un-decaleg-per-un-sant-antoni-sense-ferris\/"},"wordCount":1329,"commentCount":0,"publisher":{"@id":"https:\/\/www.salvemsabadia.com\/#organization"},"image":{"@id":"https:\/\/www.salvemsabadia.com\/salvem-sa-badia-de-portmany-presenta-un-decaleg-per-un-sant-antoni-sense-ferris\/#primaryimage"},"thumbnailUrl":"https:\/\/www.salvemsabadia.com\/wp-content\/uploads\/2020\/09\/DSC02994.jpg","articleSection":["Destacado","Puerto de Sant Antoni","Salvem Sa Badia"],"inLanguage":"es","potentialAction":[{"@type":"CommentAction","name":"Comment","target":["https:\/\/www.salvemsabadia.com\/salvem-sa-badia-de-portmany-presenta-un-decaleg-per-un-sant-antoni-sense-ferris\/#respond"]}]},{"@type":"WebPage","@id":"https:\/\/www.salvemsabadia.com\/salvem-sa-badia-de-portmany-presenta-un-decaleg-per-un-sant-antoni-sense-ferris\/","url":"https:\/\/www.salvemsabadia.com\/salvem-sa-badia-de-portmany-presenta-un-decaleg-per-un-sant-antoni-sense-ferris\/","name":"Salvem Sa Badia de Portmany presenta un dec\u00e1logo por un Sant Antoni sin ferris - Salvem Sa Badia de Portmany","isPartOf":{"@id":"https:\/\/www.salvemsabadia.com\/#website"},"primaryImageOfPage":{"@id":"https:\/\/www.salvemsabadia.com\/salvem-sa-badia-de-portmany-presenta-un-decaleg-per-un-sant-antoni-sense-ferris\/#primaryimage"},"image":{"@id":"https:\/\/www.salvemsabadia.com\/salvem-sa-badia-de-portmany-presenta-un-decaleg-per-un-sant-antoni-sense-ferris\/#primaryimage"},"thumbnailUrl":"https:\/\/www.salvemsabadia.com\/wp-content\/uploads\/2020\/09\/DSC02994.jpg","datePublished":"2020-09-12T08:31:11+00:00","dateModified":"2022-08-15T08:02:05+00:00","breadcrumb":{"@id":"https:\/\/www.salvemsabadia.com\/salvem-sa-badia-de-portmany-presenta-un-decaleg-per-un-sant-antoni-sense-ferris\/#breadcrumb"},"inLanguage":"es","potentialAction":[{"@type":"ReadAction","target":["https:\/\/www.salvemsabadia.com\/salvem-sa-badia-de-portmany-presenta-un-decaleg-per-un-sant-antoni-sense-ferris\/"]}]},{"@type":"ImageObject","inLanguage":"es","@id":"https:\/\/www.salvemsabadia.com\/salvem-sa-badia-de-portmany-presenta-un-decaleg-per-un-sant-antoni-sense-ferris\/#primaryimage","url":"https:\/\/www.salvemsabadia.com\/wp-content\/uploads\/2020\/09\/DSC02994.jpg","contentUrl":"https:\/\/www.salvemsabadia.com\/wp-content\/uploads\/2020\/09\/DSC02994.jpg","width":2000,"height":1333},{"@type":"BreadcrumbList","@id":"https:\/\/www.salvemsabadia.com\/salvem-sa-badia-de-portmany-presenta-un-decaleg-per-un-sant-antoni-sense-ferris\/#breadcrumb","itemListElement":[{"@type":"ListItem","position":1,"name":"Portada","item":"https:\/\/www.salvemsabadia.com\/es\/"},{"@type":"ListItem","position":2,"name":"Salvem Sa Badia de Portmany presenta un dec\u00e1logo por un Sant Antoni sin ferris"}]},{"@type":"WebSite","@id":"https:\/\/www.salvemsabadia.com\/#website","url":"https:\/\/www.salvemsabadia.com\/","name":"Salvem Sa Badia de Portmany","description":"","publisher":{"@id":"https:\/\/www.salvemsabadia.com\/#organization"},"potentialAction":[{"@type":"SearchAction","target":{"@type":"EntryPoint","urlTemplate":"https:\/\/www.salvemsabadia.com\/?s={search_term_string}"},"query-input":{"@type":"PropertyValueSpecification","valueRequired":true,"valueName":"search_term_string"}}],"inLanguage":"es"},{"@type":"Organization","@id":"https:\/\/www.salvemsabadia.com\/#organization","name":"Salvem Sa Badia de Portmany","url":"https:\/\/www.salvemsabadia.com\/","logo":{"@type":"ImageObject","inLanguage":"es","@id":"https:\/\/www.salvemsabadia.com\/#\/schema\/logo\/image\/","url":"https:\/\/www.salvemsabadia.com\/wp-content\/uploads\/2020\/03\/logo.png","contentUrl":"https:\/\/www.salvemsabadia.com\/wp-content\/uploads\/2020\/03\/logo.png","width":188,"height":151,"caption":"Salvem Sa Badia de Portmany"},"image":{"@id":"https:\/\/www.salvemsabadia.com\/#\/schema\/logo\/image\/"}},{"@type":"Person","@id":"https:\/\/www.salvemsabadia.com\/#\/schema\/person\/5d08c5118adcb4140d13bde4826ba122","name":"Salvem sa Badia","image":{"@type":"ImageObject","inLanguage":"es","@id":"https:\/\/www.salvemsabadia.com\/#\/schema\/person\/image\/","url":"https:\/\/secure.gravatar.com\/avatar\/d569ee5739a9c7022470ea472c9b4b9cf476e15f1be71e5242c911d673d14ad9?s=96&d=mm&r=g","contentUrl":"https:\/\/secure.gravatar.com\/avatar\/d569ee5739a9c7022470ea472c9b4b9cf476e15f1be71e5242c911d673d14ad9?s=96&d=mm&r=g","caption":"Salvem sa Badia"}}]}},"_links":{"self":[{"href":"https:\/\/www.salvemsabadia.com\/es\/wp-json\/wp\/v2\/posts\/861","targetHints":{"allow":["GET"]}}],"collection":[{"href":"https:\/\/www.salvemsabadia.com\/es\/wp-json\/wp\/v2\/posts"}],"about":[{"href":"https:\/\/www.salvemsabadia.com\/es\/wp-json\/wp\/v2\/types\/post"}],"author":[{"embeddable":true,"href":"https:\/\/www.salvemsabadia.com\/es\/wp-json\/wp\/v2\/users\/2"}],"replies":[{"embeddable":true,"href":"https:\/\/www.salvemsabadia.com\/es\/wp-json\/wp\/v2\/comments?post=861"}],"version-history":[{"count":0,"href":"https:\/\/www.salvemsabadia.com\/es\/wp-json\/wp\/v2\/posts\/861\/revisions"}],"wp:featuredmedia":[{"embeddable":true,"href":"https:\/\/www.salvemsabadia.com\/es\/wp-json\/wp\/v2\/media\/838"}],"wp:attachment":[{"href":"https:\/\/www.salvemsabadia.com\/es\/wp-json\/wp\/v2\/media?parent=861"}],"wp:term":[{"taxonomy":"category","embeddable":true,"href":"https:\/\/www.salvemsabadia.com\/es\/wp-json\/wp\/v2\/categories?post=861"},{"taxonomy":"post_tag","embeddable":true,"href":"https:\/\/www.salvemsabadia.com\/es\/wp-json\/wp\/v2\/tags?post=861"}],"curies":[{"name":"wp","href":"https:\/\/api.w.org\/{rel}","templated":true}]}}