{"id":950,"date":"2020-10-08T09:13:11","date_gmt":"2020-10-08T07:13:11","guid":{"rendered":"https:\/\/www.salvemsabadia.com\/?p=950"},"modified":"2022-08-15T10:02:37","modified_gmt":"2022-08-15T08:02:37","slug":"sa-punta-des-moli-el-ultimo-reducto-de-la-bahia-de-antano","status":"publish","type":"post","link":"https:\/\/www.salvemsabadia.com\/es\/sa-punta-des-moli-el-ultimo-reducto-de-la-bahia-de-antano\/","title":{"rendered":"Sa Punta des Mol\u00ed, el \u00faltimo reducto de la bah\u00eda de anta\u00f1o"},"content":{"rendered":"<div id=\"attachment_957\" style=\"width: 2010px\" class=\"wp-caption alignnone\"><img loading=\"lazy\" decoding=\"async\" aria-describedby=\"caption-attachment-957\" class=\"wp-image-957 size-full\" src=\"https:\/\/www.salvemsabadia.com\/wp-content\/uploads\/2020\/10\/DSC_1304.jpg\" alt=\"\" width=\"2000\" height=\"1339\" srcset=\"https:\/\/www.salvemsabadia.com\/wp-content\/uploads\/2020\/10\/DSC_1304.jpg 2000w, https:\/\/www.salvemsabadia.com\/wp-content\/uploads\/2020\/10\/DSC_1304-300x201.jpg 300w, https:\/\/www.salvemsabadia.com\/wp-content\/uploads\/2020\/10\/DSC_1304-1024x686.jpg 1024w, https:\/\/www.salvemsabadia.com\/wp-content\/uploads\/2020\/10\/DSC_1304-768x514.jpg 768w, https:\/\/www.salvemsabadia.com\/wp-content\/uploads\/2020\/10\/DSC_1304-1536x1028.jpg 1536w, https:\/\/www.salvemsabadia.com\/wp-content\/uploads\/2020\/10\/DSC_1304-900x604.jpg 900w, https:\/\/www.salvemsabadia.com\/wp-content\/uploads\/2020\/10\/DSC_1304-600x403.jpg 600w, https:\/\/www.salvemsabadia.com\/wp-content\/uploads\/2020\/10\/DSC_1304-400x269.jpg 400w\" sizes=\"auto, (max-width: 2000px) 100vw, 2000px\" \/><p id=\"caption-attachment-957\" class=\"wp-caption-text\">Sa Punta des Mol\u00ed se encuentra en la zona sureste de la bah\u00eda, entre S&#8217;Arenal y Es Pouet<\/p><\/div>\n<p>Entre la playa de S\u2019Arenal y la de Es Pouet aguarda uno de los enclaves m\u00e1s destacados e hist\u00f3ricos de la bah\u00eda de Sant Antoni: Sa Punta des Mol\u00ed. Este cabo, con forma triangular, conforma uno de los escasos tramos de la costa de Sant Antoni que mantiene el aspecto original que ten\u00eda hace m\u00e1s de cien a\u00f1os. Antiguamente, todo el per\u00edmetro de la bah\u00eda, salvo el pueblo de Sant Antoni, con su puerto de pescadores y sus astilleros, era un territorio vac\u00edo, donde solo hab\u00eda campos de cultivo, algunos bosques y una casa payesa aqu\u00ed y all\u00e1, aunque rara vez pegadas a la orilla.<\/p>\n<p>Sin embargo, el entorno de Sa Punta des Mol\u00ed, en la v\u00e9nda d\u2019es Bernats, ya estaba construido en el siglo XIX. En este entrante se situaba el molino de Buenavista, uno de los m\u00e1s famosos de la costa de poniente de la isla, as\u00ed como una vieja noria de estilo \u00e1rabe y una casa payesa. Hoy estos edificios forman parte de un amplio recinto cultural, propiedad del Ayuntamiento de Sant Antoni, que permite revivir la forma de vida que exist\u00eda en la bah\u00eda antes del <em>boom<\/em> tur\u00edstico de la segunda mitad del siglo XX.<\/p>\n<p>El top\u00f3nimo \u201cSa Punta des Mol\u00ed\u201d, sin embargo, es relativamente reciente, ya que antes de que existiera el molino el lugar se conoc\u00eda como Punta de sa Font, nombre que ya est\u00e1 registrado en documentos del siglo XVIII. Dicho ep\u00edteto ten\u00eda que ver con el manantial de agua dulce que exist\u00eda muy cerca de all\u00ed, en medio del mar, al que los j\u00f3venes se acercaban nadando, pudiendo beber en la misma superficie del mar.<\/p>\n<p>Este ins\u00f3lito lugar ya lo describe el archiduque Lu\u00eds Salvador de Austria en su libro \u2018Las antiguas Pitiusas\u2019, publicado en 1869: \u201cUna particularidad del puerto de Sant Antoni es una fuente de agua dulce que surge del fondo del mar, cerca de la ribera situada delante de la poblaci\u00f3n, donde hay tambi\u00e9n un molino de viento. La fuerza de la columna de agua es tan grande que llega a la superficie sin mezclarse, lo que permite sacar el agua del mar cuando el viento est\u00e1 en calma\u201d.<\/p>\n<div id=\"attachment_955\" style=\"width: 2010px\" class=\"wp-caption alignnone\"><img loading=\"lazy\" decoding=\"async\" aria-describedby=\"caption-attachment-955\" class=\"wp-image-955 size-full\" src=\"https:\/\/www.salvemsabadia.com\/wp-content\/uploads\/2020\/10\/DSC_1287.jpg\" alt=\"\" width=\"2000\" height=\"1339\" srcset=\"https:\/\/www.salvemsabadia.com\/wp-content\/uploads\/2020\/10\/DSC_1287.jpg 2000w, https:\/\/www.salvemsabadia.com\/wp-content\/uploads\/2020\/10\/DSC_1287-300x201.jpg 300w, https:\/\/www.salvemsabadia.com\/wp-content\/uploads\/2020\/10\/DSC_1287-1024x686.jpg 1024w, https:\/\/www.salvemsabadia.com\/wp-content\/uploads\/2020\/10\/DSC_1287-768x514.jpg 768w, https:\/\/www.salvemsabadia.com\/wp-content\/uploads\/2020\/10\/DSC_1287-1536x1028.jpg 1536w, https:\/\/www.salvemsabadia.com\/wp-content\/uploads\/2020\/10\/DSC_1287-900x604.jpg 900w, https:\/\/www.salvemsabadia.com\/wp-content\/uploads\/2020\/10\/DSC_1287-600x403.jpg 600w, https:\/\/www.salvemsabadia.com\/wp-content\/uploads\/2020\/10\/DSC_1287-400x269.jpg 400w\" sizes=\"auto, (max-width: 2000px) 100vw, 2000px\" \/><p id=\"caption-attachment-955\" class=\"wp-caption-text\">Noria de Sa Punta des Mol\u00ed<\/p><\/div>\n<p>Cuando el archiduque visit\u00f3 la bah\u00eda, efectivamente, el molino de Buenavista, como tambi\u00e9n era conocido, ya funcionaba a pleno rendimiento, pues la fecha de construcci\u00f3n, 1818, qued\u00f3 grabado en una piedra, a la entrada de la finca. Adem\u00e1s del molino, la casa payesa y la noria, la finca contaba tambi\u00e9n con una era y una alberca, ya desaparecidas.<\/p>\n<p>Cerca de all\u00ed, donde hoy se sit\u00faa el Hotel Hawai, hab\u00eda tambi\u00e9n un pino enorme, conocido como es Pi des Mol\u00ed, donde la gente se reun\u00eda el 10 de julio para celebrar la festividad de Sant Crist\u00f2fol, patr\u00f3n de viajeros y conductores. A su lado, ya en el siglo XX, los barcos madereros atracaban porque en ese mismo lugar, al lado de otra higuera tambi\u00e9n de gran tama\u00f1o, hab\u00eda una nave donde se acumulaba madera y corteza de pino, carb\u00f3n y otros materiales que se exportaban a la pen\u00ednsula. Estas embarcaciones repostaban agua en el peque\u00f1o pozo que a\u00fan existe en la orilla de Es Pouet y que proporciona nombre a la playa.<\/p>\n<p>Los otros dos molinos harineros de Sant Antoni aguardaban en v\u00e9nda d\u2019es Raval, en las inmediaciones del pueblo: el d\u2019en Sim\u00f3, de estilo mallorqu\u00edn, y el d\u2019en Ribes o d\u2019en Gaspar\u00f3. Estos tres molinos se mantuvieron operativos hasta que se pusieron en marcha las primeras harineras en la isla. El de Sa Punta dej\u00f3 de funcionar alrededor de 1929.<\/p>\n<div id=\"attachment_963\" style=\"width: 2010px\" class=\"wp-caption alignnone\"><img loading=\"lazy\" decoding=\"async\" aria-describedby=\"caption-attachment-963\" class=\"wp-image-963 size-full\" src=\"https:\/\/www.salvemsabadia.com\/wp-content\/uploads\/2020\/10\/P1150318.jpg\" alt=\"\" width=\"2000\" height=\"1335\" srcset=\"https:\/\/www.salvemsabadia.com\/wp-content\/uploads\/2020\/10\/P1150318.jpg 2000w, https:\/\/www.salvemsabadia.com\/wp-content\/uploads\/2020\/10\/P1150318-300x200.jpg 300w, https:\/\/www.salvemsabadia.com\/wp-content\/uploads\/2020\/10\/P1150318-1024x684.jpg 1024w, https:\/\/www.salvemsabadia.com\/wp-content\/uploads\/2020\/10\/P1150318-768x513.jpg 768w, https:\/\/www.salvemsabadia.com\/wp-content\/uploads\/2020\/10\/P1150318-1536x1025.jpg 1536w, https:\/\/www.salvemsabadia.com\/wp-content\/uploads\/2020\/10\/P1150318-900x600.jpg 900w\" sizes=\"auto, (max-width: 2000px) 100vw, 2000px\" \/><p id=\"caption-attachment-963\" class=\"wp-caption-text\">La casa payesa de Sa Punta des Mol\u00ed, hoy sala de exposiciones<\/p><\/div>\n<p>A trav\u00e9s de documentos hist\u00f3ricos se tiene conocimiento de que el propietario del molino, en 1865, era un vecino de Can Maim\u00f3 de Corona, Lluc Costa Costa, que lo don\u00f3 a su hijo Miquel. El \u00faltimo molinero, sin embargo, fue Joan Bonet Torres, procedente de Cala Salada. La finca y el molino ten\u00edan que heredarlos su hijo, pero \u00e9ste emigro a Cuba y no volvi\u00f3, as\u00ed que al final se lo leg\u00f3 a sus hijas, Agn\u00e8s y Mar\u00eda. Esta \u00faltima contrajo matrimonio con Tom\u00e1s Var\u00f3, apodado \u201cFrasquito\u201d, de origen alicantino. La pareja volvi\u00f3 a habitar la casa del molino, que en aquel tiempo ya hab\u00eda quedado abandonada, y contaban adem\u00e1s con otra vivienda anexa, m\u00e1s peque\u00f1a, que acab\u00f3 siendo conocida en el pueblo como Can Frasquito y que fue derruida a finales del siglo pasado. Con posterioridad, adquiri\u00f3 la finca Pep Rossell\u00f3, de Ca na Mussona, y luego tuvo otros propietarios.<\/p>\n<p>Actualmente Sa Punta des Mol\u00ed es un espacio de titularidad p\u00fablica, despu\u00e9s de que el Ayuntamiento de Sant Antoni, siendo alcalde Antoni Mar\u00ed Tur, lo adquiriera en 1995. El recinto tiene una extensi\u00f3n de m\u00e1s de 14.000 metros y tanto el molino como la noria y la casa fueron sometidos a un intenso proceso de restauraci\u00f3n. La vivienda hoy acoge una sala de exposiciones temporales y adem\u00e1s se a\u00f1adi\u00f3 un auditorio, situado junto al paseo mar\u00edtimo. El mecanismo del molino fue reconstruido por el prestigioso molinero de Formentera Joan Torres Mayans. El espacio cultural Sa Punta des Mol\u00ed fue inaugurado en 1999 y con posterioridad se a\u00f1adi\u00f3 un nuevo edificio para alojar una almazara antigua, de gran valor etnol\u00f3gico, procedente de la antigua finca de Can Llobet de Baix.<\/p>\n<div id=\"attachment_961\" style=\"width: 2010px\" class=\"wp-caption alignnone\"><img loading=\"lazy\" decoding=\"async\" aria-describedby=\"caption-attachment-961\" class=\"wp-image-961 size-full\" src=\"https:\/\/www.salvemsabadia.com\/wp-content\/uploads\/2020\/10\/P1150308.jpg\" alt=\"\" width=\"2000\" height=\"1335\" srcset=\"https:\/\/www.salvemsabadia.com\/wp-content\/uploads\/2020\/10\/P1150308.jpg 2000w, https:\/\/www.salvemsabadia.com\/wp-content\/uploads\/2020\/10\/P1150308-300x200.jpg 300w, https:\/\/www.salvemsabadia.com\/wp-content\/uploads\/2020\/10\/P1150308-1024x684.jpg 1024w, https:\/\/www.salvemsabadia.com\/wp-content\/uploads\/2020\/10\/P1150308-768x513.jpg 768w, https:\/\/www.salvemsabadia.com\/wp-content\/uploads\/2020\/10\/P1150308-1536x1025.jpg 1536w, https:\/\/www.salvemsabadia.com\/wp-content\/uploads\/2020\/10\/P1150308-900x600.jpg 900w\" sizes=\"auto, (max-width: 2000px) 100vw, 2000px\" \/><p id=\"caption-attachment-961\" class=\"wp-caption-text\">El mecanismo del molino fue restaurado por Juan Torres Mayans, molinero de Formentera<\/p><\/div>\n<p><strong>El hogar de Walter Benjamin<\/strong><\/p>\n<p>El m\u00e1s ilustre habitante de Sa Punta des Mol\u00ed fue sin duda el fil\u00f3sofo y ensayista alem\u00e1n Walter Benjamin (Berl\u00edn, 1892-Portbou, 1940), que se refugi\u00f3 en Sant Antoni durante dos etapas; primero de abril a julio de 1932, y despu\u00e9s de abril a septiembre de 1933. Durante su primer viaje, Benjamin alquil\u00f3 Can Frasquito, con cuyo propietario entabl\u00f3 amistad y sal\u00eda a pescar a menudo. En la segunda etapa, Benjamin ya desembarc\u00f3 huyendo del nazismo, que persegu\u00eda a intelectuales de distintas ideolog\u00edas, y en esta ocasi\u00f3n se estableci\u00f3 primero en una casa pr\u00f3xima al Faro de Ses Coves Blanques, y despu\u00e9s en una habitaci\u00f3n cerca de Sa Punta.<\/p>\n<p>Durante su estancia en Sant Antoni, este intelectual de origen jud\u00edo e ideas comunistas escribi\u00f3 algunas de sus obras m\u00e1s reconocidas y se enamor\u00f3 de las costumbres y paisajes de los ibicencos, al tiempo que expres\u00f3 su temor a que el turismo y la especulaci\u00f3n que estaban por llegar acabaran transformando un entorno que a \u00e9l le parec\u00eda paradis\u00edaco. Frecuent\u00f3 la colonia extranjera de la isla, entre cuyos integrantes figuraban Paul Gauguin, nieto del pintor, y el artista y fot\u00f3grafo dada\u00edsta Raoul Hausmann, que viv\u00eda en Can Palerm, cerca del pueblo de Sant Josep.<\/p>\n<p>Al abandonar la isla se mud\u00f3 a Par\u00eds y siete a\u00f1os despu\u00e9s, huyendo de Francia, atraves\u00f3 la frontera espa\u00f1ola y acab\u00f3 suicid\u00e1ndose en la localidad catalana de Portbou.<\/p>\n<div id=\"attachment_959\" style=\"width: 2010px\" class=\"wp-caption alignnone\"><img loading=\"lazy\" decoding=\"async\" aria-describedby=\"caption-attachment-959\" class=\"wp-image-959 size-full\" src=\"https:\/\/www.salvemsabadia.com\/wp-content\/uploads\/2020\/10\/DSC02704.jpg\" alt=\"\" width=\"2000\" height=\"1333\" srcset=\"https:\/\/www.salvemsabadia.com\/wp-content\/uploads\/2020\/10\/DSC02704.jpg 2000w, https:\/\/www.salvemsabadia.com\/wp-content\/uploads\/2020\/10\/DSC02704-300x200.jpg 300w, https:\/\/www.salvemsabadia.com\/wp-content\/uploads\/2020\/10\/DSC02704-1024x682.jpg 1024w, https:\/\/www.salvemsabadia.com\/wp-content\/uploads\/2020\/10\/DSC02704-768x512.jpg 768w, https:\/\/www.salvemsabadia.com\/wp-content\/uploads\/2020\/10\/DSC02704-1536x1024.jpg 1536w, https:\/\/www.salvemsabadia.com\/wp-content\/uploads\/2020\/10\/DSC02704-900x600.jpg 900w\" sizes=\"auto, (max-width: 2000px) 100vw, 2000px\" \/><p id=\"caption-attachment-959\" class=\"wp-caption-text\">El auditorio de Sa Punta des Mol\u00ed, junto al paseo mar\u00edtimo<\/p><\/div>\n<div id=\"attachment_953\" style=\"width: 2010px\" class=\"wp-caption alignnone\"><img loading=\"lazy\" decoding=\"async\" aria-describedby=\"caption-attachment-953\" class=\"wp-image-953 size-full\" src=\"https:\/\/www.salvemsabadia.com\/wp-content\/uploads\/2020\/10\/DSC_0488.jpg\" alt=\"\" width=\"2000\" height=\"1339\" srcset=\"https:\/\/www.salvemsabadia.com\/wp-content\/uploads\/2020\/10\/DSC_0488.jpg 2000w, https:\/\/www.salvemsabadia.com\/wp-content\/uploads\/2020\/10\/DSC_0488-300x201.jpg 300w, https:\/\/www.salvemsabadia.com\/wp-content\/uploads\/2020\/10\/DSC_0488-1024x686.jpg 1024w, https:\/\/www.salvemsabadia.com\/wp-content\/uploads\/2020\/10\/DSC_0488-768x514.jpg 768w, https:\/\/www.salvemsabadia.com\/wp-content\/uploads\/2020\/10\/DSC_0488-1536x1028.jpg 1536w, https:\/\/www.salvemsabadia.com\/wp-content\/uploads\/2020\/10\/DSC_0488-900x604.jpg 900w, https:\/\/www.salvemsabadia.com\/wp-content\/uploads\/2020\/10\/DSC_0488-600x403.jpg 600w, https:\/\/www.salvemsabadia.com\/wp-content\/uploads\/2020\/10\/DSC_0488-400x269.jpg 400w\" sizes=\"auto, (max-width: 2000px) 100vw, 2000px\" \/><p id=\"caption-attachment-953\" class=\"wp-caption-text\">El molino de Sa Punta, tambi\u00e9n llamado de Bellavista, y el paseo mar\u00edtimo<\/p><\/div>\n<div id=\"attachment_951\" style=\"width: 2010px\" class=\"wp-caption alignnone\"><img loading=\"lazy\" decoding=\"async\" aria-describedby=\"caption-attachment-951\" class=\"wp-image-951 size-full\" src=\"https:\/\/www.salvemsabadia.com\/wp-content\/uploads\/2020\/10\/P1150325.jpg\" alt=\"\" width=\"2000\" height=\"1335\" srcset=\"https:\/\/www.salvemsabadia.com\/wp-content\/uploads\/2020\/10\/P1150325.jpg 2000w, https:\/\/www.salvemsabadia.com\/wp-content\/uploads\/2020\/10\/P1150325-300x200.jpg 300w, https:\/\/www.salvemsabadia.com\/wp-content\/uploads\/2020\/10\/P1150325-1024x684.jpg 1024w, https:\/\/www.salvemsabadia.com\/wp-content\/uploads\/2020\/10\/P1150325-768x513.jpg 768w, https:\/\/www.salvemsabadia.com\/wp-content\/uploads\/2020\/10\/P1150325-1536x1025.jpg 1536w, https:\/\/www.salvemsabadia.com\/wp-content\/uploads\/2020\/10\/P1150325-900x600.jpg 900w\" sizes=\"auto, (max-width: 2000px) 100vw, 2000px\" \/><p id=\"caption-attachment-951\" class=\"wp-caption-text\">Interior de la sala de exposiciones de Sa Punta des Mol\u00ed<\/p><\/div>\n","protected":false},"excerpt":{"rendered":"<p>Entre la playa de S\u2019Arenal y la de Es Pouet aguarda uno de los enclaves m\u00e1s destacados e hist\u00f3ricos de la bah\u00eda de Sant Antoni: Sa Punta des Mol\u00ed. Este&#8230;<\/p>\n","protected":false},"author":2,"featured_media":957,"comment_status":"open","ping_status":"open","sticky":false,"template":"","format":"standard","meta":{"give_campaign_id":0,"footnotes":""},"categories":[106,209],"tags":[],"class_list":{"0":"post-950","1":"post","2":"type-post","3":"status-publish","4":"format-standard","5":"has-post-thumbnail","7":"category-destacado","8":"category-patrimonio"},"yoast_head":"<!-- This site is optimized with the Yoast SEO plugin v26.8 - https:\/\/yoast.com\/product\/yoast-seo-wordpress\/ -->\n<title>Sa Punta des Mol\u00ed, el \u00faltimo reducto de la bah\u00eda de anta\u00f1o - Salvem Sa Badia de Portmany<\/title>\n<meta name=\"robots\" content=\"index, follow, max-snippet:-1, max-image-preview:large, max-video-preview:-1\" \/>\n<link rel=\"canonical\" href=\"https:\/\/www.salvemsabadia.com\/sa-punta-des-moli-ultim-reducte-de-la-badia-de-antany\/\" \/>\n<meta property=\"og:locale\" content=\"es_ES\" \/>\n<meta property=\"og:type\" content=\"article\" \/>\n<meta property=\"og:title\" content=\"Sa Punta des Mol\u00ed, el \u00faltimo reducto de la bah\u00eda de anta\u00f1o - Salvem Sa Badia de Portmany\" \/>\n<meta property=\"og:description\" content=\"Entre la playa de S\u2019Arenal y la de Es Pouet aguarda uno de los enclaves m\u00e1s destacados e hist\u00f3ricos de la bah\u00eda de Sant Antoni: Sa Punta des Mol\u00ed. Este...\" \/>\n<meta property=\"og:url\" content=\"https:\/\/www.salvemsabadia.com\/sa-punta-des-moli-ultim-reducte-de-la-badia-de-antany\/\" \/>\n<meta property=\"og:site_name\" content=\"Salvem Sa Badia de Portmany\" \/>\n<meta property=\"article:published_time\" content=\"2020-10-08T07:13:11+00:00\" \/>\n<meta property=\"article:modified_time\" content=\"2022-08-15T08:02:37+00:00\" \/>\n<meta property=\"og:image\" content=\"https:\/\/www.salvemsabadia.com\/wp-content\/uploads\/2020\/10\/DSC_1304.jpg\" \/>\n\t<meta property=\"og:image:width\" content=\"2000\" \/>\n\t<meta property=\"og:image:height\" content=\"1339\" \/>\n\t<meta property=\"og:image:type\" content=\"image\/jpeg\" \/>\n<meta name=\"author\" content=\"Salvem sa Badia\" \/>\n<meta name=\"twitter:card\" content=\"summary_large_image\" \/>\n<meta name=\"twitter:label1\" content=\"Escrito por\" \/>\n\t<meta name=\"twitter:data1\" content=\"Salvem sa Badia\" \/>\n\t<meta name=\"twitter:label2\" content=\"Tiempo de lectura\" \/>\n\t<meta name=\"twitter:data2\" content=\"7 minutos\" \/>\n<script type=\"application\/ld+json\" class=\"yoast-schema-graph\">{\"@context\":\"https:\/\/schema.org\",\"@graph\":[{\"@type\":\"Article\",\"@id\":\"https:\/\/www.salvemsabadia.com\/sa-punta-des-moli-ultim-reducte-de-la-badia-de-antany\/#article\",\"isPartOf\":{\"@id\":\"https:\/\/www.salvemsabadia.com\/sa-punta-des-moli-ultim-reducte-de-la-badia-de-antany\/\"},\"author\":{\"name\":\"Salvem sa Badia\",\"@id\":\"https:\/\/www.salvemsabadia.com\/#\/schema\/person\/5d08c5118adcb4140d13bde4826ba122\"},\"headline\":\"Sa Punta des Mol\u00ed, el \u00faltimo reducto de la bah\u00eda de anta\u00f1o\",\"datePublished\":\"2020-10-08T07:13:11+00:00\",\"dateModified\":\"2022-08-15T08:02:37+00:00\",\"mainEntityOfPage\":{\"@id\":\"https:\/\/www.salvemsabadia.com\/sa-punta-des-moli-ultim-reducte-de-la-badia-de-antany\/\"},\"wordCount\":1342,\"commentCount\":0,\"publisher\":{\"@id\":\"https:\/\/www.salvemsabadia.com\/#organization\"},\"image\":{\"@id\":\"https:\/\/www.salvemsabadia.com\/sa-punta-des-moli-ultim-reducte-de-la-badia-de-antany\/#primaryimage\"},\"thumbnailUrl\":\"https:\/\/www.salvemsabadia.com\/wp-content\/uploads\/2020\/10\/DSC_1304.jpg\",\"articleSection\":[\"Destacado\",\"Patrimonio\"],\"inLanguage\":\"es\",\"potentialAction\":[{\"@type\":\"CommentAction\",\"name\":\"Comment\",\"target\":[\"https:\/\/www.salvemsabadia.com\/sa-punta-des-moli-ultim-reducte-de-la-badia-de-antany\/#respond\"]}]},{\"@type\":\"WebPage\",\"@id\":\"https:\/\/www.salvemsabadia.com\/sa-punta-des-moli-ultim-reducte-de-la-badia-de-antany\/\",\"url\":\"https:\/\/www.salvemsabadia.com\/sa-punta-des-moli-ultim-reducte-de-la-badia-de-antany\/\",\"name\":\"Sa Punta des Mol\u00ed, el \u00faltimo reducto de la bah\u00eda de anta\u00f1o - Salvem Sa Badia de Portmany\",\"isPartOf\":{\"@id\":\"https:\/\/www.salvemsabadia.com\/#website\"},\"primaryImageOfPage\":{\"@id\":\"https:\/\/www.salvemsabadia.com\/sa-punta-des-moli-ultim-reducte-de-la-badia-de-antany\/#primaryimage\"},\"image\":{\"@id\":\"https:\/\/www.salvemsabadia.com\/sa-punta-des-moli-ultim-reducte-de-la-badia-de-antany\/#primaryimage\"},\"thumbnailUrl\":\"https:\/\/www.salvemsabadia.com\/wp-content\/uploads\/2020\/10\/DSC_1304.jpg\",\"datePublished\":\"2020-10-08T07:13:11+00:00\",\"dateModified\":\"2022-08-15T08:02:37+00:00\",\"breadcrumb\":{\"@id\":\"https:\/\/www.salvemsabadia.com\/sa-punta-des-moli-ultim-reducte-de-la-badia-de-antany\/#breadcrumb\"},\"inLanguage\":\"es\",\"potentialAction\":[{\"@type\":\"ReadAction\",\"target\":[\"https:\/\/www.salvemsabadia.com\/sa-punta-des-moli-ultim-reducte-de-la-badia-de-antany\/\"]}]},{\"@type\":\"ImageObject\",\"inLanguage\":\"es\",\"@id\":\"https:\/\/www.salvemsabadia.com\/sa-punta-des-moli-ultim-reducte-de-la-badia-de-antany\/#primaryimage\",\"url\":\"https:\/\/www.salvemsabadia.com\/wp-content\/uploads\/2020\/10\/DSC_1304.jpg\",\"contentUrl\":\"https:\/\/www.salvemsabadia.com\/wp-content\/uploads\/2020\/10\/DSC_1304.jpg\",\"width\":2000,\"height\":1339},{\"@type\":\"BreadcrumbList\",\"@id\":\"https:\/\/www.salvemsabadia.com\/sa-punta-des-moli-ultim-reducte-de-la-badia-de-antany\/#breadcrumb\",\"itemListElement\":[{\"@type\":\"ListItem\",\"position\":1,\"name\":\"Portada\",\"item\":\"https:\/\/www.salvemsabadia.com\/es\/\"},{\"@type\":\"ListItem\",\"position\":2,\"name\":\"Sa Punta des Mol\u00ed, el \u00faltimo reducto de la bah\u00eda de anta\u00f1o\"}]},{\"@type\":\"WebSite\",\"@id\":\"https:\/\/www.salvemsabadia.com\/#website\",\"url\":\"https:\/\/www.salvemsabadia.com\/\",\"name\":\"Salvem Sa Badia de Portmany\",\"description\":\"\",\"publisher\":{\"@id\":\"https:\/\/www.salvemsabadia.com\/#organization\"},\"potentialAction\":[{\"@type\":\"SearchAction\",\"target\":{\"@type\":\"EntryPoint\",\"urlTemplate\":\"https:\/\/www.salvemsabadia.com\/?s={search_term_string}\"},\"query-input\":{\"@type\":\"PropertyValueSpecification\",\"valueRequired\":true,\"valueName\":\"search_term_string\"}}],\"inLanguage\":\"es\"},{\"@type\":\"Organization\",\"@id\":\"https:\/\/www.salvemsabadia.com\/#organization\",\"name\":\"Salvem Sa Badia de Portmany\",\"url\":\"https:\/\/www.salvemsabadia.com\/\",\"logo\":{\"@type\":\"ImageObject\",\"inLanguage\":\"es\",\"@id\":\"https:\/\/www.salvemsabadia.com\/#\/schema\/logo\/image\/\",\"url\":\"https:\/\/www.salvemsabadia.com\/wp-content\/uploads\/2020\/03\/logo.png\",\"contentUrl\":\"https:\/\/www.salvemsabadia.com\/wp-content\/uploads\/2020\/03\/logo.png\",\"width\":188,\"height\":151,\"caption\":\"Salvem Sa Badia de Portmany\"},\"image\":{\"@id\":\"https:\/\/www.salvemsabadia.com\/#\/schema\/logo\/image\/\"}},{\"@type\":\"Person\",\"@id\":\"https:\/\/www.salvemsabadia.com\/#\/schema\/person\/5d08c5118adcb4140d13bde4826ba122\",\"name\":\"Salvem sa Badia\",\"image\":{\"@type\":\"ImageObject\",\"inLanguage\":\"es\",\"@id\":\"https:\/\/www.salvemsabadia.com\/#\/schema\/person\/image\/\",\"url\":\"https:\/\/secure.gravatar.com\/avatar\/d569ee5739a9c7022470ea472c9b4b9cf476e15f1be71e5242c911d673d14ad9?s=96&d=mm&r=g\",\"contentUrl\":\"https:\/\/secure.gravatar.com\/avatar\/d569ee5739a9c7022470ea472c9b4b9cf476e15f1be71e5242c911d673d14ad9?s=96&d=mm&r=g\",\"caption\":\"Salvem sa Badia\"}}]}<\/script>\n<!-- \/ Yoast SEO plugin. -->","yoast_head_json":{"title":"Sa Punta des Mol\u00ed, el \u00faltimo reducto de la bah\u00eda de anta\u00f1o - Salvem Sa Badia de Portmany","robots":{"index":"index","follow":"follow","max-snippet":"max-snippet:-1","max-image-preview":"max-image-preview:large","max-video-preview":"max-video-preview:-1"},"canonical":"https:\/\/www.salvemsabadia.com\/sa-punta-des-moli-ultim-reducte-de-la-badia-de-antany\/","og_locale":"es_ES","og_type":"article","og_title":"Sa Punta des Mol\u00ed, el \u00faltimo reducto de la bah\u00eda de anta\u00f1o - Salvem Sa Badia de Portmany","og_description":"Entre la playa de S\u2019Arenal y la de Es Pouet aguarda uno de los enclaves m\u00e1s destacados e hist\u00f3ricos de la bah\u00eda de Sant Antoni: Sa Punta des Mol\u00ed. Este...","og_url":"https:\/\/www.salvemsabadia.com\/sa-punta-des-moli-ultim-reducte-de-la-badia-de-antany\/","og_site_name":"Salvem Sa Badia de Portmany","article_published_time":"2020-10-08T07:13:11+00:00","article_modified_time":"2022-08-15T08:02:37+00:00","og_image":[{"width":2000,"height":1339,"url":"https:\/\/www.salvemsabadia.com\/wp-content\/uploads\/2020\/10\/DSC_1304.jpg","type":"image\/jpeg"}],"author":"Salvem sa Badia","twitter_card":"summary_large_image","twitter_misc":{"Escrito por":"Salvem sa Badia","Tiempo de lectura":"7 minutos"},"schema":{"@context":"https:\/\/schema.org","@graph":[{"@type":"Article","@id":"https:\/\/www.salvemsabadia.com\/sa-punta-des-moli-ultim-reducte-de-la-badia-de-antany\/#article","isPartOf":{"@id":"https:\/\/www.salvemsabadia.com\/sa-punta-des-moli-ultim-reducte-de-la-badia-de-antany\/"},"author":{"name":"Salvem sa Badia","@id":"https:\/\/www.salvemsabadia.com\/#\/schema\/person\/5d08c5118adcb4140d13bde4826ba122"},"headline":"Sa Punta des Mol\u00ed, el \u00faltimo reducto de la bah\u00eda de anta\u00f1o","datePublished":"2020-10-08T07:13:11+00:00","dateModified":"2022-08-15T08:02:37+00:00","mainEntityOfPage":{"@id":"https:\/\/www.salvemsabadia.com\/sa-punta-des-moli-ultim-reducte-de-la-badia-de-antany\/"},"wordCount":1342,"commentCount":0,"publisher":{"@id":"https:\/\/www.salvemsabadia.com\/#organization"},"image":{"@id":"https:\/\/www.salvemsabadia.com\/sa-punta-des-moli-ultim-reducte-de-la-badia-de-antany\/#primaryimage"},"thumbnailUrl":"https:\/\/www.salvemsabadia.com\/wp-content\/uploads\/2020\/10\/DSC_1304.jpg","articleSection":["Destacado","Patrimonio"],"inLanguage":"es","potentialAction":[{"@type":"CommentAction","name":"Comment","target":["https:\/\/www.salvemsabadia.com\/sa-punta-des-moli-ultim-reducte-de-la-badia-de-antany\/#respond"]}]},{"@type":"WebPage","@id":"https:\/\/www.salvemsabadia.com\/sa-punta-des-moli-ultim-reducte-de-la-badia-de-antany\/","url":"https:\/\/www.salvemsabadia.com\/sa-punta-des-moli-ultim-reducte-de-la-badia-de-antany\/","name":"Sa Punta des Mol\u00ed, el \u00faltimo reducto de la bah\u00eda de anta\u00f1o - Salvem Sa Badia de Portmany","isPartOf":{"@id":"https:\/\/www.salvemsabadia.com\/#website"},"primaryImageOfPage":{"@id":"https:\/\/www.salvemsabadia.com\/sa-punta-des-moli-ultim-reducte-de-la-badia-de-antany\/#primaryimage"},"image":{"@id":"https:\/\/www.salvemsabadia.com\/sa-punta-des-moli-ultim-reducte-de-la-badia-de-antany\/#primaryimage"},"thumbnailUrl":"https:\/\/www.salvemsabadia.com\/wp-content\/uploads\/2020\/10\/DSC_1304.jpg","datePublished":"2020-10-08T07:13:11+00:00","dateModified":"2022-08-15T08:02:37+00:00","breadcrumb":{"@id":"https:\/\/www.salvemsabadia.com\/sa-punta-des-moli-ultim-reducte-de-la-badia-de-antany\/#breadcrumb"},"inLanguage":"es","potentialAction":[{"@type":"ReadAction","target":["https:\/\/www.salvemsabadia.com\/sa-punta-des-moli-ultim-reducte-de-la-badia-de-antany\/"]}]},{"@type":"ImageObject","inLanguage":"es","@id":"https:\/\/www.salvemsabadia.com\/sa-punta-des-moli-ultim-reducte-de-la-badia-de-antany\/#primaryimage","url":"https:\/\/www.salvemsabadia.com\/wp-content\/uploads\/2020\/10\/DSC_1304.jpg","contentUrl":"https:\/\/www.salvemsabadia.com\/wp-content\/uploads\/2020\/10\/DSC_1304.jpg","width":2000,"height":1339},{"@type":"BreadcrumbList","@id":"https:\/\/www.salvemsabadia.com\/sa-punta-des-moli-ultim-reducte-de-la-badia-de-antany\/#breadcrumb","itemListElement":[{"@type":"ListItem","position":1,"name":"Portada","item":"https:\/\/www.salvemsabadia.com\/es\/"},{"@type":"ListItem","position":2,"name":"Sa Punta des Mol\u00ed, el \u00faltimo reducto de la bah\u00eda de anta\u00f1o"}]},{"@type":"WebSite","@id":"https:\/\/www.salvemsabadia.com\/#website","url":"https:\/\/www.salvemsabadia.com\/","name":"Salvem Sa Badia de Portmany","description":"","publisher":{"@id":"https:\/\/www.salvemsabadia.com\/#organization"},"potentialAction":[{"@type":"SearchAction","target":{"@type":"EntryPoint","urlTemplate":"https:\/\/www.salvemsabadia.com\/?s={search_term_string}"},"query-input":{"@type":"PropertyValueSpecification","valueRequired":true,"valueName":"search_term_string"}}],"inLanguage":"es"},{"@type":"Organization","@id":"https:\/\/www.salvemsabadia.com\/#organization","name":"Salvem Sa Badia de Portmany","url":"https:\/\/www.salvemsabadia.com\/","logo":{"@type":"ImageObject","inLanguage":"es","@id":"https:\/\/www.salvemsabadia.com\/#\/schema\/logo\/image\/","url":"https:\/\/www.salvemsabadia.com\/wp-content\/uploads\/2020\/03\/logo.png","contentUrl":"https:\/\/www.salvemsabadia.com\/wp-content\/uploads\/2020\/03\/logo.png","width":188,"height":151,"caption":"Salvem Sa Badia de Portmany"},"image":{"@id":"https:\/\/www.salvemsabadia.com\/#\/schema\/logo\/image\/"}},{"@type":"Person","@id":"https:\/\/www.salvemsabadia.com\/#\/schema\/person\/5d08c5118adcb4140d13bde4826ba122","name":"Salvem sa Badia","image":{"@type":"ImageObject","inLanguage":"es","@id":"https:\/\/www.salvemsabadia.com\/#\/schema\/person\/image\/","url":"https:\/\/secure.gravatar.com\/avatar\/d569ee5739a9c7022470ea472c9b4b9cf476e15f1be71e5242c911d673d14ad9?s=96&d=mm&r=g","contentUrl":"https:\/\/secure.gravatar.com\/avatar\/d569ee5739a9c7022470ea472c9b4b9cf476e15f1be71e5242c911d673d14ad9?s=96&d=mm&r=g","caption":"Salvem sa Badia"}}]}},"_links":{"self":[{"href":"https:\/\/www.salvemsabadia.com\/es\/wp-json\/wp\/v2\/posts\/950","targetHints":{"allow":["GET"]}}],"collection":[{"href":"https:\/\/www.salvemsabadia.com\/es\/wp-json\/wp\/v2\/posts"}],"about":[{"href":"https:\/\/www.salvemsabadia.com\/es\/wp-json\/wp\/v2\/types\/post"}],"author":[{"embeddable":true,"href":"https:\/\/www.salvemsabadia.com\/es\/wp-json\/wp\/v2\/users\/2"}],"replies":[{"embeddable":true,"href":"https:\/\/www.salvemsabadia.com\/es\/wp-json\/wp\/v2\/comments?post=950"}],"version-history":[{"count":0,"href":"https:\/\/www.salvemsabadia.com\/es\/wp-json\/wp\/v2\/posts\/950\/revisions"}],"wp:featuredmedia":[{"embeddable":true,"href":"https:\/\/www.salvemsabadia.com\/es\/wp-json\/wp\/v2\/media\/957"}],"wp:attachment":[{"href":"https:\/\/www.salvemsabadia.com\/es\/wp-json\/wp\/v2\/media?parent=950"}],"wp:term":[{"taxonomy":"category","embeddable":true,"href":"https:\/\/www.salvemsabadia.com\/es\/wp-json\/wp\/v2\/categories?post=950"},{"taxonomy":"post_tag","embeddable":true,"href":"https:\/\/www.salvemsabadia.com\/es\/wp-json\/wp\/v2\/tags?post=950"}],"curies":[{"name":"wp","href":"https:\/\/api.w.org\/{rel}","templated":true}]}}